{"id":9999,"date":"2013-03-27T22:31:31","date_gmt":"2013-03-28T04:31:31","guid":{"rendered":"http:\/\/www.lashistorias.com.mx\/?p=9999"},"modified":"2016-10-26T10:19:58","modified_gmt":"2016-10-26T15:19:58","slug":"1993-2013","status":"publish","type":"post","link":"https:\/\/www.lashistorias.com.mx\/index.php\/1993-2013\/","title":{"rendered":"1993-2013"},"content":{"rendered":"<p>La tarde del jueves pasado, el 21 de marzo, fui al local donde daba la sesi\u00f3n semanal de mi taller de narrativa: un grupo abierto que fluctuaba entre los ocho y los quince integrantes. Al llegar, los due\u00f1os me confirmaron una noticia que ya me hab\u00edan anticipado d\u00edas antes: por causas ajenas, como suele decirse, a su voluntad, el local cerrar\u00e1 por tiempo indefinido. Mi taller, al menos de momento, se acababa tambi\u00e9n.<br \/>\n&nbsp;&nbsp;&nbsp;&nbsp;&nbsp;&nbsp;Entonces me pareci\u00f3 significativo porque el jueves pasado, si no me equivoco, cumpl\u00ed veinte a\u00f1os de dar talleres.<\/p>\n<p><a ref=\"magnificPopup\" href=\"https:\/\/www.lashistorias.com.mx\/wp-content\/uploads\/2013\/03\/IMG_1957.jpg\"><img loading=\"lazy\" decoding=\"async\" data-attachment-id=\"10004\" data-permalink=\"https:\/\/www.lashistorias.com.mx\/index.php\/1993-2013\/img_1957\/\" data-orig-file=\"https:\/\/www.lashistorias.com.mx\/wp-content\/uploads\/2013\/03\/IMG_1957.jpg\" data-orig-size=\"1936,2592\" data-comments-opened=\"1\" data-image-meta=\"{&quot;aperture&quot;:&quot;0&quot;,&quot;credit&quot;:&quot;&quot;,&quot;camera&quot;:&quot;&quot;,&quot;caption&quot;:&quot;&quot;,&quot;created_timestamp&quot;:&quot;0&quot;,&quot;copyright&quot;:&quot;&quot;,&quot;focal_length&quot;:&quot;0&quot;,&quot;iso&quot;:&quot;0&quot;,&quot;shutter_speed&quot;:&quot;0&quot;,&quot;title&quot;:&quot;&quot;}\" data-image-title=\"Una anotaci\u00f3n de taller\" data-image-description=\"\" data-image-caption=\"\" data-large-file=\"https:\/\/www.lashistorias.com.mx\/wp-content\/uploads\/2013\/03\/IMG_1957-764x1024.jpg\" src=\"https:\/\/www.lashistorias.com.mx\/wp-content\/uploads\/2013\/03\/IMG_1957-224x300.jpg\" alt=\"Una anotaci\u00f3n de taller\" width=\"224\" height=\"300\" class=\"aligncenter size-medium wp-image-10004\" srcset=\"https:\/\/www.lashistorias.com.mx\/wp-content\/uploads\/2013\/03\/IMG_1957-224x300.jpg 224w, https:\/\/www.lashistorias.com.mx\/wp-content\/uploads\/2013\/03\/IMG_1957-764x1024.jpg 764w, https:\/\/www.lashistorias.com.mx\/wp-content\/uploads\/2013\/03\/IMG_1957.jpg 1936w\" sizes=\"auto, (max-width: 224px) 100vw, 224px\" \/><\/a><\/p>\n<div align=center>* * *<\/div>\n<p>Los talleres literarios son una actividad extra\u00f1a en M\u00e9xico. El oficio pertenece a la porci\u00f3n m\u00e1s enrarecida del <em>sector servicios<\/em>, ese que tiene que ver con las mercanc\u00edas intangibles, y dentro del sector est\u00e1 en alg\u00fan punto impreciso que no se deja situar: seg\u00fan quien mire, puede quedar en el terreno del ocio, en el de la educaci\u00f3n o tal vez en el de la cultura, que como categor\u00eda (ya se sabe) da dolores de cabeza a muchas personas por su inutilidad aparente y su dificultad clar\u00edsima: porque no les parece m\u00e1s que un s\u00edmbolo de estatus, y de hecho uno rancio y equ\u00edvoco.<br \/>\n&nbsp;&nbsp;&nbsp;&nbsp;&nbsp;&nbsp;Para colmo, la tradici\u00f3n de los talleres, que es larga y diversa, est\u00e1 muy mal documentada en este pa\u00eds: la figura de Juan Jos\u00e9 Arreola, a cuyo taller acudieron muchos autores que despu\u00e9s fueron famosos, se percibe como la de un gran iniciador, pero no hay mucha conciencia ni aprecio de sus continuadores. Los m\u00e1s c\u00e9lebres (y son invisibles m\u00e1s all\u00e1 del peque\u00f1\u00edsimo grupo de los aspirantes a escritor, igual que el mismo Arreola) son escritores de mucho prestigio, como Daniel Sada o Rafael Ram\u00edrez Heredia, que apartaban un poco del tiempo que podr\u00edan haber empleado en escribir para leer y comentar los trabajos de otros. Nunca se habla de los centenares o tal vez miles de personas que se dedican principalmente a ense\u00f1ar a escribir, una disciplina que exige una serie amplia de conocimientos y habilidades pedag\u00f3gicas pero no necesariamente grandes logros literarios. Por pura estad\u00edstica debe haber en M\u00e9xico un John Gardner: alguien sin mucho lustre como autor pero capaz de ense\u00f1ar la \u201cescritura creativa\u201d de modo magistral, pero no sabemos qui\u00e9n es.<br \/>\n&nbsp;&nbsp;&nbsp;&nbsp;&nbsp;&nbsp;Y del mismo modo, tampoco sabemos todos los usos, ni las consecuencias, que puede tener semejante ense\u00f1anza. Los escritores profesionales (o los que, por lo menos, llegan a tener cierto prestigio como tales, sea por altas ventas o por tener el aprecio de las \u00e9lites literarias) suelen desde\u00f1ar los talleres incluso si se formaron en alguno de ellos, pues de este modo su talento individual se destaca m\u00e1s. A la vez, otros colegas \u2013casi siempre menos afortunados, dedicados a subsistir en estratos m\u00e1s bajos de la rar\u00edsima \u201cRep\u00fablica de las Letras\u201d mexicana\u2013 desprecian la idea misma del taller por considerar castrante cualquier juicio sobre su trabajo, inadecuada o indigna cualquier opini\u00f3n ajena, o m\u00e1s deseable el aura rom\u00e1ntica \u2013bohemia del siglo pasado, o del antepasado\u2013 que todav\u00eda tiene la escritura en solitario (\u201cAprende de la vida\u201d, \u201cEscribe con el coraz\u00f3n\u201d, \u201c\u00bfTe imaginas a Bukowski en un taller?\u201d y otros lugares comunes).<\/p>\n<p><a ref=\"magnificPopup\" href=\"https:\/\/www.lashistorias.com.mx\/wp-content\/uploads\/2013\/03\/IMG_2017.jpg\"><img loading=\"lazy\" decoding=\"async\" data-attachment-id=\"10005\" data-permalink=\"https:\/\/www.lashistorias.com.mx\/index.php\/1993-2013\/img_2017\/\" data-orig-file=\"https:\/\/www.lashistorias.com.mx\/wp-content\/uploads\/2013\/03\/IMG_2017.jpg\" data-orig-size=\"2592,1936\" data-comments-opened=\"1\" data-image-meta=\"{&quot;aperture&quot;:&quot;0&quot;,&quot;credit&quot;:&quot;&quot;,&quot;camera&quot;:&quot;&quot;,&quot;caption&quot;:&quot;&quot;,&quot;created_timestamp&quot;:&quot;0&quot;,&quot;copyright&quot;:&quot;&quot;,&quot;focal_length&quot;:&quot;0&quot;,&quot;iso&quot;:&quot;0&quot;,&quot;shutter_speed&quot;:&quot;0&quot;,&quot;title&quot;:&quot;&quot;}\" data-image-title=\"Celebraci\u00f3n\" data-image-description=\"\" data-image-caption=\"\" data-large-file=\"https:\/\/www.lashistorias.com.mx\/wp-content\/uploads\/2013\/03\/IMG_2017-1024x764.jpg\" src=\"https:\/\/www.lashistorias.com.mx\/wp-content\/uploads\/2013\/03\/IMG_2017-300x224.jpg\" alt=\"Celebraci\u00f3n\" width=\"300\" height=\"224\" class=\"aligncenter size-medium wp-image-10005\" srcset=\"https:\/\/www.lashistorias.com.mx\/wp-content\/uploads\/2013\/03\/IMG_2017-300x224.jpg 300w, https:\/\/www.lashistorias.com.mx\/wp-content\/uploads\/2013\/03\/IMG_2017-1024x764.jpg 1024w\" sizes=\"auto, (max-width: 300px) 100vw, 300px\" \/><\/a><\/p>\n<div align=center>* * *<\/div>\n<p>Y sin embargo la gente sigue buscando talleres y sigue habiendo quienes, bien o mal, intentan (intentamos) darles lo que buscan. En 1993 yo comenc\u00e9, en realidad, sin saber lo que hac\u00eda, s\u00f3lo por llenar el hueco que hab\u00eda quedado al renunciar el tallerista con quien yo mismo trabajaba. Ese primer taller era peque\u00f1o y exist\u00eda en condiciones desventajosas (se llevaba a cabo en instalaciones del Tecnol\u00f3gico de Monterrey en Toluca, que entonces no era un sitio propicio para nada que oliera a literatura), y qui\u00e9n sabe qu\u00e9 cosas recomend\u00e9, qu\u00e9 caminos suger\u00ed. Luego, cuando me mud\u00e9 a la ciudad de M\u00e9xico, segu\u00ed trabajando en esto meramente para sobrevivir: querer escribir a pesar de todo, sin deber nada a nadie, y adem\u00e1s desde la posici\u00f3n de un advenedizo a quien nadie conoc\u00eda, era estar estancado en una situaci\u00f3n laboral sin muchas otras salidas, y por a\u00f1os el dar talleres fue mi modo de llevar una existencia literaria, azarosa, aunque m\u00e1s humilde que la del clich\u00e9: pegaba carteles hechos a mano en casetas de tel\u00e9fono o en tableros del Metro (cuando nadie me ve\u00eda, porque no ten\u00eda permiso); daba clases donde se pod\u00eda; abr\u00eda el taller a los textos que hubiera disponibles; pas\u00e9 por sitios hospitalarios y por conflictos graves o rid\u00edculos. Creo que aprend\u00ed: que aprend\u00ed, de hecho, a leer desde abajo, de otro modo, y tambi\u00e9n a meterme en el terreno peligroso de las relaciones humanas donde chocan el ego y la inseguridad de quien escribe. Y hasta <a href=\"https:\/\/www.lashistorias.com.mx\/index.php\/archivo\/como-empezar-a-escribir-historias\/\">he podido escribir<\/a> sobre esos hallazgos. As\u00ed que, al menos en ese aspecto, no han sido veinte a\u00f1os tan malos.<\/p>\n<div align=center>* * *<\/div>\n<p>El jueves pasado, luego del aviso y de la \u00faltima sesi\u00f3n normal de mi taller, mi esposa me recogi\u00f3 en su auto. Fuimos a casa y en el camino discutimos qu\u00e9 hacer. Hablamos primero de cerrar el taller, por un tiempo o definitivamente. Ella pensaba en los muchos a\u00f1os y yo, con algo de amargura, en una curiosa sensaci\u00f3n (descubrimientos aparte) de inmovilidad. Dar talleres no es la mejor manera de \u201cprogresar\u201d en una cultura literaria microsc\u00f3pica, clasista, obsesionada con las apariencias.<br \/>\n&nbsp;&nbsp;&nbsp;&nbsp;&nbsp;&nbsp;Y al final decidimos que buscar\u00edamos otra sede, como en ocasiones anteriores. Ya la encontramos. Y hoy, \u00faltima sesi\u00f3n proyectada del taller en el espacio que ten\u00edamos, le\u00edmos y luego celebramos. La terquedad es tambi\u00e9n algo que se aprende.<\/p>\n<p><a ref=\"magnificPopup\" href=\"https:\/\/www.lashistorias.com.mx\/wp-content\/uploads\/2013\/03\/IMG_2020.jpg\"><img loading=\"lazy\" decoding=\"async\" data-attachment-id=\"10007\" data-permalink=\"https:\/\/www.lashistorias.com.mx\/index.php\/1993-2013\/img_2020\/\" data-orig-file=\"https:\/\/www.lashistorias.com.mx\/wp-content\/uploads\/2013\/03\/IMG_2020.jpg\" data-orig-size=\"2592,1936\" data-comments-opened=\"1\" data-image-meta=\"{&quot;aperture&quot;:&quot;0&quot;,&quot;credit&quot;:&quot;&quot;,&quot;camera&quot;:&quot;&quot;,&quot;caption&quot;:&quot;&quot;,&quot;created_timestamp&quot;:&quot;0&quot;,&quot;copyright&quot;:&quot;&quot;,&quot;focal_length&quot;:&quot;0&quot;,&quot;iso&quot;:&quot;0&quot;,&quot;shutter_speed&quot;:&quot;0&quot;,&quot;title&quot;:&quot;&quot;}\" data-image-title=\"IMG_2020\" data-image-description=\"\" data-image-caption=\"\" data-large-file=\"https:\/\/www.lashistorias.com.mx\/wp-content\/uploads\/2013\/03\/IMG_2020-1024x764.jpg\" src=\"https:\/\/www.lashistorias.com.mx\/wp-content\/uploads\/2013\/03\/IMG_2020-300x224.jpg\" alt=\"IMG_2020\" width=\"300\" height=\"224\" class=\"aligncenter size-medium wp-image-10007\" srcset=\"https:\/\/www.lashistorias.com.mx\/wp-content\/uploads\/2013\/03\/IMG_2020-300x224.jpg 300w, https:\/\/www.lashistorias.com.mx\/wp-content\/uploads\/2013\/03\/IMG_2020-1024x764.jpg 1024w\" sizes=\"auto, (max-width: 300px) 100vw, 300px\" \/><\/a><\/p>\n","protected":false},"excerpt":{"rendered":"<p>La tarde del jueves pasado, el 21 de marzo, fui al local donde daba la sesi\u00f3n semanal de mi taller de narrativa: un grupo abierto que fluctuaba entre los ocho y los quince integrantes. Al llegar, los due\u00f1os me confirmaron una noticia que ya me hab\u00edan anticipado d\u00edas antes: por causas ajenas, como suele decirse,&#8230;<\/p>\n","protected":false},"author":1,"featured_media":10007,"comment_status":"open","ping_status":"open","sticky":false,"template":"","format":"standard","meta":{"advanced_seo_description":"","jetpack_seo_html_title":"","jetpack_seo_noindex":false,"jetpack_post_was_ever_published":false,"_jetpack_newsletter_access":"","_jetpack_dont_email_post_to_subs":true,"_jetpack_newsletter_tier_id":0,"_jetpack_memberships_contains_paywalled_content":false,"_jetpack_memberships_contains_paid_content":false,"footnotes":"","jetpack_publicize_message":"En Las Historias, una an\u00e9cdota de la vida real: 20 a\u00f1os de dar talleres. http:\/\/wp.me\/pjEhq-2Bh","jetpack_publicize_feature_enabled":true,"jetpack_social_post_already_shared":true,"jetpack_social_options":{"image_generator_settings":{"template":"highway","default_image_id":0,"font":"","enabled":false},"version":2}},"categories":[1520],"tags":[68,2866,22,178,1300,205,2855,10,816,516],"class_list":["post-9999","post","type-post","status-publish","format-standard","has-post-thumbnail","hentry","category-cuaderno","tag-autobiografia","tag-cuaderno","tag-cuento","tag-ensenanza-de-la-literatura","tag-escritura-creativa","tag-escritura-y-vida","tag-literatura","tag-novela","tag-taller-integral-de-cuento","tag-talleres-literarios"],"jetpack_publicize_connections":[],"jetpack_featured_media_url":"https:\/\/www.lashistorias.com.mx\/wp-content\/uploads\/2013\/03\/IMG_2020.jpg","jetpack_shortlink":"https:\/\/wp.me\/pjEhq-2Bh","jetpack_sharing_enabled":true,"_links":{"self":[{"href":"https:\/\/www.lashistorias.com.mx\/index.php\/wp-json\/wp\/v2\/posts\/9999","targetHints":{"allow":["GET"]}}],"collection":[{"href":"https:\/\/www.lashistorias.com.mx\/index.php\/wp-json\/wp\/v2\/posts"}],"about":[{"href":"https:\/\/www.lashistorias.com.mx\/index.php\/wp-json\/wp\/v2\/types\/post"}],"author":[{"embeddable":true,"href":"https:\/\/www.lashistorias.com.mx\/index.php\/wp-json\/wp\/v2\/users\/1"}],"replies":[{"embeddable":true,"href":"https:\/\/www.lashistorias.com.mx\/index.php\/wp-json\/wp\/v2\/comments?post=9999"}],"version-history":[{"count":7,"href":"https:\/\/www.lashistorias.com.mx\/index.php\/wp-json\/wp\/v2\/posts\/9999\/revisions"}],"predecessor-version":[{"id":10010,"href":"https:\/\/www.lashistorias.com.mx\/index.php\/wp-json\/wp\/v2\/posts\/9999\/revisions\/10010"}],"wp:featuredmedia":[{"embeddable":true,"href":"https:\/\/www.lashistorias.com.mx\/index.php\/wp-json\/wp\/v2\/media\/10007"}],"wp:attachment":[{"href":"https:\/\/www.lashistorias.com.mx\/index.php\/wp-json\/wp\/v2\/media?parent=9999"}],"wp:term":[{"taxonomy":"category","embeddable":true,"href":"https:\/\/www.lashistorias.com.mx\/index.php\/wp-json\/wp\/v2\/categories?post=9999"},{"taxonomy":"post_tag","embeddable":true,"href":"https:\/\/www.lashistorias.com.mx\/index.php\/wp-json\/wp\/v2\/tags?post=9999"}],"curies":[{"name":"wp","href":"https:\/\/api.w.org\/{rel}","templated":true}]}}