{"id":9945,"date":"2013-02-26T12:26:23","date_gmt":"2013-02-26T18:26:23","guid":{"rendered":"http:\/\/www.lashistorias.com.mx\/?p=9945"},"modified":"2025-03-14T21:54:46","modified_gmt":"2025-03-15T03:54:46","slug":"invitacion-y-convocatoria-queremostantoaray","status":"publish","type":"post","link":"https:\/\/www.lashistorias.com.mx\/index.php\/invitacion-y-convocatoria-queremostantoaray\/","title":{"rendered":"Invitaci\u00f3n y convocatoria: #QueremosTantoARay"},"content":{"rendered":"<p>El s\u00e1bado 2 de marzo, a las 14:00 horas, en el auditorio Sotero Prieto de la Feria del Libro del Palacio de Miner\u00eda (Tacuba 5, Centro, ciudad de M\u00e9xico), haremos una mesa redonda en homenaje a <a href=\"http:\/\/es.wikipedia.org\/wiki\/Ray_Bradbury\">Ray Bradbury<\/a>, titulada \u00abQueremos tanto a Ray\u00bb. Gabriela Dami\u00e1n, Bernardo Fern\u00e1ndez Bef, Jos\u00e9 Luis Z\u00e1rate y yo hablaremos de ese gran autor, fallecido el a\u00f1o pasado, y de las muchas historias de \u00e9l que siguen entre nosotros. Pero queremos invitarlos no s\u00f3lo a que nos acompa\u00f1en, sino a que participen en ese homenaje incluso si no pueden ir f\u00edsicamente.<\/p>\n<p>Los invitamos a enviarnos sus comentarios, sus preguntas, sus opiniones y, de hecho, todo lo que deseen acerca del autor de <em>Cr\u00f3nicas marcianas<\/em> y <em>Fahrenheit<\/em> <em>451<\/em>. Pueden usar la secci\u00f3n de comentarios de esta nota, publicar en Twitter usando la etiqueta (hashtag) #QueremosTantoARay, o bien escribir en los comentarios de <a href=\"http:\/\/www.facebook.com\/photo.php?fbid=579811425364144&amp;set=a.282041355141154.81623.281860881825868&amp;type=1&amp;theater\">esta foto de Facebook<\/a>.\u00a0Adem\u00e1s de las preguntas y comentarios (de las que seleccionaremos algunos para el homenaje en vivo), queremos hacer un archivo sobre Ray Bradbury similar al que se public\u00f3 <a href=\"https:\/\/www.lashistorias.com.mx\/index.php\/poe-2009\/\">en este mismo sitio<\/a>, hace unos a\u00f1os, sobre Edgar Allan Poe. Para lograr esto buscamos a) textos de\/sobre Bradbury en espa\u00f1ol; b) historias largas o breves inspiradas en Bradbury; c) video, audio e ilustraci\u00f3n; d) curiosidades. Todo lo acopiaremos aqu\u00ed mismo con el debido cr\u00e9dito a quienes contribuyan.<\/p>\n<p>Agradecemos de antemano su atenci\u00f3n y ojal\u00e1 se animen a participar con nosotros en celebrar la obra del \u00abT\u00edo Ray\u00bb.<\/p>\n<p><a ref=\"magnificPopup\" href=\"https:\/\/www.lashistorias.com.mx\/wp-content\/uploads\/2013\/02\/Ray-Bradbury-800x533.jpg\"><img loading=\"lazy\" decoding=\"async\" data-attachment-id=\"9946\" data-permalink=\"https:\/\/www.lashistorias.com.mx\/index.php\/invitacion-y-convocatoria-queremostantoaray\/ray-bradbury-800x533\/\" data-orig-file=\"https:\/\/www.lashistorias.com.mx\/wp-content\/uploads\/2013\/02\/Ray-Bradbury-800x533.jpg\" data-orig-size=\"800,533\" data-comments-opened=\"1\" data-image-meta=\"{&quot;aperture&quot;:&quot;0&quot;,&quot;credit&quot;:&quot;&quot;,&quot;camera&quot;:&quot;&quot;,&quot;caption&quot;:&quot;&quot;,&quot;created_timestamp&quot;:&quot;0&quot;,&quot;copyright&quot;:&quot;&quot;,&quot;focal_length&quot;:&quot;0&quot;,&quot;iso&quot;:&quot;0&quot;,&quot;shutter_speed&quot;:&quot;0&quot;,&quot;title&quot;:&quot;&quot;}\" data-image-title=\"Ray Bradbury\" data-image-description=\"\" data-image-caption=\"\" data-large-file=\"https:\/\/www.lashistorias.com.mx\/wp-content\/uploads\/2013\/02\/Ray-Bradbury-800x533.jpg\" class=\"aligncenter size-full wp-image-9946\" src=\"https:\/\/www.lashistorias.com.mx\/wp-content\/uploads\/2013\/02\/Ray-Bradbury-800x533.jpg\" alt=\"Ray Bradbury\" width=\"800\" height=\"533\" srcset=\"https:\/\/www.lashistorias.com.mx\/wp-content\/uploads\/2013\/02\/Ray-Bradbury-800x533.jpg 800w, https:\/\/www.lashistorias.com.mx\/wp-content\/uploads\/2013\/02\/Ray-Bradbury-800x533-300x199.jpg 300w\" sizes=\"auto, (max-width: 800px) 100vw, 800px\" \/><\/a><\/p>\n","protected":false},"excerpt":{"rendered":"<p>El s\u00e1bado 2 de marzo, a las 14:00 horas, en el auditorio Sotero Prieto de la Feria del Libro del Palacio de Miner\u00eda (Tacuba 5, Centro, ciudad de M\u00e9xico), haremos una mesa redonda en homenaje a Ray Bradbury, titulada \u00abQueremos tanto a Ray\u00bb. Gabriela Dami\u00e1n, Bernardo Fern\u00e1ndez Bef, Jos\u00e9 Luis Z\u00e1rate y yo hablaremos de&#8230;<\/p>\n","protected":false},"author":1,"featured_media":9946,"comment_status":"open","ping_status":"open","sticky":false,"template":"","format":"standard","meta":{"advanced_seo_description":"","jetpack_seo_html_title":"","jetpack_seo_noindex":false,"jetpack_post_was_ever_published":false,"_jetpack_newsletter_access":"","_jetpack_dont_email_post_to_subs":true,"_jetpack_newsletter_tier_id":0,"_jetpack_memberships_contains_paywalled_content":false,"_jetpack_memberships_contains_paid_content":false,"footnotes":"","jetpack_publicize_message":"Invitaci\u00f3n y convocatoria: #QueremosTantoARay. http:\/\/wp.me\/pjEhq-2Ap","jetpack_publicize_feature_enabled":true,"jetpack_social_post_already_shared":true,"jetpack_social_options":{"image_generator_settings":{"template":"highway","default_image_id":0,"font":"","enabled":false},"version":2}},"categories":[3],"tags":[21,194,1264,2855,914,463],"class_list":["post-9945","post","type-post","status-publish","format-standard","has-post-thumbnail","hentry","category-lo-nuevo","tag-convocatorias","tag-escritores-estadounidenses","tag-homenajes","tag-literatura","tag-poe2009","tag-ray-bradbury"],"jetpack_publicize_connections":[],"jetpack_featured_media_url":"https:\/\/www.lashistorias.com.mx\/wp-content\/uploads\/2013\/02\/Ray-Bradbury-800x533.jpg","jetpack_shortlink":"https:\/\/wp.me\/pjEhq-2Ap","jetpack_sharing_enabled":true,"_links":{"self":[{"href":"https:\/\/www.lashistorias.com.mx\/index.php\/wp-json\/wp\/v2\/posts\/9945","targetHints":{"allow":["GET"]}}],"collection":[{"href":"https:\/\/www.lashistorias.com.mx\/index.php\/wp-json\/wp\/v2\/posts"}],"about":[{"href":"https:\/\/www.lashistorias.com.mx\/index.php\/wp-json\/wp\/v2\/types\/post"}],"author":[{"embeddable":true,"href":"https:\/\/www.lashistorias.com.mx\/index.php\/wp-json\/wp\/v2\/users\/1"}],"replies":[{"embeddable":true,"href":"https:\/\/www.lashistorias.com.mx\/index.php\/wp-json\/wp\/v2\/comments?post=9945"}],"version-history":[{"count":7,"href":"https:\/\/www.lashistorias.com.mx\/index.php\/wp-json\/wp\/v2\/posts\/9945\/revisions"}],"predecessor-version":[{"id":16673,"href":"https:\/\/www.lashistorias.com.mx\/index.php\/wp-json\/wp\/v2\/posts\/9945\/revisions\/16673"}],"wp:featuredmedia":[{"embeddable":true,"href":"https:\/\/www.lashistorias.com.mx\/index.php\/wp-json\/wp\/v2\/media\/9946"}],"wp:attachment":[{"href":"https:\/\/www.lashistorias.com.mx\/index.php\/wp-json\/wp\/v2\/media?parent=9945"}],"wp:term":[{"taxonomy":"category","embeddable":true,"href":"https:\/\/www.lashistorias.com.mx\/index.php\/wp-json\/wp\/v2\/categories?post=9945"},{"taxonomy":"post_tag","embeddable":true,"href":"https:\/\/www.lashistorias.com.mx\/index.php\/wp-json\/wp\/v2\/tags?post=9945"}],"curies":[{"name":"wp","href":"https:\/\/api.w.org\/{rel}","templated":true}]}}