{"id":9831,"date":"2013-01-14T15:00:36","date_gmt":"2013-01-14T21:00:36","guid":{"rendered":"http:\/\/www.lashistorias.com.mx\/?p=9831"},"modified":"2016-10-26T10:20:07","modified_gmt":"2016-10-26T15:20:07","slug":"la-torre-y-el-jardin-en-el-palacio-de-bellas-artes","status":"publish","type":"post","link":"https:\/\/www.lashistorias.com.mx\/index.php\/la-torre-y-el-jardin-en-el-palacio-de-bellas-artes\/","title":{"rendered":"<em>La torre y el jard\u00edn<\/em> en el Palacio de Bellas Artes (actualizada)"},"content":{"rendered":"<p>Los invito: este domingo 20 de enero, a las 12:00 del d\u00eda, mi novela\u00a0<a href=\"https:\/\/www.lashistorias.com.mx\/index.php\/archivo\/la-torre-y-el-jardin\/\"><em>La torre y el jard\u00edn<\/em><\/a> se presentar\u00e1 en el Palacio de Bellas Artes de la ciudad de M\u00e9xico.<\/p>\n<p>La presentaci\u00f3n ser\u00e1 en la Sala Manuel M. Ponce del Palacio (que est\u00e1 en Ju\u00e1rez y Eje Central, en el Centro Hist\u00f3rico de la ciudad, cerca de la estaci\u00f3n del Metro Bellas Artes). El libro ser\u00e1 comentado por Julio Pat\u00e1n y Bernardo Fern\u00e1ndez Bef, y moderar\u00e1 la presentaci\u00f3n el editor del libro, Mart\u00edn Solares. Habr\u00e1 ejemplares a la venta y la entrada ser\u00e1 gratuita.<\/p>\n<p>Me dar\u00e1 mucho gusto verlos por all\u00e1, si se animan. \u00bfMe acompa\u00f1an a celebrar? Ojal\u00e1. Hasta ahora, este libro que tanto tiempo cost\u00f3 est\u00e1 teniendo muy <a href=\"http:\/\/www.elboomeran.com\/blog-post\/117\/13116\/edmundo-paz-soldan\/alberto-chimal-el-explorador\/\">buena<\/a> <a href=\"http:\/\/ladobe.com.mx\/2013\/01\/mis-lecturas-mexicanas-2012\/#torre\">fortuna<\/a>, y me siento muy agradecido por ello.<\/p>\n<p>(Por cierto: hay una <a href=\"http:\/\/www.facebook.com\/events\/360895550674424\/\">p\u00e1gina del evento en Facebook<\/a> desde la que la invitaci\u00f3n se puede reenviar, si les interesa.)<\/p>\n[fusion_builder_container hundred_percent=\u00bbyes\u00bb overflow=\u00bbvisible\u00bb][fusion_builder_row][fusion_builder_column type=\u00bb1_1&#8243; background_position=\u00bbleft top\u00bb background_color=\u00bb\u00bb border_size=\u00bb\u00bb border_color=\u00bb\u00bb border_style=\u00bbsolid\u00bb spacing=\u00bbyes\u00bb background_image=\u00bb\u00bb background_repeat=\u00bbno-repeat\u00bb padding=\u00bb\u00bb margin_top=\u00bb0px\u00bb margin_bottom=\u00bb0px\u00bb class=\u00bb\u00bb id=\u00bb\u00bb animation_type=\u00bb\u00bb animation_speed=\u00bb0.3&#8243; animation_direction=\u00bbleft\u00bb hide_on_mobile=\u00bbno\u00bb center_content=\u00bbno\u00bb min_height=\u00bbnone\u00bb]<figure id=\"attachment_9832\" aria-describedby=\"caption-attachment-9832\" style=\"width: 250px\" class=\"wp-caption aligncenter\"><a ref=\"magnificPopup\" href=\"https:\/\/www.lashistorias.com.mx\/wp-content\/uploads\/2013\/01\/la-torre-y-el-jardin.jpg\"><img loading=\"lazy\" decoding=\"async\" data-attachment-id=\"9832\" data-permalink=\"https:\/\/www.lashistorias.com.mx\/index.php\/la-torre-y-el-jardin-en-el-palacio-de-bellas-artes\/la-torre-y-el-jardin-invitacion\/\" data-orig-file=\"https:\/\/www.lashistorias.com.mx\/wp-content\/uploads\/2013\/01\/la-torre-y-el-jardin.jpg\" data-orig-size=\"1513,1813\" data-comments-opened=\"1\" data-image-meta=\"{&quot;aperture&quot;:&quot;0&quot;,&quot;credit&quot;:&quot;&quot;,&quot;camera&quot;:&quot;&quot;,&quot;caption&quot;:&quot;&quot;,&quot;created_timestamp&quot;:&quot;0&quot;,&quot;copyright&quot;:&quot;&quot;,&quot;focal_length&quot;:&quot;0&quot;,&quot;iso&quot;:&quot;0&quot;,&quot;shutter_speed&quot;:&quot;0&quot;,&quot;title&quot;:&quot;la torre y el jardin invitacion&quot;}\" data-image-title=\"(clic para ampliar)\" data-image-description=\"\" data-image-caption=\"\" data-large-file=\"https:\/\/www.lashistorias.com.mx\/wp-content\/uploads\/2013\/01\/la-torre-y-el-jardin-854x1024.jpg\" class=\"size-medium wp-image-9832\" title=\"Invitaci\u00f3n\" alt=\"(clic para ampliar)\" src=\"https:\/\/www.lashistorias.com.mx\/wp-content\/uploads\/2013\/01\/la-torre-y-el-jardin-250x300.jpg\" width=\"250\" height=\"300\" srcset=\"https:\/\/www.lashistorias.com.mx\/wp-content\/uploads\/2013\/01\/la-torre-y-el-jardin-250x300.jpg 250w, https:\/\/www.lashistorias.com.mx\/wp-content\/uploads\/2013\/01\/la-torre-y-el-jardin-854x1024.jpg 854w, https:\/\/www.lashistorias.com.mx\/wp-content\/uploads\/2013\/01\/la-torre-y-el-jardin.jpg 1513w\" sizes=\"auto, (max-width: 250px) 100vw, 250px\" \/><\/a><figcaption id=\"caption-attachment-9832\" class=\"wp-caption-text\">(clic para ampliar)<\/figcaption><\/figure>\n<div align=center>* * *<\/div>\n<p>Actualizaci\u00f3n del 22\/1\/2013: he aqu\u00ed un recuento de la presentaci\u00f3n compilado a partir de tuits y otras notas publicadas en el momento en el Palacio de Bellas Artes.<\/p>\n<p><script src=\"\/\/storify.com\/albertochimal\/presentacion-de-la-torre-y-el-jardin-en-la-ciudad.js\"><\/script><noscript>[\/fusion_builder_column][fusion_builder_column type=\u00bb1_1&#8243; background_position=\u00bbleft top\u00bb background_color=\u00bb\u00bb border_size=\u00bb\u00bb border_color=\u00bb\u00bb border_style=\u00bbsolid\u00bb spacing=\u00bbyes\u00bb background_image=\u00bb\u00bb background_repeat=\u00bbno-repeat\u00bb padding=\u00bb\u00bb margin_top=\u00bb0px\u00bb margin_bottom=\u00bb0px\u00bb class=\u00bb\u00bb id=\u00bb\u00bb animation_type=\u00bb\u00bb animation_speed=\u00bb0.3&#8243; animation_direction=\u00bbleft\u00bb hide_on_mobile=\u00bbno\u00bb center_content=\u00bbno\u00bb min_height=\u00bbnone\u00bb][<a href=\"\/\/storify.com\/albertochimal\/presentacion-de-la-torre-y-el-jardin-en-la-ciudad\" target=\"_blank\">View the story \u00abPresentaci\u00f3n de \\\u00bbLa torre y el jard\u00edn\\\u00bb en la ciudad de M\u00e9xico\u00bb on Storify<\/a>]<\/noscript>[\/fusion_builder_column][\/fusion_builder_row][\/fusion_builder_container]\n","protected":false},"excerpt":{"rendered":"<p>Los invito: este domingo 20 de enero, a las 12:00 del d\u00eda, mi novela\u00a0La torre y el jard\u00edn se presentar\u00e1 en el Palacio de Bellas Artes de la ciudad de M\u00e9xico. La presentaci\u00f3n ser\u00e1 en la Sala Manuel M. Ponce del Palacio (que est\u00e1 en Ju\u00e1rez y Eje Central, en el Centro Hist\u00f3rico de la&#8230;<\/p>\n","protected":false},"author":1,"featured_media":9832,"comment_status":"open","ping_status":"open","sticky":false,"template":"","format":"standard","meta":{"advanced_seo_description":"","jetpack_seo_html_title":"","jetpack_seo_noindex":false,"jetpack_post_was_ever_published":false,"_jetpack_newsletter_access":"","_jetpack_dont_email_post_to_subs":true,"_jetpack_newsletter_tier_id":0,"_jetpack_memberships_contains_paywalled_content":false,"_jetpack_memberships_contains_paid_content":false,"footnotes":"","jetpack_publicize_message":"","jetpack_publicize_feature_enabled":true,"jetpack_social_post_already_shared":true,"jetpack_social_options":{"image_generator_settings":{"template":"highway","default_image_id":0,"font":"","enabled":false},"version":2}},"categories":[3],"tags":[1781,1751,2544,2855,382,2511,10,2545,939,12,1767],"class_list":["post-9831","post","type-post","status-publish","format-standard","has-post-thumbnail","hentry","category-lo-nuevo","tag-bernardo-fernandez-bef","tag-julio-patan","tag-la-torre-y-el-jardin","tag-literatura","tag-martin-solares","tag-noticias","tag-novela","tag-oceano","tag-palacio-de-bellas-artes","tag-presentaciones","tag-sala-manuel-m-ponce"],"jetpack_publicize_connections":[],"jetpack_featured_media_url":"https:\/\/www.lashistorias.com.mx\/wp-content\/uploads\/2013\/01\/la-torre-y-el-jardin.jpg","jetpack_shortlink":"https:\/\/wp.me\/pjEhq-2yz","jetpack_sharing_enabled":true,"_links":{"self":[{"href":"https:\/\/www.lashistorias.com.mx\/index.php\/wp-json\/wp\/v2\/posts\/9831","targetHints":{"allow":["GET"]}}],"collection":[{"href":"https:\/\/www.lashistorias.com.mx\/index.php\/wp-json\/wp\/v2\/posts"}],"about":[{"href":"https:\/\/www.lashistorias.com.mx\/index.php\/wp-json\/wp\/v2\/types\/post"}],"author":[{"embeddable":true,"href":"https:\/\/www.lashistorias.com.mx\/index.php\/wp-json\/wp\/v2\/users\/1"}],"replies":[{"embeddable":true,"href":"https:\/\/www.lashistorias.com.mx\/index.php\/wp-json\/wp\/v2\/comments?post=9831"}],"version-history":[{"count":7,"href":"https:\/\/www.lashistorias.com.mx\/index.php\/wp-json\/wp\/v2\/posts\/9831\/revisions"}],"predecessor-version":[{"id":12595,"href":"https:\/\/www.lashistorias.com.mx\/index.php\/wp-json\/wp\/v2\/posts\/9831\/revisions\/12595"}],"wp:featuredmedia":[{"embeddable":true,"href":"https:\/\/www.lashistorias.com.mx\/index.php\/wp-json\/wp\/v2\/media\/9832"}],"wp:attachment":[{"href":"https:\/\/www.lashistorias.com.mx\/index.php\/wp-json\/wp\/v2\/media?parent=9831"}],"wp:term":[{"taxonomy":"category","embeddable":true,"href":"https:\/\/www.lashistorias.com.mx\/index.php\/wp-json\/wp\/v2\/categories?post=9831"},{"taxonomy":"post_tag","embeddable":true,"href":"https:\/\/www.lashistorias.com.mx\/index.php\/wp-json\/wp\/v2\/tags?post=9831"}],"curies":[{"name":"wp","href":"https:\/\/api.w.org\/{rel}","templated":true}]}}