{"id":9582,"date":"2012-08-13T12:35:51","date_gmt":"2012-08-13T17:35:51","guid":{"rendered":"http:\/\/www.lashistorias.com.mx\/?p=9582"},"modified":"2016-10-26T10:20:24","modified_gmt":"2016-10-26T15:20:24","slug":"coloquio-nuevas-narrativas-mexicanas","status":"publish","type":"post","link":"https:\/\/www.lashistorias.com.mx\/index.php\/coloquio-nuevas-narrativas-mexicanas\/","title":{"rendered":"Coloquio: Nuevas Narrativas Mexicanas"},"content":{"rendered":"<p>Una invitaci\u00f3n: del 15 al 17 de este mes (es decir, desde pasado ma\u00f1ana) se celebrar\u00e1 el Segundo Coloquio Internacional \u00abNuevas Narrativas Mexicanas: desde la Diversidad\u00bb en el Tecnol\u00f3gico de Monterrey, campus <a href=\"http:\/\/www.itesm.edu\/wps\/wcm\/connect\/Campus\/CCM\/Ciudad+de+Mexico\/\">Ciudad de M\u00e9xico<\/a>, que lo organiza en colaboraci\u00f3n con la Universit\u00e9 de Lausanne (Suiza). En este coloquio, especialistas de diversas universidades del mundo discutir\u00e1n tendencias como la literatura de la violencia y obras de autores como Mario Bellatin, Guadalupe Nettel o Carlos Vel\u00e1zquez. Adem\u00e1s, habr\u00e1 una charla con dos autores (Armando Vega Gil y Gerardo Pi\u00f1a)\u00a0 y yo tendr\u00e9 el gusto de dar (el viernes a las 16:00 horas) la conferencia de clausura. Su t\u00edtulo ser\u00e1 <em>La m\u00fasica de lo que pasa<\/em> y tendr\u00e1 que ver con escritura, internet y varias otras cuestiones.<\/p>\n<p>En<a href=\"https:\/\/www.lashistorias.com.mx\/wp-content\/uploads\/2012\/08\/Programa-NNM_CCM.pdf\"> este archivo PDF<\/a> est\u00e1 el programa completo del Coloquio, que se celebrar\u00e1, dentro del campus, en la\u00a0Sala de Pr\u00e1cticas Judiciales, situada en el edificio de Aulas III, primer piso. Agradezco enormemente a Cristina Mondrag\u00f3n por la invitaci\u00f3n a participar.<\/p>\n<p><a ref=\"magnificPopup\" href=\"https:\/\/www.lashistorias.com.mx\/wp-content\/uploads\/2012\/08\/coloquio.jpg\"><img loading=\"lazy\" decoding=\"async\" data-attachment-id=\"9584\" data-permalink=\"https:\/\/www.lashistorias.com.mx\/index.php\/coloquio-nuevas-narrativas-mexicanas\/coloquio\/\" data-orig-file=\"https:\/\/www.lashistorias.com.mx\/wp-content\/uploads\/2012\/08\/coloquio.jpg\" data-orig-size=\"450,388\" data-comments-opened=\"1\" data-image-meta=\"{&quot;aperture&quot;:&quot;0&quot;,&quot;credit&quot;:&quot;&quot;,&quot;camera&quot;:&quot;&quot;,&quot;caption&quot;:&quot;&quot;,&quot;created_timestamp&quot;:&quot;0&quot;,&quot;copyright&quot;:&quot;&quot;,&quot;focal_length&quot;:&quot;0&quot;,&quot;iso&quot;:&quot;0&quot;,&quot;shutter_speed&quot;:&quot;0&quot;,&quot;title&quot;:&quot;&quot;}\" data-image-title=\"Coloquio Nuevas Narrativas Mexicanas\" data-image-description=\"\" data-image-caption=\"\" data-large-file=\"https:\/\/www.lashistorias.com.mx\/wp-content\/uploads\/2012\/08\/coloquio.jpg\" class=\"aligncenter size-full wp-image-9584\" title=\"Coloquio Nuevas Narrativas Mexicanas\" src=\"https:\/\/www.lashistorias.com.mx\/wp-content\/uploads\/2012\/08\/coloquio.jpg\" alt=\"\" width=\"450\" height=\"388\" srcset=\"https:\/\/www.lashistorias.com.mx\/wp-content\/uploads\/2012\/08\/coloquio.jpg 450w, https:\/\/www.lashistorias.com.mx\/wp-content\/uploads\/2012\/08\/coloquio-300x258.jpg 300w\" sizes=\"auto, (max-width: 450px) 100vw, 450px\" \/><\/a><\/p>\n","protected":false},"excerpt":{"rendered":"<p>Una invitaci\u00f3n: del 15 al 17 de este mes (es decir, desde pasado ma\u00f1ana) se celebrar\u00e1 el Segundo Coloquio Internacional \u00abNuevas Narrativas Mexicanas: desde la Diversidad\u00bb en el Tecnol\u00f3gico de Monterrey, campus Ciudad de M\u00e9xico, que lo organiza en colaboraci\u00f3n con la Universit\u00e9 de Lausanne (Suiza). En este coloquio, especialistas de diversas universidades del mundo&#8230;<\/p>\n","protected":false},"author":1,"featured_media":9584,"comment_status":"open","ping_status":"open","sticky":false,"template":"","format":"standard","meta":{"advanced_seo_description":"","jetpack_seo_html_title":"","jetpack_seo_noindex":false,"jetpack_post_was_ever_published":false,"_jetpack_newsletter_access":"","_jetpack_dont_email_post_to_subs":true,"_jetpack_newsletter_tier_id":0,"_jetpack_memberships_contains_paywalled_content":false,"_jetpack_memberships_contains_paid_content":false,"footnotes":"","jetpack_publicize_message":"","jetpack_publicize_feature_enabled":true,"jetpack_social_post_already_shared":false,"jetpack_social_options":{"image_generator_settings":{"template":"highway","default_image_id":0,"font":"","enabled":false},"version":2}},"categories":[1520,3],"tags":[2520,1448,1118,2523,115,2521,681,2524,2525,2855,379,2522,12],"class_list":["post-9582","post","type-post","status-publish","format-standard","has-post-thumbnail","hentry","category-cuaderno","category-lo-nuevo","tag-armando-vega-gil","tag-carlos-velazquez","tag-congresos","tag-cristina-mondragon","tag-critica-literaria","tag-gerardo-pina","tag-guadalupe-nettel","tag-itesm-ciudad-de-mexico","tag-la-musica-de-lo-que-pasa","tag-literatura","tag-mario-bellatin","tag-nuevas-narrativas-mexicanas","tag-presentaciones"],"jetpack_publicize_connections":[],"jetpack_featured_media_url":"https:\/\/www.lashistorias.com.mx\/wp-content\/uploads\/2012\/08\/coloquio.jpg","jetpack_shortlink":"https:\/\/wp.me\/pjEhq-2uy","jetpack_sharing_enabled":true,"_links":{"self":[{"href":"https:\/\/www.lashistorias.com.mx\/index.php\/wp-json\/wp\/v2\/posts\/9582","targetHints":{"allow":["GET"]}}],"collection":[{"href":"https:\/\/www.lashistorias.com.mx\/index.php\/wp-json\/wp\/v2\/posts"}],"about":[{"href":"https:\/\/www.lashistorias.com.mx\/index.php\/wp-json\/wp\/v2\/types\/post"}],"author":[{"embeddable":true,"href":"https:\/\/www.lashistorias.com.mx\/index.php\/wp-json\/wp\/v2\/users\/1"}],"replies":[{"embeddable":true,"href":"https:\/\/www.lashistorias.com.mx\/index.php\/wp-json\/wp\/v2\/comments?post=9582"}],"version-history":[{"count":4,"href":"https:\/\/www.lashistorias.com.mx\/index.php\/wp-json\/wp\/v2\/posts\/9582\/revisions"}],"predecessor-version":[{"id":12618,"href":"https:\/\/www.lashistorias.com.mx\/index.php\/wp-json\/wp\/v2\/posts\/9582\/revisions\/12618"}],"wp:featuredmedia":[{"embeddable":true,"href":"https:\/\/www.lashistorias.com.mx\/index.php\/wp-json\/wp\/v2\/media\/9584"}],"wp:attachment":[{"href":"https:\/\/www.lashistorias.com.mx\/index.php\/wp-json\/wp\/v2\/media?parent=9582"}],"wp:term":[{"taxonomy":"category","embeddable":true,"href":"https:\/\/www.lashistorias.com.mx\/index.php\/wp-json\/wp\/v2\/categories?post=9582"},{"taxonomy":"post_tag","embeddable":true,"href":"https:\/\/www.lashistorias.com.mx\/index.php\/wp-json\/wp\/v2\/tags?post=9582"}],"curies":[{"name":"wp","href":"https:\/\/api.w.org\/{rel}","templated":true}]}}