{"id":9432,"date":"2012-07-09T15:22:08","date_gmt":"2012-07-09T20:22:08","guid":{"rendered":"http:\/\/www.lashistorias.com.mx\/?p=9432"},"modified":"2016-10-26T10:20:25","modified_gmt":"2016-10-26T15:20:25","slug":"el-ultimo-explorador-visita-la-ciudad-de-mexico","status":"publish","type":"post","link":"https:\/\/www.lashistorias.com.mx\/index.php\/el-ultimo-explorador-visita-la-ciudad-de-mexico\/","title":{"rendered":"El \u00faltimo explorador visita la ciudad de M\u00e9xico"},"content":{"rendered":"<p>Los invito: este jueves 19 de julio, a las 7:00 de la noche, Horacio Kustos aterriza (o se materializa) en la ciudad de M\u00e9xico. Mi libro <em>El \u00faltimo explorador<\/em>, publicado apenas por el Fondo de Cultura Econ\u00f3mica, se presentar\u00e1 en el Museo del Estanquillo, con comentarios de Jos\u00e9 Gordon y una lectura a cargo de la actriz Luz Aranda. El museo se encuentra en el Centro Hist\u00f3rico, en Isabel La Cat\u00f3lica #26, casi esquina con Madero. La entrada ser\u00e1 libre.<\/p>\n<p><a href=\"http:\/\/twitter.com\/hkustos\">Horacio Kustos<\/a> es un personaje raro: un <a href=\"http:\/\/kustos.tumblr.com\">explorador<\/a> en un mundo (el nuestro) que ya est\u00e1 todo cartografiado, y que de todas maneras sigue descubriendo lugares, personajes y sucesos extra\u00f1os. Pueden ver m\u00e1s sobre \u00e9l en <a href=\"https:\/\/www.lashistorias.com.mx\/index.php\/archivo\/el-ultimo-explorador\/\">este enlace<\/a> y leer algunas de sus historias <a href=\"http:\/\/www.fondodeculturaeconomica.com\/subdirectorios_site\/libros_electronicos\/desde_la_imprenta\/013408R\/index.html\">aqu\u00ed<\/a> y <a href=\"http:\/\/www.flurb.net\/11\/11chimal_spn.htm\">aqu\u00ed<\/a>. Tambi\u00e9n est\u00e1 este otro adelanto: un fotocuento animado (es un poco m\u00e1s raro que una pel\u00edcula) a partir de \u00abNos\u00bb, otra de sus aventuras.<\/p>\n<p><iframe loading=\"lazy\" width=\"560\" height=\"315\" src=\"http:\/\/www.youtube.com\/embed\/QU0E4B1p95A?rel=0\" frameborder=\"0\" allowfullscreen><\/iframe><\/p>\n<p>Kustos, quien est\u00e1 por venir todav\u00eda en m\u00e1s historias, puede ofrecer algo de lo mejor que he escrito hasta ahora. Ojal\u00e1 se animen a conocerlo.<\/p>\n[fusion_builder_container hundred_percent=\u00bbyes\u00bb overflow=\u00bbvisible\u00bb][fusion_builder_row][fusion_builder_column type=\u00bb1_1&#8243; background_position=\u00bbleft top\u00bb background_color=\u00bb\u00bb border_size=\u00bb\u00bb border_color=\u00bb\u00bb border_style=\u00bbsolid\u00bb spacing=\u00bbyes\u00bb background_image=\u00bb\u00bb background_repeat=\u00bbno-repeat\u00bb padding=\u00bb\u00bb margin_top=\u00bb0px\u00bb margin_bottom=\u00bb0px\u00bb class=\u00bb\u00bb id=\u00bb\u00bb animation_type=\u00bb\u00bb animation_speed=\u00bb0.3&#8243; animation_direction=\u00bbleft\u00bb hide_on_mobile=\u00bbno\u00bb center_content=\u00bbno\u00bb min_height=\u00bbnone\u00bb]<figure id=\"attachment_9433\" aria-describedby=\"caption-attachment-9433\" style=\"width: 171px\" class=\"wp-caption aligncenter\"><a ref=\"magnificPopup\" href=\"https:\/\/www.lashistorias.com.mx\/wp-content\/uploads\/2012\/07\/Banner-electronico.jpg\"><img loading=\"lazy\" decoding=\"async\" data-attachment-id=\"9433\" data-permalink=\"https:\/\/www.lashistorias.com.mx\/index.php\/el-ultimo-explorador-visita-la-ciudad-de-mexico\/banner-electronico\/\" data-orig-file=\"https:\/\/www.lashistorias.com.mx\/wp-content\/uploads\/2012\/07\/Banner-electronico.jpg\" data-orig-size=\"800,1400\" data-comments-opened=\"1\" data-image-meta=\"{&quot;aperture&quot;:&quot;0&quot;,&quot;credit&quot;:&quot;&quot;,&quot;camera&quot;:&quot;&quot;,&quot;caption&quot;:&quot;&quot;,&quot;created_timestamp&quot;:&quot;0&quot;,&quot;copyright&quot;:&quot;&quot;,&quot;focal_length&quot;:&quot;0&quot;,&quot;iso&quot;:&quot;0&quot;,&quot;shutter_speed&quot;:&quot;0&quot;,&quot;title&quot;:&quot;&quot;}\" data-image-title=\"El \u00faltimo explorador en el Museo del Estanquillo\" data-image-description=\"\" data-image-caption=\"&lt;p&gt;(clic para ampliar)&lt;\/p&gt;\n\" data-large-file=\"https:\/\/www.lashistorias.com.mx\/wp-content\/uploads\/2012\/07\/Banner-electronico-585x1024.jpg\" src=\"https:\/\/www.lashistorias.com.mx\/wp-content\/uploads\/2012\/07\/Banner-electronico-171x300.jpg\" alt=\"\" title=\"El \u00faltimo explorador en el Museo del Estanquillo\" width=\"171\" height=\"300\" class=\"size-medium wp-image-9433\" srcset=\"https:\/\/www.lashistorias.com.mx\/wp-content\/uploads\/2012\/07\/Banner-electronico-171x300.jpg 171w, https:\/\/www.lashistorias.com.mx\/wp-content\/uploads\/2012\/07\/Banner-electronico-585x1024.jpg 585w, https:\/\/www.lashistorias.com.mx\/wp-content\/uploads\/2012\/07\/Banner-electronico.jpg 800w\" sizes=\"auto, (max-width: 171px) 100vw, 171px\" \/><\/a><figcaption id=\"caption-attachment-9433\" class=\"wp-caption-text\">(clic para ampliar)<\/figcaption><\/figure>[\/fusion_builder_column][\/fusion_builder_row][\/fusion_builder_container]\n","protected":false},"excerpt":{"rendered":"<p>Los invito: este jueves 19 de julio, a las 7:00 de la noche, Horacio Kustos aterriza (o se materializa) en la ciudad de M\u00e9xico. Mi libro El \u00faltimo explorador, publicado apenas por el Fondo de Cultura Econ\u00f3mica, se presentar\u00e1 en el Museo del Estanquillo, con comentarios de Jos\u00e9 Gordon y una lectura a cargo de&#8230;<\/p>\n","protected":false},"author":1,"featured_media":9433,"comment_status":"open","ping_status":"open","sticky":false,"template":"","format":"standard","meta":{"advanced_seo_description":"","jetpack_seo_html_title":"","jetpack_seo_noindex":false,"jetpack_post_was_ever_published":false,"_jetpack_newsletter_access":"","_jetpack_dont_email_post_to_subs":true,"_jetpack_newsletter_tier_id":0,"_jetpack_memberships_contains_paywalled_content":false,"_jetpack_memberships_contains_paid_content":false,"footnotes":"","jetpack_publicize_message":"","jetpack_publicize_feature_enabled":true,"jetpack_social_post_already_shared":false,"jetpack_social_options":{"image_generator_settings":{"template":"highway","default_image_id":0,"font":"","enabled":false},"version":2}},"categories":[1520,3],"tags":[22,2498,233,1997,1456,2855,2510,2014,2511,12],"class_list":["post-9432","post","type-post","status-publish","format-standard","has-post-thumbnail","hentry","category-cuaderno","category-lo-nuevo","tag-cuento","tag-el-ultimo-explorador","tag-fondo-de-cultura-economica","tag-horacio-kustos","tag-jose-gordon","tag-literatura","tag-luz-aranda","tag-museo-del-estanquillo","tag-noticias","tag-presentaciones"],"jetpack_publicize_connections":[],"jetpack_featured_media_url":"https:\/\/www.lashistorias.com.mx\/wp-content\/uploads\/2012\/07\/Banner-electronico.jpg","jetpack_shortlink":"https:\/\/wp.me\/pjEhq-2s8","jetpack_sharing_enabled":true,"_links":{"self":[{"href":"https:\/\/www.lashistorias.com.mx\/index.php\/wp-json\/wp\/v2\/posts\/9432","targetHints":{"allow":["GET"]}}],"collection":[{"href":"https:\/\/www.lashistorias.com.mx\/index.php\/wp-json\/wp\/v2\/posts"}],"about":[{"href":"https:\/\/www.lashistorias.com.mx\/index.php\/wp-json\/wp\/v2\/types\/post"}],"author":[{"embeddable":true,"href":"https:\/\/www.lashistorias.com.mx\/index.php\/wp-json\/wp\/v2\/users\/1"}],"replies":[{"embeddable":true,"href":"https:\/\/www.lashistorias.com.mx\/index.php\/wp-json\/wp\/v2\/comments?post=9432"}],"version-history":[{"count":3,"href":"https:\/\/www.lashistorias.com.mx\/index.php\/wp-json\/wp\/v2\/posts\/9432\/revisions"}],"predecessor-version":[{"id":12625,"href":"https:\/\/www.lashistorias.com.mx\/index.php\/wp-json\/wp\/v2\/posts\/9432\/revisions\/12625"}],"wp:featuredmedia":[{"embeddable":true,"href":"https:\/\/www.lashistorias.com.mx\/index.php\/wp-json\/wp\/v2\/media\/9433"}],"wp:attachment":[{"href":"https:\/\/www.lashistorias.com.mx\/index.php\/wp-json\/wp\/v2\/media?parent=9432"}],"wp:term":[{"taxonomy":"category","embeddable":true,"href":"https:\/\/www.lashistorias.com.mx\/index.php\/wp-json\/wp\/v2\/categories?post=9432"},{"taxonomy":"post_tag","embeddable":true,"href":"https:\/\/www.lashistorias.com.mx\/index.php\/wp-json\/wp\/v2\/tags?post=9432"}],"curies":[{"name":"wp","href":"https:\/\/api.w.org\/{rel}","templated":true}]}}