{"id":9369,"date":"2012-06-25T11:39:44","date_gmt":"2012-06-25T16:39:44","guid":{"rendered":"http:\/\/www.lashistorias.com.mx\/?p=9369"},"modified":"2017-07-19T14:59:04","modified_gmt":"2017-07-19T19:59:04","slug":"poder-e-historias","status":"publish","type":"post","link":"https:\/\/www.lashistorias.com.mx\/index.php\/poder-e-historias\/","title":{"rendered":"Poder e historias"},"content":{"rendered":"<p>Este mes me he retrasado en publicar un cuento en esta bit\u00e1cora debido a la cercan\u00eda de las elecciones presidenciales en M\u00e9xico. Sigo creyendo que lo publicado en un sitio como \u00e9ste puede apostar a ser le\u00eddo <em>despu\u00e9s<\/em> del d\u00eda de su publicaci\u00f3n, pero tambi\u00e9n quer\u00eda marcar las fechas de alg\u00fan modo. Y no quer\u00eda hacer como muchas personas que han escrito (varios muy bien, varios de acuerdo con <a href=\"http:\/\/yosoy132cultura.wordpress.com\/2012\/06\/05\/a-todos-los-estudiantes-del-movimiento-yo-soy-132\/\">c\u00f3mo pienso<\/a>, y varios consiguiendo ambas cosas a la vez) sobre sus intenciones de voto.<\/p>\n<p>Pensaba que una historia pod\u00eda bastar: un cuento, como los que aparecen aqu\u00ed cada mes. La palabra <em>cuento<\/em> sigue teniendo, en los tiempos presentes, las mismas connotaciones negativas de \u00abmentira\u00bb y \u00abenga\u00f1o\u00bb (como se ve en el remate de <a href=\"http:\/\/blogjesussilvaherzogm.typepad.com\/el_blog_de_jess_silva_her\/2012\/06\/la-soberan%C3%ADa-del-n%C3%BAmero.html\">este art\u00edculo<\/a>, por dem\u00e1s excelente, de Jes\u00fas Silva-Herzog M\u00e1rquez), pero las herramientas humildes de una historia breve (o relato corto, o como se quiera llamarle) pueden bastar para fijar una imagen del mundo: una postura ante las cosas.<\/p>\n<p>Hay, incluso, obras que lo consiguen de modo m\u00e1s permanente al resultar menos obvias, menos una declaraci\u00f3n enf\u00e1tica sobre un contexto y un lugar precisos. As\u00ed sucede (por dar un solo ejemplo) en este cuadro famoso: <em>Los embajadores<\/em> (1533) de Hans Holbein.<\/p>\n<figure id=\"attachment_9376\" aria-describedby=\"caption-attachment-9376\" style=\"width: 300px\" class=\"wp-caption aligncenter\"><a ref=\"magnificPopup\" href=\"https:\/\/www.lashistorias.com.mx\/wp-content\/uploads\/2012\/06\/Holbein-ambassadors.jpg\"><img loading=\"lazy\" decoding=\"async\" data-attachment-id=\"9376\" data-permalink=\"https:\/\/www.lashistorias.com.mx\/index.php\/poder-e-historias\/holbein-ambassadors\/\" data-orig-file=\"https:\/\/www.lashistorias.com.mx\/wp-content\/uploads\/2012\/06\/Holbein-ambassadors.jpg\" data-orig-size=\"1084,1069\" data-comments-opened=\"1\" data-image-meta=\"{&quot;aperture&quot;:&quot;0&quot;,&quot;credit&quot;:&quot;&quot;,&quot;camera&quot;:&quot;&quot;,&quot;caption&quot;:&quot;&quot;,&quot;created_timestamp&quot;:&quot;0&quot;,&quot;copyright&quot;:&quot;&quot;,&quot;focal_length&quot;:&quot;0&quot;,&quot;iso&quot;:&quot;0&quot;,&quot;shutter_speed&quot;:&quot;0&quot;,&quot;title&quot;:&quot;&quot;}\" data-image-title=\"Holbein-ambassadors\" data-image-description=\"\" data-image-caption=\"\" data-large-file=\"https:\/\/www.lashistorias.com.mx\/wp-content\/uploads\/2012\/06\/Holbein-ambassadors-1024x1009.jpg\" class=\"wp-image-9376 size-medium\" title=\"Holbein-ambassadors\" src=\"https:\/\/www.lashistorias.com.mx\/wp-content\/uploads\/2012\/06\/Holbein-ambassadors-300x295.jpg\" alt=\"\" width=\"300\" height=\"295\" srcset=\"https:\/\/www.lashistorias.com.mx\/wp-content\/uploads\/2012\/06\/Holbein-ambassadors-300x295.jpg 300w, https:\/\/www.lashistorias.com.mx\/wp-content\/uploads\/2012\/06\/Holbein-ambassadors-1024x1009.jpg 1024w, https:\/\/www.lashistorias.com.mx\/wp-content\/uploads\/2012\/06\/Holbein-ambassadors.jpg 1084w\" sizes=\"auto, (max-width: 300px) 100vw, 300px\" \/><\/a><figcaption id=\"caption-attachment-9376\" class=\"wp-caption-text\"><em>(Pista: en esta imagen arrogante de poder y autoridad se esconde la muerte.)<\/em><\/figcaption><\/figure>\n<p>Pensando en lo anterior me puse a buscar&#8230; y no pude hallar ning\u00fan cuento que me satisficiera entre decenas que revis\u00e9 y que se refer\u00edan de alg\u00fan modo a la pol\u00edtica y el poder. Descart\u00e9 los militantes, incluyendo aquellos con los que simpatizo; descart\u00e9 tambi\u00e9n los de muchos contempor\u00e1neos, que utilizan la iron\u00eda para describir un estado de cosas que luego se cuestiona en un tono moralista pero al final se acepta c\u00ednicamente (\u00e9ste debe ser otro subg\u00e9nero central de la narrativa mexicana actual).<\/p>\n<p>Luego tuve una conversaci\u00f3n curiosa por Twitter: alguien a quien no conozco, pero que parec\u00eda al menos simpatizante del movimiento <a href=\"http:\/\/en.wikipedia.org\/wiki\/Yo_Soy_132\">#YoSoy132<\/a>, me dijo que ve\u00eda un antes y un despu\u00e9s en la literatura mexicana a partir de las marchas organizadas por ese movimiento. Esto me dej\u00f3 muy intrigado: mi interlocutor(a) sigui\u00f3 diciendo que los j\u00f3venes querr\u00edan ahora algo nuevo, algo hecho por ellos mismos, menos interesado en la ficci\u00f3n o el estilo (en el \u00abarte por el arte\u00bb) y m\u00e1s en la observaci\u00f3n y el an\u00e1lisis de la realidad. Una literatura m\u00e1s informada y m\u00e1s pertinente. Varias de estas ideas me recordaron <a href=\"http:\/\/www.letraslibres.com\/hemeroteca\/edicion-mexico\/realidad-mata-ficcion\">discusiones que tienen lugar desde hace tiempo<\/a>; los dos estuvimos de acuerdo en que, en todo caso, las obras que renovar\u00edan la literatura nacional desde el movimiento estudiantil de 2012 estaban a\u00fan por escribirse.<\/p>\n<p>(Realmente desear\u00eda que se escribieran, por cierto: el entusiasmo de esa persona que habl\u00f3 conmigo me alegr\u00f3 enormemente, y en M\u00e9xico casi no hay grandes obras literarias escritas alrededor o cerca o a partir de movimientos sociales: hay grandes testimonios, pero \u00e9stos son algo distinto. Tal vez lo que har\u00eda falta, pienso ahora, ser\u00eda que esos nuevos escritores por venir abandonaran definitivamente el mal h\u00e1bito &#8211;heredado por lo dem\u00e1s del largo r\u00e9gimen pri\u00edsta del siglo XX, y que todav\u00eda se practica y se ense\u00f1a&#8211; de la escritura exclusivamente como medio:\u00a0 para subir en el escalaf\u00f3n, para agradar a los superiores, para golpear a los adversarios, pero no para encontrar lectores.)<\/p>\n<p>Finalmente opt\u00e9 por un cuento que trata el tema del poder en un escenario intemporal: lejos de hoy y de cualquier otro momento. Aparecer\u00e1 aqu\u00ed mismo hoy por la tarde (<a href=\"https:\/\/www.lashistorias.com.mx\/index.php\/archivo\/acerca-de-ciudades\/\">aqu\u00ed est\u00e1<\/a>); en \u00e9l est\u00e1 tambi\u00e9n, de todos modos, mucho de lo que creo, y tambi\u00e9n una convicci\u00f3n que puede parecer ilusa pero est\u00e1 consignada desde la antig\u00fcedad (como apunt\u00f3 recientemente <a href=\"https:\/\/www.lashistorias.com.mx\/index.php\/archivo\/el-idioma-del-paraiso\/\">Ver\u00f3nica Murgu\u00eda<\/a>) en muchas de las grandes historias: la de que es posible sobrevivir, siquiera como comunidad o como especie, a las grandes cat\u00e1strofes. Incluyendo a las que trae el poder.<\/p>\n<p style=\"text-align: center;\">***<\/p>\n<p><em>Nota del 2 de julio<\/em>. M\u00e1s sobre <em>Los embajadores<\/em> de Holbein y el secreto que guarda se puede ver en <a href=\"http:\/\/www.youtube.com\/watch?v=yvIdcF6485w\">este documental<\/a>. Al final <a href=\"http:\/\/www.telecapita.org\/home\/index.php?option=com_content&amp;view=article&amp;id=229&amp;Itemid=1\">s\u00ed escrib\u00ed<\/a>, brevemente, sobre mis intenciones de voto. Y hoy lunes 2 de julio los <a href=\"http:\/\/www.sinembargo.mx\/02-07-2012\/283104\">resultados<\/a> de la elecci\u00f3n empiezan a saberse. Habr\u00e1 que esperar que nadie llegue a donde llegan los peores personajes de Gorodischer, y trabajar en consecuencia. Ah, y quiero que se escriban esas obras prometidas (y excelentes, y pertinentes) sobre todo lo que acaba de pasar: leerlas har\u00e1 falta.<\/p>\n","protected":false},"excerpt":{"rendered":"<p>Una nota al paso sobre pol\u00edtica y literatura.<\/p>\n","protected":false},"author":1,"featured_media":9376,"comment_status":"open","ping_status":"open","sticky":false,"template":"","format":"standard","meta":{"advanced_seo_description":"","jetpack_seo_html_title":"","jetpack_seo_noindex":false,"jetpack_post_was_ever_published":false,"_jetpack_newsletter_access":"","_jetpack_dont_email_post_to_subs":true,"_jetpack_newsletter_tier_id":0,"_jetpack_memberships_contains_paywalled_content":false,"_jetpack_memberships_contains_paid_content":false,"footnotes":"","jetpack_publicize_message":"","jetpack_publicize_feature_enabled":true,"jetpack_social_post_already_shared":false,"jetpack_social_options":{"image_generator_settings":{"template":"highway","default_image_id":0,"font":"","enabled":false},"version":2}},"categories":[1520],"tags":[2500,2866,22,204,3162,2501,2855,362,365,3163,11,539],"class_list":["post-9369","post","type-post","status-publish","format-standard","has-post-thumbnail","hentry","category-cuaderno","tag-yosoy132","tag-cuaderno","tag-cuento","tag-escritura-y-politica","tag-hans-holbein","tag-jesus-silva-herzog-marquez","tag-literatura","tag-literatura-mexicana","tag-literatura-y-politica","tag-los-embajadores","tag-opiniones","tag-veronica-murguia"],"jetpack_publicize_connections":[],"jetpack_featured_media_url":"https:\/\/www.lashistorias.com.mx\/wp-content\/uploads\/2012\/06\/Holbein-ambassadors.jpg","jetpack_shortlink":"https:\/\/wp.me\/pjEhq-2r7","jetpack_sharing_enabled":true,"_links":{"self":[{"href":"https:\/\/www.lashistorias.com.mx\/index.php\/wp-json\/wp\/v2\/posts\/9369","targetHints":{"allow":["GET"]}}],"collection":[{"href":"https:\/\/www.lashistorias.com.mx\/index.php\/wp-json\/wp\/v2\/posts"}],"about":[{"href":"https:\/\/www.lashistorias.com.mx\/index.php\/wp-json\/wp\/v2\/types\/post"}],"author":[{"embeddable":true,"href":"https:\/\/www.lashistorias.com.mx\/index.php\/wp-json\/wp\/v2\/users\/1"}],"replies":[{"embeddable":true,"href":"https:\/\/www.lashistorias.com.mx\/index.php\/wp-json\/wp\/v2\/comments?post=9369"}],"version-history":[{"count":17,"href":"https:\/\/www.lashistorias.com.mx\/index.php\/wp-json\/wp\/v2\/posts\/9369\/revisions"}],"predecessor-version":[{"id":13902,"href":"https:\/\/www.lashistorias.com.mx\/index.php\/wp-json\/wp\/v2\/posts\/9369\/revisions\/13902"}],"wp:featuredmedia":[{"embeddable":true,"href":"https:\/\/www.lashistorias.com.mx\/index.php\/wp-json\/wp\/v2\/media\/9376"}],"wp:attachment":[{"href":"https:\/\/www.lashistorias.com.mx\/index.php\/wp-json\/wp\/v2\/media?parent=9369"}],"wp:term":[{"taxonomy":"category","embeddable":true,"href":"https:\/\/www.lashistorias.com.mx\/index.php\/wp-json\/wp\/v2\/categories?post=9369"},{"taxonomy":"post_tag","embeddable":true,"href":"https:\/\/www.lashistorias.com.mx\/index.php\/wp-json\/wp\/v2\/tags?post=9369"}],"curies":[{"name":"wp","href":"https:\/\/api.w.org\/{rel}","templated":true}]}}