{"id":9178,"date":"2012-05-16T09:35:31","date_gmt":"2012-05-16T14:35:31","guid":{"rendered":"http:\/\/www.lashistorias.com.mx\/?p=9178"},"modified":"2024-12-29T23:22:08","modified_gmt":"2024-12-30T05:22:08","slug":"carlos-fuentes-1","status":"publish","type":"post","link":"https:\/\/www.lashistorias.com.mx\/index.php\/carlos-fuentes-1\/","title":{"rendered":"Carlos Fuentes (1)"},"content":{"rendered":"<p>Ayer muri\u00f3 Carlos Fuentes en la ciudad de M\u00e9xico. Con esa muerte, desde luego, se acaba una era: la del escritor poderoso m\u00e1s all\u00e1 de la literatura y relevante al mismo tiempo como intelectual, figura p\u00fablica y, sobre todo, <em>icono<\/em>. Desde la narrativa, y en especial desde la novela, Fuentes pas\u00f3 a convertirse en un <em>opinador<\/em> con aut\u00e9ntico peso en las opiniones del poder pol\u00edtico. Tambi\u00e9n fue una referencia ineludible de las \u00e9lites mexicanas. Tambi\u00e9n lo fue (lo ser\u00e1 todav\u00eda, por muchos a\u00f1os) de los programas educativos.<\/p>\n<p>S\u00f3lo Octavio Paz \u2013desde la poes\u00eda\u2013 pudo rivalizar con \u00e9l. Ahora Fuentes muere casi a la misma edad que ten\u00eda Paz al morir en 1998. Muchos escritores han intentado modelar sus carreras literarias a partir de las de ellos dos, pero ahora parece claro que nadie podr\u00e1 volver a hacer, nunca, lo que ellos hicieron. Ya no estamos en el siglo XX: las \u00e9lites ya no miran a la cultura como el s\u00edmbolo de estatus que fue, al poder pol\u00edtico le importan m\u00e1s los medios masivos que los intelectuales y el mercado literario global ya no tiene el inter\u00e9s que tuvo por Am\u00e9rica Latina en los a\u00f1os sesenta. M\u00e1s a\u00fan, la influencia m\u00e1s visible de Fuentes en las generaciones posteriores parece estar en el \u00abimaginario narcisista del escritor mexicano promedio\u00bb \u2013as\u00ed lo ha llamado <a href=\"http:\/\/julianherbert.megustaescribir.com\/2012\/05\/16\/mi-nombre-es-ixca-cienfuegos\/\">Juli\u00e1n Herbert<\/a>\u2013: la actitud arrogante, mamona, machina (quienes la asumen son todos hombres) y m\u00e1s bien rid\u00edcula de centenares de aspirantes a autor de \u00e9xito, vagamente basada en la imagen p\u00fablica de Carlos Fuentes.<\/p>\n<p>Hasta aqu\u00ed, la cuesti\u00f3n que falta mencionar es d\u00f3nde va a quedar la obra: cu\u00e1les de los libros de Carlos Fuentes van a ser recordados como fundamentales. No van a ser los \u00faltimos \u2013el declive de su obra tard\u00eda fue largo y da\u00f1\u00f3 su reputaci\u00f3n: las bromas cuando no ganaba el Premio Nobel se volv\u00edan m\u00e1s crueles a cada a\u00f1o que pasaba\u2013 pero muchos consideran que incluso sus t\u00edtulos m\u00e1s celebrados: <em>La regi\u00f3n m\u00e1s transparente, La muerte de Artemio Cruz, Cambio de piel<\/em>, son anacr\u00f3nicos: artefactos de cierta \u00e9poca del siglo XX. Tambi\u00e9n ayer mismo, mientras los medios recog\u00edan declaraciones, se formul\u00f3 varias veces la pregunta de cu\u00e1l podr\u00eda ser la obra cumbre de Fuentes, o incluso si realmente hab\u00eda dejado una.<\/p>\n<p>Escribir\u00e9 sobre eso en la <a href=\"https:\/\/www.lashistorias.com.mx\/index.php\/archivo\/carlos-fuentes-2\/\">segunda parte<\/a> de esta nota.<\/p>\n<p><a ref=\"magnificPopup\" href=\"https:\/\/www.lashistorias.com.mx\/wp-content\/uploads\/2012\/05\/carlos-fuentes-1964.jpg\"><img loading=\"lazy\" decoding=\"async\" data-attachment-id=\"9194\" data-permalink=\"https:\/\/www.lashistorias.com.mx\/index.php\/carlos-fuentes-1\/carlos-fuentes-1964\/\" data-orig-file=\"https:\/\/www.lashistorias.com.mx\/wp-content\/uploads\/2012\/05\/carlos-fuentes-1964.jpg\" data-orig-size=\"623,397\" data-comments-opened=\"1\" data-image-meta=\"{&quot;aperture&quot;:&quot;0&quot;,&quot;credit&quot;:&quot;&quot;,&quot;camera&quot;:&quot;&quot;,&quot;caption&quot;:&quot;&quot;,&quot;created_timestamp&quot;:&quot;0&quot;,&quot;copyright&quot;:&quot;&quot;,&quot;focal_length&quot;:&quot;0&quot;,&quot;iso&quot;:&quot;0&quot;,&quot;shutter_speed&quot;:&quot;0&quot;,&quot;title&quot;:&quot;&quot;}\" data-image-title=\"carlos-fuentes-1964\" data-image-description=\"\" data-image-caption=\"&lt;p&gt;Carlos Fuentes en 1964. Fuente: adnpolitico.com&lt;\/p&gt;\n\" data-large-file=\"https:\/\/www.lashistorias.com.mx\/wp-content\/uploads\/2012\/05\/carlos-fuentes-1964.jpg\" class=\"size-medium wp-image-9194\" title=\"carlos-fuentes-1964\" src=\"https:\/\/www.lashistorias.com.mx\/wp-content\/uploads\/2012\/05\/carlos-fuentes-1964-620x395.jpg\" alt=\"\" width=\"300\" height=\"191\" srcset=\"https:\/\/www.lashistorias.com.mx\/wp-content\/uploads\/2012\/05\/carlos-fuentes-1964-620x395.jpg 620w, https:\/\/www.lashistorias.com.mx\/wp-content\/uploads\/2012\/05\/carlos-fuentes-1964.jpg 623w\" sizes=\"auto, (max-width: 300px) 100vw, 300px\" \/><\/a><\/p>\n","protected":false},"excerpt":{"rendered":"<p>La primera de dos notas sobre el legado de Carlos Fuentes (1928-2012) luego de su fallecimiento.<\/p>\n","protected":false},"author":1,"featured_media":9194,"comment_status":"open","ping_status":"open","sticky":false,"template":"","format":"standard","meta":{"advanced_seo_description":"","jetpack_seo_html_title":"","jetpack_seo_noindex":false,"jetpack_post_was_ever_published":false,"_jetpack_newsletter_access":"","_jetpack_dont_email_post_to_subs":true,"_jetpack_newsletter_tier_id":0,"_jetpack_memberships_contains_paywalled_content":false,"_jetpack_memberships_contains_paid_content":false,"footnotes":"","jetpack_publicize_message":"","jetpack_publicize_feature_enabled":true,"jetpack_social_post_already_shared":false,"jetpack_social_options":{"image_generator_settings":{"template":"highway","default_image_id":0,"font":"","enabled":false},"version":2}},"categories":[1520],"tags":[2487,1030,2866,198,205,1409,2486,2488,345,2855,10,418,420],"class_list":["post-9178","post","type-post","status-publish","format-standard","has-post-thumbnail","hentry","category-cuaderno","tag-cambio-de-piel","tag-carlos-fuentes","tag-cuaderno","tag-escritores-mexicanos","tag-escritura-y-vida","tag-julian-herbert","tag-la-muerte-de-artemio-cruz","tag-la-region-mas-transparente","tag-la-vida-literaria","tag-literatura","tag-novela","tag-obituarios","tag-octavio-paz"],"jetpack_publicize_connections":[],"jetpack_featured_media_url":"https:\/\/www.lashistorias.com.mx\/wp-content\/uploads\/2012\/05\/carlos-fuentes-1964.jpg","jetpack_shortlink":"https:\/\/wp.me\/pjEhq-2o2","jetpack_sharing_enabled":true,"_links":{"self":[{"href":"https:\/\/www.lashistorias.com.mx\/index.php\/wp-json\/wp\/v2\/posts\/9178","targetHints":{"allow":["GET"]}}],"collection":[{"href":"https:\/\/www.lashistorias.com.mx\/index.php\/wp-json\/wp\/v2\/posts"}],"about":[{"href":"https:\/\/www.lashistorias.com.mx\/index.php\/wp-json\/wp\/v2\/types\/post"}],"author":[{"embeddable":true,"href":"https:\/\/www.lashistorias.com.mx\/index.php\/wp-json\/wp\/v2\/users\/1"}],"replies":[{"embeddable":true,"href":"https:\/\/www.lashistorias.com.mx\/index.php\/wp-json\/wp\/v2\/comments?post=9178"}],"version-history":[{"count":22,"href":"https:\/\/www.lashistorias.com.mx\/index.php\/wp-json\/wp\/v2\/posts\/9178\/revisions"}],"predecessor-version":[{"id":16556,"href":"https:\/\/www.lashistorias.com.mx\/index.php\/wp-json\/wp\/v2\/posts\/9178\/revisions\/16556"}],"wp:featuredmedia":[{"embeddable":true,"href":"https:\/\/www.lashistorias.com.mx\/index.php\/wp-json\/wp\/v2\/media\/9194"}],"wp:attachment":[{"href":"https:\/\/www.lashistorias.com.mx\/index.php\/wp-json\/wp\/v2\/media?parent=9178"}],"wp:term":[{"taxonomy":"category","embeddable":true,"href":"https:\/\/www.lashistorias.com.mx\/index.php\/wp-json\/wp\/v2\/categories?post=9178"},{"taxonomy":"post_tag","embeddable":true,"href":"https:\/\/www.lashistorias.com.mx\/index.php\/wp-json\/wp\/v2\/tags?post=9178"}],"curies":[{"name":"wp","href":"https:\/\/api.w.org\/{rel}","templated":true}]}}