{"id":9118,"date":"2012-04-05T23:20:59","date_gmt":"2012-04-06T04:20:59","guid":{"rendered":"http:\/\/www.lashistorias.com.mx\/?p=9118"},"modified":"2018-11-10T18:53:56","modified_gmt":"2018-11-11T00:53:56","slug":"los-esclavos-2","status":"publish","type":"post","link":"https:\/\/www.lashistorias.com.mx\/index.php\/los-esclavos-2\/","title":{"rendered":"Los esclavos"},"content":{"rendered":"<p><a ref=\"magnificPopup\" href=\"https:\/\/www.lashistorias.com.mx\/wp-content\/uploads\/2012\/05\/LOS-ESCLAVOS-Alberto-Chimal.jpg\"><img loading=\"lazy\" decoding=\"async\" data-attachment-id=\"9119\" data-permalink=\"https:\/\/www.lashistorias.com.mx\/index.php\/los-esclavos-2\/los-esclavos-alberto-chimal\/\" data-orig-file=\"https:\/\/www.lashistorias.com.mx\/wp-content\/uploads\/2012\/05\/LOS-ESCLAVOS-Alberto-Chimal.jpg\" data-orig-size=\"1059,1629\" data-comments-opened=\"1\" data-image-meta=\"{&quot;aperture&quot;:&quot;0&quot;,&quot;credit&quot;:&quot;&quot;,&quot;camera&quot;:&quot;&quot;,&quot;caption&quot;:&quot;&quot;,&quot;created_timestamp&quot;:&quot;0&quot;,&quot;copyright&quot;:&quot;&quot;,&quot;focal_length&quot;:&quot;0&quot;,&quot;iso&quot;:&quot;0&quot;,&quot;shutter_speed&quot;:&quot;0&quot;,&quot;title&quot;:&quot;&quot;}\" data-image-title=\"Los esclavos\" data-image-description=\"\" data-image-caption=\"\" data-large-file=\"https:\/\/www.lashistorias.com.mx\/wp-content\/uploads\/2012\/05\/LOS-ESCLAVOS-Alberto-Chimal-940x1445.jpg\" class=\"alignnone wp-image-9119 size-medium\" title=\"Los esclavos\" src=\"https:\/\/www.lashistorias.com.mx\/wp-content\/uploads\/2012\/05\/LOS-ESCLAVOS-Alberto-Chimal-620x953.jpg\" alt=\"\" width=\"195\" height=\"300\" srcset=\"https:\/\/www.lashistorias.com.mx\/wp-content\/uploads\/2012\/05\/LOS-ESCLAVOS-Alberto-Chimal-620x953.jpg 620w, https:\/\/www.lashistorias.com.mx\/wp-content\/uploads\/2012\/05\/LOS-ESCLAVOS-Alberto-Chimal-940x1445.jpg 940w, https:\/\/www.lashistorias.com.mx\/wp-content\/uploads\/2012\/05\/LOS-ESCLAVOS-Alberto-Chimal.jpg 1059w\" sizes=\"auto, (max-width: 195px) 100vw, 195px\" \/><\/a><\/p>\n<p>Novela. Oaxaca, Almad\u00eda, 2009<\/p>\n[fusion_alert type=\u00bbgeneral\u00bb accent_color=\u00bb\u00bb background_color=\u00bb\u00bb border_size=\u00bb1px\u00bb icon=\u00bb\u00bb box_shadow=\u00bbyes\u00bb animation_type=\u00bb0&#8243; animation_direction=\u00bbdown\u00bb animation_speed=\u00bb0.1&#8243; class=\u00bb\u00bb id=\u00bb\u00bb]Disponible para <a href=\"http:\/\/www.gandhi.com.mx\/-7967\">compra en l\u00ednea<\/a>[\/fusion_alert]\n<p>La primera novela de Alberto Chimal result\u00f3 desconcertante para muchas personas: despu\u00e9s de una carrera dedicada casi exclusivamente al cuento y la imaginaci\u00f3n fant\u00e1stica, <em>Los esclavos<\/em> \u2013la historia de dos parejas entregadas a relaciones extremas de poder y sumisi\u00f3n en el M\u00e9xico actual\u2013 pareci\u00f3 un quiebre violento. Sin embargo, la estructura de la novela \u2013fragmentada y con un manejo inusitado del tiempo narrativo\u2013 se parece a la de otros trabajos experimentales de su autor, y uno de sus temas centrales es el mismo de casi toda su obra: el enfrentamiento de la conciencia con el poder. Despu\u00e9s de todo, \u00e9ste es el libro de un hombre que opta libremente por la sumisi\u00f3n; un amo que se pierde en fantas\u00edas hasta que la realidad parece transformarse a su alrededor; dos mujeres sumidas en una existencia a medio camino entre la pobreza m\u00e1s abyecta y las fantas\u00edas m\u00e1s absurdas; un futuro desesperanzador y misterioso que se revela a la mitad de la historia, junto con varias verdades totalmente inesperadas&#8230;<\/p>\n<p><em>Los esclavos<\/em> representa, m\u00e1s bien, una apertura a nuevos temas y a un nuevo g\u00e9nero, que ir\u00e1 teniendo repercusiones en la obra futura del escritor.<\/p>\n<p>Carlos Vel\u00e1zquez escribi\u00f3 sobre la novela: \u00ab<em>Los esclavos<\/em>\u00a0es una de las mejores novelas mexicanas de 2009. Y para todos aquellos que se quejan de que la literatura mexicana es aburrida, aqu\u00ed est\u00e1 el primer larga duraci\u00f3n de Chimal. Un texto no exento de humor, agudo. Que permanecer\u00e1 en la memoria de los lectores como una quemadura de cigarro.\u00bb<\/p>\n<h4>Muestra en l\u00ednea<\/h4>\n<ul>\n<li><a href=\"https:\/\/www.lashistorias.com.mx\/index.php\/textos\/los-esclavos\/\">Fragmento de la novela<\/a> en Las Historias<\/li>\n<\/ul>\n<h4>Notas sobre <em>Los esclavos<\/em><\/h4>\n<ol>\n<li><a href=\"http:\/\/www.milenio.com\/cdb\/doc\/impreso\/8621528\">Rese\u00f1a de Carlos Vel\u00e1zquez<\/a><\/li>\n<li><a href=\"http:\/\/malversando.wordpress.com\/2009\/07\/01\/bogoya-y-los-esclavos-asedian-a-alberto-chimal\/\">Rese\u00f1a de Camilo Bogoya<\/a><\/li>\n<li><a href=\"http:\/\/nagarimagazine.com\/alegoria-de-mexico-carlos-gamez-perez\/\">Rese\u00f1a de Carlos G\u00e1mez P\u00e9rez<\/a><\/li>\n<\/ol>\n","protected":false},"excerpt":{"rendered":"<p>Novela. Oaxaca, Almad\u00eda, 2009<\/p>\n","protected":false},"author":2,"featured_media":9119,"comment_status":"open","ping_status":"open","sticky":false,"template":"","format":"standard","meta":{"advanced_seo_description":"","jetpack_seo_html_title":"","jetpack_seo_noindex":false,"jetpack_post_was_ever_published":false,"_jetpack_newsletter_access":"","_jetpack_dont_email_post_to_subs":true,"_jetpack_newsletter_tier_id":0,"_jetpack_memberships_contains_paywalled_content":false,"_jetpack_memberships_contains_paid_content":false,"footnotes":"","jetpack_publicize_message":"","jetpack_publicize_feature_enabled":true,"jetpack_social_post_already_shared":false,"jetpack_social_options":{"image_generator_settings":{"template":"highway","default_image_id":0,"font":"","enabled":false},"version":2}},"categories":[13],"tags":[2155,2855,1055,10],"class_list":["post-9118","post","type-post","status-publish","format-standard","has-post-thumbnail","hentry","category-publicaciones","tag-alberto-chimal","tag-literatura","tag-los-esclavos","tag-novela"],"jetpack_publicize_connections":[],"jetpack_featured_media_url":"https:\/\/www.lashistorias.com.mx\/wp-content\/uploads\/2012\/05\/LOS-ESCLAVOS-Alberto-Chimal.jpg","jetpack_shortlink":"https:\/\/wp.me\/pjEhq-2n4","jetpack_sharing_enabled":true,"_links":{"self":[{"href":"https:\/\/www.lashistorias.com.mx\/index.php\/wp-json\/wp\/v2\/posts\/9118","targetHints":{"allow":["GET"]}}],"collection":[{"href":"https:\/\/www.lashistorias.com.mx\/index.php\/wp-json\/wp\/v2\/posts"}],"about":[{"href":"https:\/\/www.lashistorias.com.mx\/index.php\/wp-json\/wp\/v2\/types\/post"}],"author":[{"embeddable":true,"href":"https:\/\/www.lashistorias.com.mx\/index.php\/wp-json\/wp\/v2\/users\/2"}],"replies":[{"embeddable":true,"href":"https:\/\/www.lashistorias.com.mx\/index.php\/wp-json\/wp\/v2\/comments?post=9118"}],"version-history":[{"count":12,"href":"https:\/\/www.lashistorias.com.mx\/index.php\/wp-json\/wp\/v2\/posts\/9118\/revisions"}],"predecessor-version":[{"id":14695,"href":"https:\/\/www.lashistorias.com.mx\/index.php\/wp-json\/wp\/v2\/posts\/9118\/revisions\/14695"}],"wp:featuredmedia":[{"embeddable":true,"href":"https:\/\/www.lashistorias.com.mx\/index.php\/wp-json\/wp\/v2\/media\/9119"}],"wp:attachment":[{"href":"https:\/\/www.lashistorias.com.mx\/index.php\/wp-json\/wp\/v2\/media?parent=9118"}],"wp:term":[{"taxonomy":"category","embeddable":true,"href":"https:\/\/www.lashistorias.com.mx\/index.php\/wp-json\/wp\/v2\/categories?post=9118"},{"taxonomy":"post_tag","embeddable":true,"href":"https:\/\/www.lashistorias.com.mx\/index.php\/wp-json\/wp\/v2\/tags?post=9118"}],"curies":[{"name":"wp","href":"https:\/\/api.w.org\/{rel}","templated":true}]}}