{"id":8805,"date":"2012-02-24T12:35:50","date_gmt":"2012-02-24T18:35:50","guid":{"rendered":"http:\/\/www.lashistorias.com.mx\/?p=8805"},"modified":"2016-10-26T10:20:40","modified_gmt":"2016-10-26T15:20:40","slug":"tres-para-la-feria-del-libro-de-mineria","status":"publish","type":"post","link":"https:\/\/www.lashistorias.com.mx\/index.php\/tres-para-la-feria-del-libro-de-mineria\/","title":{"rendered":"Tres para la Feria del Libro de Miner\u00eda"},"content":{"rendered":"<p><a ref=\"magnificPopup\" href=\"https:\/\/www.lashistorias.com.mx\/wp-content\/uploads\/2012\/02\/tecnologia.jpg\"><img loading=\"lazy\" decoding=\"async\" data-attachment-id=\"8807\" data-permalink=\"https:\/\/www.lashistorias.com.mx\/index.php\/tres-para-la-feria-del-libro-de-mineria\/tecnologia\/\" data-orig-file=\"https:\/\/www.lashistorias.com.mx\/wp-content\/uploads\/2012\/02\/tecnologia.jpg\" data-orig-size=\"540,398\" data-comments-opened=\"1\" data-image-meta=\"{&quot;aperture&quot;:&quot;0&quot;,&quot;credit&quot;:&quot;&quot;,&quot;camera&quot;:&quot;&quot;,&quot;caption&quot;:&quot;&quot;,&quot;created_timestamp&quot;:&quot;0&quot;,&quot;copyright&quot;:&quot;&quot;,&quot;focal_length&quot;:&quot;0&quot;,&quot;iso&quot;:&quot;0&quot;,&quot;shutter_speed&quot;:&quot;0&quot;,&quot;title&quot;:&quot;&quot;}\" data-image-title=\"Escritura y tecnolog\u00eda\" data-image-description=\"\" data-image-caption=\"\" data-large-file=\"https:\/\/www.lashistorias.com.mx\/wp-content\/uploads\/2012\/02\/tecnologia.jpg\" class=\"alignleft size-medium wp-image-8807\" title=\"Escritura y tecnolog\u00eda\" src=\"https:\/\/www.lashistorias.com.mx\/wp-content\/uploads\/2012\/02\/tecnologia-300x221.jpg\" alt=\"\" width=\"300\" height=\"221\" srcset=\"https:\/\/www.lashistorias.com.mx\/wp-content\/uploads\/2012\/02\/tecnologia-300x221.jpg 300w, https:\/\/www.lashistorias.com.mx\/wp-content\/uploads\/2012\/02\/tecnologia.jpg 540w\" sizes=\"auto, (max-width: 300px) 100vw, 300px\" \/><\/a>Dejo avisos e invitaciones:<\/p>\n<p>1. <a href=\"http:\/\/feria.mineria.unam.mx\/xxxiiifilpm\/index.php?option=com_content&amp;view=article&amp;id=117:sabado-25-de-febrero-2012&amp;catid=37:actividades-culturales&amp;Itemid=60\">Ma\u00f1ana s\u00e1bado<\/a> estar\u00e9 en la <a href=\"http:\/\/feria.mineria.unam.mx\/xxxiiifilpm\/\">Feria Internacional del Libro del Palacio de Miner\u00eda<\/a> en la ciudad de M\u00e9xico. A las 3:00 de la tarde, en la Galer\u00eda de Rectores del Palacio, dar\u00e9 una charla: \u00abEscritura y tecnolog\u00eda\u00bb, que retoma <a href=\"http:\/\/www.letralia.com\/260\/ensayo01.htm\">el ensayo que le\u00ed<\/a> en el Simposio Internacional del Libro Electr\u00f3nico el a\u00f1o pasado (y que ya est\u00e1 publicado en la revista <em>Tierra Adentro<\/em> y tambi\u00e9n en el portal <em>Letralia<\/em>).<\/p>\n<p>2. Una semana despu\u00e9s, el <a href=\"http:\/\/feria.mineria.unam.mx\/xxxiiifilpm\/index.php?option=com_content&amp;view=article&amp;id=124:sabado-3-de-marzo-2012&amp;catid=37:actividades-culturales&amp;Itemid=60\">s\u00e1bado 3 de marzo<\/a>, a las 5:00 de la tarde, estar\u00e9 en la presentaci\u00f3n de la antolog\u00eda <em>S\u00f3lo Cuento III<\/em>, publicada por la UNAM y compilada por Luis Felipe Lomel\u00ed. La presentaremos V\u00edctor Cabrera y yo en el Auditorio 6.<\/p>\n<p>3. El \u00faltimo aviso: ya est\u00e1 empezando la distribuci\u00f3n en forma de mi libro <em>El Viajero del Tiempo<\/em>, que se puede encontrar en la Feria: est\u00e1 en el stand 1521, de Editorial Resistencia, en la <a href=\"http:\/\/feria.mineria.unam.mx\/xxxiiifilpm\/pdf\/plano_visitantes_pa.pdf\">planta alta<\/a> del Palacio.<\/p>\n<p>El Palacio de Miner\u00eda est\u00e1 en Tacuba #5, en el Centro Hist\u00f3rico de la ciudad. Si van, all\u00e1 nos vemos, y si no pronto aparecer\u00e1n al menos un par de notas m\u00e1s aqu\u00ed mismo. Estos d\u00edas son, por lo menos, interesantes.<\/p>\n","protected":false},"excerpt":{"rendered":"<p>Dejo avisos e invitaciones: 1. Ma\u00f1ana s\u00e1bado estar\u00e9 en la Feria Internacional del Libro del Palacio de Miner\u00eda en la ciudad de M\u00e9xico. A las 3:00 de la tarde, en la Galer\u00eda de Rectores del Palacio, dar\u00e9 una charla: \u00abEscritura y tecnolog\u00eda\u00bb, que retoma el ensayo que le\u00ed en el Simposio Internacional del Libro Electr\u00f3nico&#8230;<\/p>\n","protected":false},"author":1,"featured_media":8807,"comment_status":"open","ping_status":"open","sticky":false,"template":"","format":"standard","meta":{"advanced_seo_description":"","jetpack_seo_html_title":"","jetpack_seo_noindex":false,"jetpack_post_was_ever_published":false,"_jetpack_newsletter_access":"","_jetpack_dont_email_post_to_subs":true,"_jetpack_newsletter_tier_id":0,"_jetpack_memberships_contains_paywalled_content":false,"_jetpack_memberships_contains_paid_content":false,"footnotes":"","jetpack_publicize_message":"","jetpack_publicize_feature_enabled":true,"jetpack_social_post_already_shared":false,"jetpack_social_options":{"image_generator_settings":{"template":"highway","default_image_id":0,"font":"","enabled":false},"version":2}},"categories":[1520,3],"tags":[54,1563,1771,1077,12,2445,790],"class_list":["post-8805","post","type-post","status-publish","format-standard","has-post-thumbnail","hentry","category-cuaderno","category-lo-nuevo","tag-antologias","tag-escritura-y-tecnologia","tag-feria-del-libro-del-palacio-de-mineria","tag-letralia","tag-presentaciones","tag-solo-cuento-iii","tag-tierra-adentro"],"jetpack_publicize_connections":[],"jetpack_featured_media_url":"https:\/\/www.lashistorias.com.mx\/wp-content\/uploads\/2012\/02\/tecnologia.jpg","jetpack_shortlink":"https:\/\/wp.me\/pjEhq-2i1","jetpack_sharing_enabled":true,"_links":{"self":[{"href":"https:\/\/www.lashistorias.com.mx\/index.php\/wp-json\/wp\/v2\/posts\/8805","targetHints":{"allow":["GET"]}}],"collection":[{"href":"https:\/\/www.lashistorias.com.mx\/index.php\/wp-json\/wp\/v2\/posts"}],"about":[{"href":"https:\/\/www.lashistorias.com.mx\/index.php\/wp-json\/wp\/v2\/types\/post"}],"author":[{"embeddable":true,"href":"https:\/\/www.lashistorias.com.mx\/index.php\/wp-json\/wp\/v2\/users\/1"}],"replies":[{"embeddable":true,"href":"https:\/\/www.lashistorias.com.mx\/index.php\/wp-json\/wp\/v2\/comments?post=8805"}],"version-history":[{"count":4,"href":"https:\/\/www.lashistorias.com.mx\/index.php\/wp-json\/wp\/v2\/posts\/8805\/revisions"}],"predecessor-version":[{"id":12653,"href":"https:\/\/www.lashistorias.com.mx\/index.php\/wp-json\/wp\/v2\/posts\/8805\/revisions\/12653"}],"wp:featuredmedia":[{"embeddable":true,"href":"https:\/\/www.lashistorias.com.mx\/index.php\/wp-json\/wp\/v2\/media\/8807"}],"wp:attachment":[{"href":"https:\/\/www.lashistorias.com.mx\/index.php\/wp-json\/wp\/v2\/media?parent=8805"}],"wp:term":[{"taxonomy":"category","embeddable":true,"href":"https:\/\/www.lashistorias.com.mx\/index.php\/wp-json\/wp\/v2\/categories?post=8805"},{"taxonomy":"post_tag","embeddable":true,"href":"https:\/\/www.lashistorias.com.mx\/index.php\/wp-json\/wp\/v2\/tags?post=8805"}],"curies":[{"name":"wp","href":"https:\/\/api.w.org\/{rel}","templated":true}]}}