{"id":8628,"date":"2011-12-31T23:22:00","date_gmt":"2012-01-01T05:22:00","guid":{"rendered":"http:\/\/www.lashistorias.com.mx\/?p=8628"},"modified":"2016-10-26T10:20:43","modified_gmt":"2016-10-26T15:20:43","slug":"notas-en-el-borde-del-anio","status":"publish","type":"post","link":"https:\/\/www.lashistorias.com.mx\/index.php\/notas-en-el-borde-del-anio\/","title":{"rendered":"Notas en el borde del a\u00f1o"},"content":{"rendered":"<p>Hace una par de d\u00edas propuse en Twitter esta pregunta ociosa:<\/p>\n<blockquote><p>Si pudieran traer de entre los muertos a un solo autor admirado (o autora, claro), \u00bfqui\u00e9n ser\u00eda?<\/p><\/blockquote>\n<p>Un par de decenas de personas respondieron, lo que no da tal vez para una encuesta cient\u00edfica pero s\u00ed me permite ofrecer los siguientes resultados: Proust, Chateaubriand, Baudelaire, Arist\u00f3teles, Lovecraft, Shakespeare y varios otros recibieron un voto; Roberto Bola\u00f1o y Jorge Luis Borges recibieron dos; Julio Cort\u00e1zar recibi\u00f3 23. Qu\u00e9 misteriosa personalidad la de Cort\u00e1zar (la de la idea popular de Julio Cort\u00e1zar) que sigue seduciendo. Qu\u00e9 ausentes est\u00e1n (con poqu\u00edsimas excepciones) los muertos recientes. \u00bfCu\u00e1nto tiempo deberemos estar muertos para empezar a ser a\u00f1orados por quienes no nos conocieron (si es que nos toca semejante destino)? Esto dar\u00e1 para un cuento, alg\u00fan d\u00eda.<\/p>\n<div align=center>* * *<\/div>\n<p>Como \u00abtarjeta navide\u00f1a\u00bb para el a\u00f1o 2011, publiqu\u00e9 <a href=\"https:\/\/www.lashistorias.com.mx\/index.php\/textos\/navidades-alrededor-del-mundo\/\">un breve texto<\/a>, \u00faltimo de una serie que no est\u00e1 escrita a\u00fan pero podr\u00eda llegar a estarlo.<\/p>\n<div align=center>* * *<\/div>\n<p>Y para acabar&#8230; A estas alturas preferir\u00eda no tener esperanza de nada, nunca, pero el a\u00f1o 2012 empezar\u00e1, para m\u00ed, con esto, que saldr\u00e1 de Espa\u00f1a a algunos otros pa\u00edses:<\/p>\n<div align=center><a ref=\"magnificPopup\" href=\"https:\/\/www.lashistorias.com.mx\/wp-content\/uploads\/2011\/12\/20111227-134914.jpg\"><img decoding=\"async\" src=\"https:\/\/www.lashistorias.com.mx\/wp-content\/uploads\/2011\/12\/20111227-134914.jpg\" alt=\"Portada de SIETE. Antolog\u00eda de cuentos de Alberto Chimal con pr\u00f3logo de Antonio Jim\u00e9nez Morato. Editorial Salto de P\u00e1gina\" class=\"alignnone size-full\" \/><\/a><\/p>\n<p>* * *\n<\/p><\/div>\n<p>Ma\u00f1ana aparecer\u00e1n los resultados del concurso de diciembre. Entretanto, como dec\u00edan los j\u00e1zaros, que no existieron: que la felicidad se digne aparecer. Que ocurra en el futuro por venir.<\/p>\n","protected":false},"excerpt":{"rendered":"<p>Hace una par de d\u00edas propuse en Twitter esta pregunta ociosa: Si pudieran traer de entre los muertos a un solo autor admirado (o autora, claro), \u00bfqui\u00e9n ser\u00eda? Un par de decenas de personas respondieron, lo que no da tal vez para una encuesta cient\u00edfica pero s\u00ed me permite ofrecer los siguientes resultados: Proust, Chateaubriand,&#8230;<\/p>\n","protected":false},"author":1,"featured_media":8667,"comment_status":"open","ping_status":"open","sticky":false,"template":"","format":"standard","meta":{"advanced_seo_description":"","jetpack_seo_html_title":"","jetpack_seo_noindex":false,"jetpack_post_was_ever_published":false,"_jetpack_newsletter_access":"","_jetpack_dont_email_post_to_subs":true,"_jetpack_newsletter_tier_id":0,"_jetpack_memberships_contains_paywalled_content":false,"_jetpack_memberships_contains_paid_content":false,"footnotes":"","jetpack_publicize_message":"","jetpack_publicize_feature_enabled":true,"jetpack_social_post_already_shared":false,"jetpack_social_options":{"image_generator_settings":{"template":"highway","default_image_id":0,"font":"","enabled":false},"version":2}},"categories":[1520,3],"tags":[54,2194,22,176,2409,319,1065,2855,2511,482,2408,2407,795],"class_list":["post-8628","post","type-post","status-publish","format-standard","has-post-thumbnail","hentry","category-cuaderno","category-lo-nuevo","tag-antologias","tag-antonio-jimenez-morato","tag-cuento","tag-encuestas","tag-feliz-2012","tag-jorge-luis-borges","tag-julio-cortazar","tag-literatura","tag-noticias","tag-roberto-bolano","tag-salto-de-pagina","tag-siete","tag-twitter"],"jetpack_publicize_connections":[],"jetpack_featured_media_url":"https:\/\/www.lashistorias.com.mx\/wp-content\/uploads\/2011\/12\/unanina.jpg","jetpack_shortlink":"https:\/\/wp.me\/pjEhq-2fa","jetpack_sharing_enabled":true,"_links":{"self":[{"href":"https:\/\/www.lashistorias.com.mx\/index.php\/wp-json\/wp\/v2\/posts\/8628","targetHints":{"allow":["GET"]}}],"collection":[{"href":"https:\/\/www.lashistorias.com.mx\/index.php\/wp-json\/wp\/v2\/posts"}],"about":[{"href":"https:\/\/www.lashistorias.com.mx\/index.php\/wp-json\/wp\/v2\/types\/post"}],"author":[{"embeddable":true,"href":"https:\/\/www.lashistorias.com.mx\/index.php\/wp-json\/wp\/v2\/users\/1"}],"replies":[{"embeddable":true,"href":"https:\/\/www.lashistorias.com.mx\/index.php\/wp-json\/wp\/v2\/comments?post=8628"}],"version-history":[{"count":7,"href":"https:\/\/www.lashistorias.com.mx\/index.php\/wp-json\/wp\/v2\/posts\/8628\/revisions"}],"predecessor-version":[{"id":8668,"href":"https:\/\/www.lashistorias.com.mx\/index.php\/wp-json\/wp\/v2\/posts\/8628\/revisions\/8668"}],"wp:featuredmedia":[{"embeddable":true,"href":"https:\/\/www.lashistorias.com.mx\/index.php\/wp-json\/wp\/v2\/media\/8667"}],"wp:attachment":[{"href":"https:\/\/www.lashistorias.com.mx\/index.php\/wp-json\/wp\/v2\/media?parent=8628"}],"wp:term":[{"taxonomy":"category","embeddable":true,"href":"https:\/\/www.lashistorias.com.mx\/index.php\/wp-json\/wp\/v2\/categories?post=8628"},{"taxonomy":"post_tag","embeddable":true,"href":"https:\/\/www.lashistorias.com.mx\/index.php\/wp-json\/wp\/v2\/tags?post=8628"}],"curies":[{"name":"wp","href":"https:\/\/api.w.org\/{rel}","templated":true}]}}