{"id":8533,"date":"2011-11-27T02:43:54","date_gmt":"2011-11-27T08:43:54","guid":{"rendered":"http:\/\/www.lashistorias.com.mx\/?p=8533"},"modified":"2016-10-26T10:20:47","modified_gmt":"2016-10-26T15:20:47","slug":"siete-libros","status":"publish","type":"post","link":"https:\/\/www.lashistorias.com.mx\/index.php\/siete-libros\/","title":{"rendered":"Siete libros"},"content":{"rendered":"<p>Estoy terminando de llenar siete informes sobre otros tantos libros de j\u00f3venes escritores mexicanos: me toc\u00f3 trabajar con ellos durante el \u00faltimo a\u00f1o, como tutor del Fondo Nacional para la Cultura y las Artes (FONCA). Cada uno de los siete recibi\u00f3 una beca del programa de J\u00f3venes Creadores del FONCA para escribir una colecci\u00f3n de cuentos.<br \/>\n&nbsp;&nbsp;&nbsp;&nbsp;&nbsp;&nbsp;El t\u00e9rmino \u00abtutor\u00bb puede resultar enga\u00f1oso: el trabajo se llev\u00f3 a cabo, sobre todo, durante tres encuentros de varios d\u00edas de duraci\u00f3n, separados por meses. No fue de ning\u00fan modo un curso intensivo. Pero la experiencia fue, de todas formas, muy estimulante: todos le\u00edmos los textos de los siete y los comentamos con tanta exactitud y profundidad como fue posible, y todo lo que yo mismo pude descubrir en ellos (y sugerir con miras a que los proyectos siguieran avanzando) se complement\u00f3, por lo tanto, con lo dicho por los dem\u00e1s. Los siete proyectos culminaron en libros terminados al menos en su primer borrador, listos para una revisi\u00f3n posterior y definitiva.<br \/>\n&nbsp;&nbsp;&nbsp;&nbsp;&nbsp;&nbsp;Este \u00faltimo periodo de trabajo tuvo lugar en el Centro de las Artes de San Luis Potos\u00ed. En este edificio reconvertido (originalmente era una c\u00e1rcel) yo tambi\u00e9n he aprendido m\u00e1s que un poco: he visto una muestra de lo que escritores m\u00e1s j\u00f3venes quieren hacer con la forma del cuento, y he visto, tambi\u00e9n, c\u00f3mo trabajan y qu\u00e9 interesa a siete colegas muy diferentes entre s\u00ed.<br \/>\n&nbsp;&nbsp;&nbsp;&nbsp;&nbsp;&nbsp;Para m\u00ed, por lo tanto, esta experiencia ha sido muy afortunada. Ahora agradezco y felicito a los siete: Valeria Gasc\u00f3n, Renato Guill\u00e9n, Edgar Adri\u00e1n Mora, Mariana Rergis, Carlos Vel\u00e1zquez, Rafael Villegas y Federico Vite. Varios ya publican pero deseo que todos lo hagan, para ver las versiones definitivas de esos siete libros nuevos &#8211;y muy interesantes&#8211; que he le\u00eddo a lo largo del a\u00f1o.<\/p>\n<div align=center><a ref=\"magnificPopup\" href=\"https:\/\/www.lashistorias.com.mx\/wp-content\/uploads\/2011\/11\/148.jpg\"><img loading=\"lazy\" decoding=\"async\" data-attachment-id=\"8540\" data-permalink=\"https:\/\/www.lashistorias.com.mx\/index.php\/siete-libros\/attachment\/148\/\" data-orig-file=\"https:\/\/www.lashistorias.com.mx\/wp-content\/uploads\/2011\/11\/148.jpg\" data-orig-size=\"600,600\" data-comments-opened=\"1\" data-image-meta=\"{&quot;aperture&quot;:&quot;0&quot;,&quot;credit&quot;:&quot;&quot;,&quot;camera&quot;:&quot;&quot;,&quot;caption&quot;:&quot;&quot;,&quot;created_timestamp&quot;:&quot;1322315377&quot;,&quot;copyright&quot;:&quot;&quot;,&quot;focal_length&quot;:&quot;0&quot;,&quot;iso&quot;:&quot;0&quot;,&quot;shutter_speed&quot;:&quot;0&quot;,&quot;title&quot;:&quot;&quot;}\" data-image-title=\"148\" data-image-description=\"\" data-image-caption=\"\" data-large-file=\"https:\/\/www.lashistorias.com.mx\/wp-content\/uploads\/2011\/11\/148.jpg\" src=\"https:\/\/www.lashistorias.com.mx\/wp-content\/uploads\/2011\/11\/148-150x150.jpg\" alt=\"\" title=\"148\" width=\"150\" height=\"150\" class=\"alignnone size-thumbnail wp-image-8540\" srcset=\"https:\/\/www.lashistorias.com.mx\/wp-content\/uploads\/2011\/11\/148-150x150.jpg 150w, https:\/\/www.lashistorias.com.mx\/wp-content\/uploads\/2011\/11\/148-300x300.jpg 300w, https:\/\/www.lashistorias.com.mx\/wp-content\/uploads\/2011\/11\/148.jpg 600w\" sizes=\"auto, (max-width: 150px) 100vw, 150px\" \/><\/a><a ref=\"magnificPopup\" href=\"https:\/\/www.lashistorias.com.mx\/wp-content\/uploads\/2011\/11\/146.jpg\"><img loading=\"lazy\" decoding=\"async\" data-attachment-id=\"8539\" data-permalink=\"https:\/\/www.lashistorias.com.mx\/index.php\/siete-libros\/attachment\/146\/\" data-orig-file=\"https:\/\/www.lashistorias.com.mx\/wp-content\/uploads\/2011\/11\/146.jpg\" data-orig-size=\"600,600\" data-comments-opened=\"1\" data-image-meta=\"{&quot;aperture&quot;:&quot;0&quot;,&quot;credit&quot;:&quot;&quot;,&quot;camera&quot;:&quot;&quot;,&quot;caption&quot;:&quot;&quot;,&quot;created_timestamp&quot;:&quot;1322306120&quot;,&quot;copyright&quot;:&quot;&quot;,&quot;focal_length&quot;:&quot;0&quot;,&quot;iso&quot;:&quot;0&quot;,&quot;shutter_speed&quot;:&quot;0&quot;,&quot;title&quot;:&quot;&quot;}\" data-image-title=\"146\" data-image-description=\"\" data-image-caption=\"\" data-large-file=\"https:\/\/www.lashistorias.com.mx\/wp-content\/uploads\/2011\/11\/146.jpg\" src=\"https:\/\/www.lashistorias.com.mx\/wp-content\/uploads\/2011\/11\/146-150x150.jpg\" alt=\"\" title=\"146\" width=\"150\" height=\"150\" class=\"alignnone size-thumbnail wp-image-8539\" srcset=\"https:\/\/www.lashistorias.com.mx\/wp-content\/uploads\/2011\/11\/146-150x150.jpg 150w, https:\/\/www.lashistorias.com.mx\/wp-content\/uploads\/2011\/11\/146-300x300.jpg 300w, https:\/\/www.lashistorias.com.mx\/wp-content\/uploads\/2011\/11\/146.jpg 600w\" sizes=\"auto, (max-width: 150px) 100vw, 150px\" \/><\/a><a ref=\"magnificPopup\" href=\"https:\/\/www.lashistorias.com.mx\/wp-content\/uploads\/2011\/11\/154.jpg\"><img loading=\"lazy\" decoding=\"async\" data-attachment-id=\"8541\" data-permalink=\"https:\/\/www.lashistorias.com.mx\/index.php\/siete-libros\/attachment\/154\/\" data-orig-file=\"https:\/\/www.lashistorias.com.mx\/wp-content\/uploads\/2011\/11\/154.jpg\" data-orig-size=\"600,600\" data-comments-opened=\"1\" data-image-meta=\"{&quot;aperture&quot;:&quot;0&quot;,&quot;credit&quot;:&quot;&quot;,&quot;camera&quot;:&quot;&quot;,&quot;caption&quot;:&quot;&quot;,&quot;created_timestamp&quot;:&quot;1322315413&quot;,&quot;copyright&quot;:&quot;&quot;,&quot;focal_length&quot;:&quot;0&quot;,&quot;iso&quot;:&quot;0&quot;,&quot;shutter_speed&quot;:&quot;0&quot;,&quot;title&quot;:&quot;&quot;}\" data-image-title=\"154\" data-image-description=\"\" data-image-caption=\"\" data-large-file=\"https:\/\/www.lashistorias.com.mx\/wp-content\/uploads\/2011\/11\/154.jpg\" src=\"https:\/\/www.lashistorias.com.mx\/wp-content\/uploads\/2011\/11\/154-150x150.jpg\" alt=\"\" title=\"154\" width=\"150\" height=\"150\" class=\"alignnone size-thumbnail wp-image-8541\" srcset=\"https:\/\/www.lashistorias.com.mx\/wp-content\/uploads\/2011\/11\/154-150x150.jpg 150w, https:\/\/www.lashistorias.com.mx\/wp-content\/uploads\/2011\/11\/154-300x300.jpg 300w, https:\/\/www.lashistorias.com.mx\/wp-content\/uploads\/2011\/11\/154.jpg 600w\" sizes=\"auto, (max-width: 150px) 100vw, 150px\" \/><\/a><br \/><a ref=\"magnificPopup\" href=\"https:\/\/www.lashistorias.com.mx\/wp-content\/uploads\/2011\/11\/007.jpg\"><img loading=\"lazy\" decoding=\"async\" data-attachment-id=\"8534\" data-permalink=\"https:\/\/www.lashistorias.com.mx\/index.php\/siete-libros\/attachment\/007\/\" data-orig-file=\"https:\/\/www.lashistorias.com.mx\/wp-content\/uploads\/2011\/11\/007.jpg\" data-orig-size=\"600,600\" data-comments-opened=\"1\" data-image-meta=\"{&quot;aperture&quot;:&quot;0&quot;,&quot;credit&quot;:&quot;&quot;,&quot;camera&quot;:&quot;&quot;,&quot;caption&quot;:&quot;&quot;,&quot;created_timestamp&quot;:&quot;1322214964&quot;,&quot;copyright&quot;:&quot;&quot;,&quot;focal_length&quot;:&quot;0&quot;,&quot;iso&quot;:&quot;0&quot;,&quot;shutter_speed&quot;:&quot;0&quot;,&quot;title&quot;:&quot;&quot;}\" data-image-title=\"Centro de las Artes, SLP\" data-image-description=\"\" data-image-caption=\"\" data-large-file=\"https:\/\/www.lashistorias.com.mx\/wp-content\/uploads\/2011\/11\/007.jpg\" src=\"https:\/\/www.lashistorias.com.mx\/wp-content\/uploads\/2011\/11\/007-150x150.jpg\" alt=\"\" title=\"Centro de las Artes, SLP\" width=\"150\" height=\"150\" class=\"alignnone size-thumbnail wp-image-8534\" srcset=\"https:\/\/www.lashistorias.com.mx\/wp-content\/uploads\/2011\/11\/007-150x150.jpg 150w, https:\/\/www.lashistorias.com.mx\/wp-content\/uploads\/2011\/11\/007-300x300.jpg 300w, https:\/\/www.lashistorias.com.mx\/wp-content\/uploads\/2011\/11\/007.jpg 600w\" sizes=\"auto, (max-width: 150px) 100vw, 150px\" \/><\/a><a ref=\"magnificPopup\" href=\"https:\/\/www.lashistorias.com.mx\/wp-content\/uploads\/2011\/11\/042.jpg\"><img loading=\"lazy\" decoding=\"async\" data-attachment-id=\"8535\" data-permalink=\"https:\/\/www.lashistorias.com.mx\/index.php\/siete-libros\/042-2\/\" data-orig-file=\"https:\/\/www.lashistorias.com.mx\/wp-content\/uploads\/2011\/11\/042.jpg\" data-orig-size=\"600,600\" data-comments-opened=\"1\" data-image-meta=\"{&quot;aperture&quot;:&quot;0&quot;,&quot;credit&quot;:&quot;&quot;,&quot;camera&quot;:&quot;&quot;,&quot;caption&quot;:&quot;&quot;,&quot;created_timestamp&quot;:&quot;1322222729&quot;,&quot;copyright&quot;:&quot;&quot;,&quot;focal_length&quot;:&quot;0&quot;,&quot;iso&quot;:&quot;0&quot;,&quot;shutter_speed&quot;:&quot;0&quot;,&quot;title&quot;:&quot;&quot;}\" data-image-title=\"Becarios\" data-image-description=\"\" data-image-caption=\"\" data-large-file=\"https:\/\/www.lashistorias.com.mx\/wp-content\/uploads\/2011\/11\/042.jpg\" src=\"https:\/\/www.lashistorias.com.mx\/wp-content\/uploads\/2011\/11\/042-150x150.jpg\" alt=\"\" title=\"Becarios\" width=\"150\" height=\"150\" class=\"alignnone size-thumbnail wp-image-8535\" srcset=\"https:\/\/www.lashistorias.com.mx\/wp-content\/uploads\/2011\/11\/042-150x150.jpg 150w, https:\/\/www.lashistorias.com.mx\/wp-content\/uploads\/2011\/11\/042-300x300.jpg 300w, https:\/\/www.lashistorias.com.mx\/wp-content\/uploads\/2011\/11\/042.jpg 600w\" sizes=\"auto, (max-width: 150px) 100vw, 150px\" \/><\/a><a ref=\"magnificPopup\" href=\"https:\/\/www.lashistorias.com.mx\/wp-content\/uploads\/2011\/11\/092.jpg\"><img loading=\"lazy\" decoding=\"async\" data-attachment-id=\"8543\" data-permalink=\"https:\/\/www.lashistorias.com.mx\/index.php\/siete-libros\/attachment\/092\/\" data-orig-file=\"https:\/\/www.lashistorias.com.mx\/wp-content\/uploads\/2011\/11\/092.jpg\" data-orig-size=\"600,600\" data-comments-opened=\"1\" data-image-meta=\"{&quot;aperture&quot;:&quot;0&quot;,&quot;credit&quot;:&quot;&quot;,&quot;camera&quot;:&quot;&quot;,&quot;caption&quot;:&quot;&quot;,&quot;created_timestamp&quot;:&quot;1322234927&quot;,&quot;copyright&quot;:&quot;&quot;,&quot;focal_length&quot;:&quot;0&quot;,&quot;iso&quot;:&quot;0&quot;,&quot;shutter_speed&quot;:&quot;0&quot;,&quot;title&quot;:&quot;&quot;}\" data-image-title=\"092\" data-image-description=\"\" data-image-caption=\"\" data-large-file=\"https:\/\/www.lashistorias.com.mx\/wp-content\/uploads\/2011\/11\/092.jpg\" src=\"https:\/\/www.lashistorias.com.mx\/wp-content\/uploads\/2011\/11\/092-150x150.jpg\" alt=\"\" title=\"092\" width=\"150\" height=\"150\" class=\"alignnone size-thumbnail wp-image-8543\" srcset=\"https:\/\/www.lashistorias.com.mx\/wp-content\/uploads\/2011\/11\/092-150x150.jpg 150w, https:\/\/www.lashistorias.com.mx\/wp-content\/uploads\/2011\/11\/092-300x300.jpg 300w, https:\/\/www.lashistorias.com.mx\/wp-content\/uploads\/2011\/11\/092.jpg 600w\" sizes=\"auto, (max-width: 150px) 100vw, 150px\" \/><\/a><br \/><a ref=\"magnificPopup\" href=\"https:\/\/www.lashistorias.com.mx\/wp-content\/uploads\/2011\/11\/152.jpg\"><img loading=\"lazy\" decoding=\"async\" data-attachment-id=\"8548\" data-permalink=\"https:\/\/www.lashistorias.com.mx\/index.php\/siete-libros\/attachment\/152\/\" data-orig-file=\"https:\/\/www.lashistorias.com.mx\/wp-content\/uploads\/2011\/11\/152.jpg\" data-orig-size=\"600,600\" data-comments-opened=\"1\" data-image-meta=\"{&quot;aperture&quot;:&quot;0&quot;,&quot;credit&quot;:&quot;&quot;,&quot;camera&quot;:&quot;&quot;,&quot;caption&quot;:&quot;&quot;,&quot;created_timestamp&quot;:&quot;1322315403&quot;,&quot;copyright&quot;:&quot;&quot;,&quot;focal_length&quot;:&quot;0&quot;,&quot;iso&quot;:&quot;0&quot;,&quot;shutter_speed&quot;:&quot;0&quot;,&quot;title&quot;:&quot;&quot;}\" data-image-title=\"152\" data-image-description=\"\" data-image-caption=\"\" data-large-file=\"https:\/\/www.lashistorias.com.mx\/wp-content\/uploads\/2011\/11\/152.jpg\" src=\"https:\/\/www.lashistorias.com.mx\/wp-content\/uploads\/2011\/11\/152-150x150.jpg\" alt=\"\" title=\"152\" width=\"150\" height=\"150\" class=\"alignnone size-thumbnail wp-image-8548\" srcset=\"https:\/\/www.lashistorias.com.mx\/wp-content\/uploads\/2011\/11\/152-150x150.jpg 150w, https:\/\/www.lashistorias.com.mx\/wp-content\/uploads\/2011\/11\/152-300x300.jpg 300w, https:\/\/www.lashistorias.com.mx\/wp-content\/uploads\/2011\/11\/152.jpg 600w\" sizes=\"auto, (max-width: 150px) 100vw, 150px\" \/><\/a><a ref=\"magnificPopup\" href=\"https:\/\/www.lashistorias.com.mx\/wp-content\/uploads\/2011\/11\/016.jpg\"><img loading=\"lazy\" decoding=\"async\" data-attachment-id=\"8561\" data-permalink=\"https:\/\/www.lashistorias.com.mx\/index.php\/siete-libros\/attachment\/016\/\" data-orig-file=\"https:\/\/www.lashistorias.com.mx\/wp-content\/uploads\/2011\/11\/016.jpg\" data-orig-size=\"600,600\" data-comments-opened=\"1\" data-image-meta=\"{&quot;aperture&quot;:&quot;0&quot;,&quot;credit&quot;:&quot;&quot;,&quot;camera&quot;:&quot;&quot;,&quot;caption&quot;:&quot;&quot;,&quot;created_timestamp&quot;:&quot;1322215256&quot;,&quot;copyright&quot;:&quot;&quot;,&quot;focal_length&quot;:&quot;0&quot;,&quot;iso&quot;:&quot;0&quot;,&quot;shutter_speed&quot;:&quot;0&quot;,&quot;title&quot;:&quot;&quot;}\" data-image-title=\"016\" data-image-description=\"\" data-image-caption=\"\" data-large-file=\"https:\/\/www.lashistorias.com.mx\/wp-content\/uploads\/2011\/11\/016.jpg\" src=\"https:\/\/www.lashistorias.com.mx\/wp-content\/uploads\/2011\/11\/016-150x150.jpg\" alt=\"\" title=\"016\" width=\"150\" height=\"150\" class=\"alignnone size-thumbnail wp-image-8561\" srcset=\"https:\/\/www.lashistorias.com.mx\/wp-content\/uploads\/2011\/11\/016-150x150.jpg 150w, https:\/\/www.lashistorias.com.mx\/wp-content\/uploads\/2011\/11\/016-300x300.jpg 300w, https:\/\/www.lashistorias.com.mx\/wp-content\/uploads\/2011\/11\/016.jpg 600w\" sizes=\"auto, (max-width: 150px) 100vw, 150px\" \/><\/a><a ref=\"magnificPopup\" href=\"https:\/\/www.lashistorias.com.mx\/wp-content\/uploads\/2011\/11\/147.jpg\"><img loading=\"lazy\" decoding=\"async\" data-attachment-id=\"8549\" data-permalink=\"https:\/\/www.lashistorias.com.mx\/index.php\/siete-libros\/attachment\/147\/\" data-orig-file=\"https:\/\/www.lashistorias.com.mx\/wp-content\/uploads\/2011\/11\/147.jpg\" data-orig-size=\"600,600\" data-comments-opened=\"1\" data-image-meta=\"{&quot;aperture&quot;:&quot;0&quot;,&quot;credit&quot;:&quot;&quot;,&quot;camera&quot;:&quot;&quot;,&quot;caption&quot;:&quot;&quot;,&quot;created_timestamp&quot;:&quot;1322310795&quot;,&quot;copyright&quot;:&quot;&quot;,&quot;focal_length&quot;:&quot;0&quot;,&quot;iso&quot;:&quot;0&quot;,&quot;shutter_speed&quot;:&quot;0&quot;,&quot;title&quot;:&quot;&quot;}\" data-image-title=\"147\" data-image-description=\"\" data-image-caption=\"\" data-large-file=\"https:\/\/www.lashistorias.com.mx\/wp-content\/uploads\/2011\/11\/147.jpg\" src=\"https:\/\/www.lashistorias.com.mx\/wp-content\/uploads\/2011\/11\/147-150x150.jpg\" alt=\"\" title=\"147\" width=\"150\" height=\"150\" class=\"alignnone size-thumbnail wp-image-8549\" srcset=\"https:\/\/www.lashistorias.com.mx\/wp-content\/uploads\/2011\/11\/147-150x150.jpg 150w, https:\/\/www.lashistorias.com.mx\/wp-content\/uploads\/2011\/11\/147-300x300.jpg 300w, https:\/\/www.lashistorias.com.mx\/wp-content\/uploads\/2011\/11\/147.jpg 600w\" sizes=\"auto, (max-width: 150px) 100vw, 150px\" \/><\/a><\/div>\n","protected":false},"excerpt":{"rendered":"<p>Estoy terminando de llenar siete informes sobre otros tantos libros de j\u00f3venes escritores mexicanos: me toc\u00f3 trabajar con ellos durante el \u00faltimo a\u00f1o, como tutor del Fondo Nacional para la Cultura y las Artes (FONCA). Cada uno de los siete recibi\u00f3 una beca del programa de J\u00f3venes Creadores del FONCA para escribir una colecci\u00f3n de&#8230;<\/p>\n","protected":false},"author":1,"featured_media":8670,"comment_status":"open","ping_status":"open","sticky":false,"template":"","format":"standard","meta":{"advanced_seo_description":"","jetpack_seo_html_title":"","jetpack_seo_noindex":false,"jetpack_post_was_ever_published":false,"_jetpack_newsletter_access":"","_jetpack_dont_email_post_to_subs":true,"_jetpack_newsletter_tier_id":0,"_jetpack_memberships_contains_paywalled_content":false,"_jetpack_memberships_contains_paid_content":false,"footnotes":"","jetpack_publicize_message":"","jetpack_publicize_feature_enabled":true,"jetpack_social_post_already_shared":false,"jetpack_social_options":{"image_generator_settings":{"template":"highway","default_image_id":0,"font":"","enabled":false},"version":2}},"categories":[1520],"tags":[1448,2866,22,2379,662,198,205,2381,2040,2855,2380,11,2044,2039,2165],"class_list":["post-8533","post","type-post","status-publish","format-standard","has-post-thumbnail","hentry","category-cuaderno","tag-carlos-velazquez","tag-cuaderno","tag-cuento","tag-edgar-adrian-mora","tag-escritores-jovenes","tag-escritores-mexicanos","tag-escritura-y-vida","tag-federico-vite","tag-fonca","tag-literatura","tag-mariana-rergis","tag-opiniones","tag-rafael-villegas","tag-renato-guillen","tag-valeria-gascon"],"jetpack_publicize_connections":[],"jetpack_featured_media_url":"https:\/\/www.lashistorias.com.mx\/wp-content\/uploads\/2011\/11\/yoSLP300x300.jpg","jetpack_shortlink":"https:\/\/wp.me\/pjEhq-2dD","jetpack_sharing_enabled":true,"_links":{"self":[{"href":"https:\/\/www.lashistorias.com.mx\/index.php\/wp-json\/wp\/v2\/posts\/8533","targetHints":{"allow":["GET"]}}],"collection":[{"href":"https:\/\/www.lashistorias.com.mx\/index.php\/wp-json\/wp\/v2\/posts"}],"about":[{"href":"https:\/\/www.lashistorias.com.mx\/index.php\/wp-json\/wp\/v2\/types\/post"}],"author":[{"embeddable":true,"href":"https:\/\/www.lashistorias.com.mx\/index.php\/wp-json\/wp\/v2\/users\/1"}],"replies":[{"embeddable":true,"href":"https:\/\/www.lashistorias.com.mx\/index.php\/wp-json\/wp\/v2\/comments?post=8533"}],"version-history":[{"count":17,"href":"https:\/\/www.lashistorias.com.mx\/index.php\/wp-json\/wp\/v2\/posts\/8533\/revisions"}],"predecessor-version":[{"id":8671,"href":"https:\/\/www.lashistorias.com.mx\/index.php\/wp-json\/wp\/v2\/posts\/8533\/revisions\/8671"}],"wp:featuredmedia":[{"embeddable":true,"href":"https:\/\/www.lashistorias.com.mx\/index.php\/wp-json\/wp\/v2\/media\/8670"}],"wp:attachment":[{"href":"https:\/\/www.lashistorias.com.mx\/index.php\/wp-json\/wp\/v2\/media?parent=8533"}],"wp:term":[{"taxonomy":"category","embeddable":true,"href":"https:\/\/www.lashistorias.com.mx\/index.php\/wp-json\/wp\/v2\/categories?post=8533"},{"taxonomy":"post_tag","embeddable":true,"href":"https:\/\/www.lashistorias.com.mx\/index.php\/wp-json\/wp\/v2\/tags?post=8533"}],"curies":[{"name":"wp","href":"https:\/\/api.w.org\/{rel}","templated":true}]}}