{"id":8248,"date":"2011-09-12T09:22:02","date_gmt":"2011-09-12T14:22:02","guid":{"rendered":"http:\/\/www.lashistorias.com.mx\/?p=8248"},"modified":"2016-10-26T10:21:02","modified_gmt":"2016-10-26T15:21:02","slug":"una-despedida","status":"publish","type":"post","link":"https:\/\/www.lashistorias.com.mx\/index.php\/una-despedida\/","title":{"rendered":"Una despedida"},"content":{"rendered":"<p>A las cinco y nueve minutos de la ma\u00f1ana de hoy termin\u00e9, por fin, mi segunda novela. Deber\u00eda haber sido la primera. He trabajado en ella los \u00faltimos siete a\u00f1os. Pasar tanto tiempo en el proyecto nunca fue el plan: pensaba terminarla mucho antes, pero una versi\u00f3n inicial se perdi\u00f3 en un accidente de mi computadora y las posteriores han tenido numerosos problemas. No s\u00e9 qu\u00e9 va a pasar ahora con ella: es larga y rara.<br \/>\n      Pero s\u00ed s\u00e9 que al menos pude cumplir con un prop\u00f3sito peque\u00f1o, personal, que tal vez suene a poco pero le importa cada vez m\u00e1s a un individuo que, con el tiempo, va viendo cada vez con m\u00e1s claridad la forma de su propia vida y la lista de todo lo que nunca podr\u00e1 ser. He terminado el libro antes de cumplir los 41 a\u00f1os. Con pocas horas de margen, pero he terminado por fin.<br \/>\n      Me acompa\u00f1a la voz extra\u00f1a, feliz, de Meredith Monk, recomendaci\u00f3n de un amigo querido, a la para celebrar. Va, como peque\u00f1o regalo.<\/p>\n<p><span class=\"embed-youtube\" style=\"text-align:center; display: block;\"><iframe loading=\"lazy\" class=\"youtube-player\" width=\"1140\" height=\"642\" src=\"https:\/\/www.youtube.com\/embed\/IbFVqb0lfd8?version=3&#038;rel=1&#038;showsearch=0&#038;showinfo=1&#038;iv_load_policy=1&#038;fs=1&#038;hl=es-ES&#038;autohide=2&#038;wmode=transparent\" allowfullscreen=\"true\" style=\"border:0;\" sandbox=\"allow-scripts allow-same-origin allow-popups allow-presentation allow-popups-to-escape-sandbox\"><\/iframe><\/span><\/p>\n","protected":false},"excerpt":{"rendered":"<p>A las cinco y nueve minutos de la ma\u00f1ana de hoy termin\u00e9, por fin, mi segunda novela. Deber\u00eda haber sido la primera. He trabajado en ella los \u00faltimos siete a\u00f1os. Pasar tanto tiempo en el proyecto nunca fue el plan: pensaba terminarla mucho antes, pero una versi\u00f3n inicial se perdi\u00f3 en un accidente de mi&#8230;<\/p>\n","protected":false},"author":1,"featured_media":0,"comment_status":"open","ping_status":"open","sticky":false,"template":"","format":"standard","meta":{"advanced_seo_description":"","jetpack_seo_html_title":"","jetpack_seo_noindex":false,"jetpack_post_was_ever_published":false,"_jetpack_newsletter_access":"","_jetpack_dont_email_post_to_subs":true,"_jetpack_newsletter_tier_id":0,"_jetpack_memberships_contains_paywalled_content":false,"_jetpack_memberships_contains_paid_content":false,"footnotes":"","jetpack_publicize_message":"","jetpack_publicize_feature_enabled":true,"jetpack_social_post_already_shared":false,"jetpack_social_options":{"image_generator_settings":{"template":"highway","default_image_id":0,"font":"","enabled":false},"version":2}},"categories":[1520],"tags":[68,570,2866,205,560,6,2855,10,11,16],"class_list":["post-8248","post","type-post","status-publish","format-standard","hentry","category-cuaderno","tag-autobiografia","tag-breves","tag-cuaderno","tag-escritura-y-vida","tag-especiales","tag-general","tag-literatura","tag-novela","tag-opiniones","tag-video"],"jetpack_publicize_connections":[],"jetpack_featured_media_url":"","jetpack_shortlink":"https:\/\/wp.me\/pjEhq-292","jetpack_sharing_enabled":true,"_links":{"self":[{"href":"https:\/\/www.lashistorias.com.mx\/index.php\/wp-json\/wp\/v2\/posts\/8248","targetHints":{"allow":["GET"]}}],"collection":[{"href":"https:\/\/www.lashistorias.com.mx\/index.php\/wp-json\/wp\/v2\/posts"}],"about":[{"href":"https:\/\/www.lashistorias.com.mx\/index.php\/wp-json\/wp\/v2\/types\/post"}],"author":[{"embeddable":true,"href":"https:\/\/www.lashistorias.com.mx\/index.php\/wp-json\/wp\/v2\/users\/1"}],"replies":[{"embeddable":true,"href":"https:\/\/www.lashistorias.com.mx\/index.php\/wp-json\/wp\/v2\/comments?post=8248"}],"version-history":[{"count":6,"href":"https:\/\/www.lashistorias.com.mx\/index.php\/wp-json\/wp\/v2\/posts\/8248\/revisions"}],"predecessor-version":[{"id":8255,"href":"https:\/\/www.lashistorias.com.mx\/index.php\/wp-json\/wp\/v2\/posts\/8248\/revisions\/8255"}],"wp:attachment":[{"href":"https:\/\/www.lashistorias.com.mx\/index.php\/wp-json\/wp\/v2\/media?parent=8248"}],"wp:term":[{"taxonomy":"category","embeddable":true,"href":"https:\/\/www.lashistorias.com.mx\/index.php\/wp-json\/wp\/v2\/categories?post=8248"},{"taxonomy":"post_tag","embeddable":true,"href":"https:\/\/www.lashistorias.com.mx\/index.php\/wp-json\/wp\/v2\/tags?post=8248"}],"curies":[{"name":"wp","href":"https:\/\/api.w.org\/{rel}","templated":true}]}}