{"id":8202,"date":"2011-08-29T20:21:34","date_gmt":"2011-08-30T01:21:34","guid":{"rendered":"http:\/\/www.lashistorias.com.mx\/index.php\/archivo\/ha-terminado-el-curso-tario-100\/"},"modified":"2011-09-06T11:50:20","modified_gmt":"2011-09-06T16:50:20","slug":"ha-terminado-el-curso-tario-100","status":"publish","type":"post","link":"https:\/\/www.lashistorias.com.mx\/index.php\/ha-terminado-el-curso-tario-100\/","title":{"rendered":"Ha terminado el curso \u00abTario 100&#8243;&#8230;"},"content":{"rendered":"<p>&#8230;y yo agradezco a todos los asistentes. Y a Tario, quien ejerce (como \u00e9l mismo escribi\u00f3 en <em>Jard\u00edn secreto<\/em>) la fuerza magn\u00e9tica de los muertos, y as\u00ed vuelve a nosotros.<\/p>\n<p><a ref=\"magnificPopup\" href=\"https:\/\/www.lashistorias.com.mx\/wp-content\/uploads\/2011\/08\/20110829-082059.jpg\"><img decoding=\"async\" src=\"https:\/\/www.lashistorias.com.mx\/wp-content\/uploads\/2011\/08\/20110829-082059.jpg\" alt=\"20110829-082059.jpg\" class=\"alignnone size-full\" \/><\/a><\/p>\n","protected":false},"excerpt":{"rendered":"<p>&#8230;y yo agradezco a todos los asistentes. Y a Tario, quien ejerce (como \u00e9l mismo escribi\u00f3 en Jard\u00edn secreto) la fuerza magn\u00e9tica de los muertos, y as\u00ed vuelve a nosotros.<\/p>\n","protected":false},"author":1,"featured_media":0,"comment_status":"open","ping_status":"open","sticky":false,"template":"","format":"aside","meta":{"advanced_seo_description":"","jetpack_seo_html_title":"","jetpack_seo_noindex":false,"jetpack_post_was_ever_published":false,"_jetpack_newsletter_access":"","_jetpack_dont_email_post_to_subs":false,"_jetpack_newsletter_tier_id":0,"_jetpack_memberships_contains_paywalled_content":false,"_jetpack_memberships_contains_paid_content":false,"footnotes":"","jetpack_publicize_message":"","jetpack_publicize_feature_enabled":true,"jetpack_social_post_already_shared":false,"jetpack_social_options":{"image_generator_settings":{"template":"highway","default_image_id":0,"font":"","enabled":false},"version":2}},"categories":[1520,23],"tags":[17,570,2866,22,2861,25,235,26,2855,2854,10],"class_list":["post-8202","post","type-post","status-publish","format-aside","hentry","category-cuaderno","category-cursos-y-talleres","tag-amistades","tag-breves","tag-cuaderno","tag-cuento","tag-cursos-y-talleres","tag-escritores","tag-francisco-tario","tag-historia-y-testimonio","tag-literatura","tag-lo-nuevo","tag-novela","post_format-post-format-aside"],"jetpack_publicize_connections":[],"jetpack_featured_media_url":"","jetpack_shortlink":"https:\/\/wp.me\/pjEhq-28i","jetpack_sharing_enabled":true,"_links":{"self":[{"href":"https:\/\/www.lashistorias.com.mx\/index.php\/wp-json\/wp\/v2\/posts\/8202","targetHints":{"allow":["GET"]}}],"collection":[{"href":"https:\/\/www.lashistorias.com.mx\/index.php\/wp-json\/wp\/v2\/posts"}],"about":[{"href":"https:\/\/www.lashistorias.com.mx\/index.php\/wp-json\/wp\/v2\/types\/post"}],"author":[{"embeddable":true,"href":"https:\/\/www.lashistorias.com.mx\/index.php\/wp-json\/wp\/v2\/users\/1"}],"replies":[{"embeddable":true,"href":"https:\/\/www.lashistorias.com.mx\/index.php\/wp-json\/wp\/v2\/comments?post=8202"}],"version-history":[{"count":2,"href":"https:\/\/www.lashistorias.com.mx\/index.php\/wp-json\/wp\/v2\/posts\/8202\/revisions"}],"predecessor-version":[{"id":8247,"href":"https:\/\/www.lashistorias.com.mx\/index.php\/wp-json\/wp\/v2\/posts\/8202\/revisions\/8247"}],"wp:attachment":[{"href":"https:\/\/www.lashistorias.com.mx\/index.php\/wp-json\/wp\/v2\/media?parent=8202"}],"wp:term":[{"taxonomy":"category","embeddable":true,"href":"https:\/\/www.lashistorias.com.mx\/index.php\/wp-json\/wp\/v2\/categories?post=8202"},{"taxonomy":"post_tag","embeddable":true,"href":"https:\/\/www.lashistorias.com.mx\/index.php\/wp-json\/wp\/v2\/tags?post=8202"}],"curies":[{"name":"wp","href":"https:\/\/api.w.org\/{rel}","templated":true}]}}