{"id":8198,"date":"2011-08-23T21:18:21","date_gmt":"2011-08-24T02:18:21","guid":{"rendered":"http:\/\/www.lashistorias.com.mx\/?p=8198"},"modified":"2016-10-26T10:21:03","modified_gmt":"2016-10-26T15:21:03","slug":"este-jueves-a-la-venta-nocturna","status":"publish","type":"post","link":"https:\/\/www.lashistorias.com.mx\/index.php\/este-jueves-a-la-venta-nocturna\/","title":{"rendered":"Este jueves, a la venta nocturna"},"content":{"rendered":"<p>Este jueves 25 tendr\u00e1 lugar una <a href=\"http:\/\/www.fondodeculturaeconomica.com\/editorial\/prensa\/Detalle.aspx?seccion=Detalle&#038;id_desplegado=44508\">venta nocturna de libros<\/a> en las principales librer\u00edas del del Fondo de Cultura Econ\u00f3mica, tanto en el Distrito Federal como en otras ciudades del pa\u00eds. Por mi parte los invito: como parte de las actividades de la venta, que incluyen charlas, firmas de aut\u00f3grafos y m\u00e1s, yo estar\u00e9 en la <a href=\"http:\/\/www.fondodeculturaeconomica.com\/Contacto\/Default.aspx?id_lib=4\">Librer\u00eda Rosario Castellanos<\/a> (la RoCa, le dicen a veces), que est\u00e1 en el Centro Cultural Bella \u00c9poca (Tamaulipas 202, esquina Benjam\u00edn Hill, colonia Hip\u00f3dromo Condesa, en la ciudad de M\u00e9xico). Tambi\u00e9n estar\u00e1n, me dicen, varios de mis libros: tanto la novela <em>Los esclavos<\/em>, que public\u00f3 Almad\u00eda, como los dos de cuento (<em>Grey<\/em> y <em>\u00c9stos son los d\u00edas<\/em>) y la antolog\u00eda (<em>Trazos en el espejo<\/em>) que public\u00f3 ERA.<br \/>\n&nbsp;&nbsp;&nbsp;&nbsp;&nbsp;&nbsp;Si se animan a ir nos encontraremos a partir de las 20:00 horas. Desde luego la entrada ser\u00e1 libre.<\/p>\n<div align=center>[fusion_builder_container hundred_percent=\u00bbyes\u00bb overflow=\u00bbvisible\u00bb][fusion_builder_row][fusion_builder_column type=\u00bb1_1&#8243; background_position=\u00bbleft top\u00bb background_color=\u00bb\u00bb border_size=\u00bb\u00bb border_color=\u00bb\u00bb border_style=\u00bbsolid\u00bb spacing=\u00bbyes\u00bb background_image=\u00bb\u00bb background_repeat=\u00bbno-repeat\u00bb padding=\u00bb\u00bb margin_top=\u00bb0px\u00bb margin_bottom=\u00bb0px\u00bb class=\u00bb\u00bb id=\u00bb\u00bb animation_type=\u00bb\u00bb animation_speed=\u00bb0.3&#8243; animation_direction=\u00bbleft\u00bb hide_on_mobile=\u00bbno\u00bb center_content=\u00bbno\u00bb min_height=\u00bbnone\u00bb]<figure id=\"attachment_8199\" aria-describedby=\"caption-attachment-8199\" style=\"width: 367px\" class=\"wp-caption alignnone\"><img loading=\"lazy\" decoding=\"async\" data-attachment-id=\"8199\" data-permalink=\"https:\/\/www.lashistorias.com.mx\/index.php\/este-jueves-a-la-venta-nocturna\/delatercera\/\" data-orig-file=\"https:\/\/www.lashistorias.com.mx\/wp-content\/uploads\/2011\/08\/delatercera.jpg\" data-orig-size=\"367,252\" data-comments-opened=\"1\" data-image-meta=\"{&quot;aperture&quot;:&quot;2.8&quot;,&quot;credit&quot;:&quot;&quot;,&quot;camera&quot;:&quot;DMC-LX2&quot;,&quot;caption&quot;:&quot;&quot;,&quot;created_timestamp&quot;:&quot;1195170397&quot;,&quot;copyright&quot;:&quot;&quot;,&quot;focal_length&quot;:&quot;6.3&quot;,&quot;iso&quot;:&quot;200&quot;,&quot;shutter_speed&quot;:&quot;0.05&quot;,&quot;title&quot;:&quot;&quot;}\" data-image-title=\"La RoCa\" data-image-description=\"\" data-image-caption=\"&lt;p&gt;La librer\u00eda Castellanos. Fuente: latercera.com&lt;\/p&gt;\n\" data-large-file=\"https:\/\/www.lashistorias.com.mx\/wp-content\/uploads\/2011\/08\/delatercera.jpg\" src=\"https:\/\/www.lashistorias.com.mx\/wp-content\/uploads\/2011\/08\/delatercera.jpg\" alt=\"\" title=\"La RoCa\" width=\"367\" height=\"252\" class=\"size-full wp-image-8199\" srcset=\"https:\/\/www.lashistorias.com.mx\/wp-content\/uploads\/2011\/08\/delatercera.jpg 367w, https:\/\/www.lashistorias.com.mx\/wp-content\/uploads\/2011\/08\/delatercera-300x205.jpg 300w\" sizes=\"auto, (max-width: 367px) 100vw, 367px\" \/><figcaption id=\"caption-attachment-8199\" class=\"wp-caption-text\">La librer\u00eda Castellanos. Fuente: latercera.com<\/figcaption><\/figure><\/div>\n[\/fusion_builder_column][\/fusion_builder_row][\/fusion_builder_container]\n","protected":false},"excerpt":{"rendered":"<p>Este jueves 25 tendr\u00e1 lugar una venta nocturna de libros en las principales librer\u00edas del del Fondo de Cultura Econ\u00f3mica, tanto en el Distrito Federal como en otras ciudades del pa\u00eds. Por mi parte los invito: como parte de las actividades de la venta, que incluyen charlas, firmas de aut\u00f3grafos y m\u00e1s, yo estar\u00e9 en&#8230;<\/p>\n","protected":false},"author":1,"featured_media":0,"comment_status":"open","ping_status":"open","sticky":false,"template":"","format":"standard","meta":{"advanced_seo_description":"","jetpack_seo_html_title":"","jetpack_seo_noindex":false,"jetpack_post_was_ever_published":false,"_jetpack_newsletter_access":"","_jetpack_dont_email_post_to_subs":true,"_jetpack_newsletter_tier_id":0,"_jetpack_memberships_contains_paywalled_content":false,"_jetpack_memberships_contains_paid_content":false,"footnotes":"","jetpack_publicize_message":"","jetpack_publicize_feature_enabled":true,"jetpack_social_post_already_shared":false,"jetpack_social_options":{"image_generator_settings":{"template":"highway","default_image_id":0,"font":"","enabled":false},"version":2}},"categories":[3],"tags":[43,570,2009,22,180,1234,233,876,913,2855,1055,10,12,2856,2233,800],"class_list":["post-8198","post","type-post","status-publish","format-standard","hentry","category-lo-nuevo","tag-almadia","tag-breves","tag-centro-cultural-bella-epoca","tag-cuento","tag-era","tag-estos-son-los-dias","tag-fondo-de-cultura-economica","tag-grey","tag-libreria-rosario-castellanos","tag-literatura","tag-los-esclavos","tag-novela","tag-presentaciones","tag-publicaciones","tag-trazos-en-el-espejo","tag-venta-de-libros"],"jetpack_publicize_connections":[],"jetpack_featured_media_url":"","jetpack_shortlink":"https:\/\/wp.me\/pjEhq-28e","jetpack_sharing_enabled":true,"_links":{"self":[{"href":"https:\/\/www.lashistorias.com.mx\/index.php\/wp-json\/wp\/v2\/posts\/8198","targetHints":{"allow":["GET"]}}],"collection":[{"href":"https:\/\/www.lashistorias.com.mx\/index.php\/wp-json\/wp\/v2\/posts"}],"about":[{"href":"https:\/\/www.lashistorias.com.mx\/index.php\/wp-json\/wp\/v2\/types\/post"}],"author":[{"embeddable":true,"href":"https:\/\/www.lashistorias.com.mx\/index.php\/wp-json\/wp\/v2\/users\/1"}],"replies":[{"embeddable":true,"href":"https:\/\/www.lashistorias.com.mx\/index.php\/wp-json\/wp\/v2\/comments?post=8198"}],"version-history":[{"count":2,"href":"https:\/\/www.lashistorias.com.mx\/index.php\/wp-json\/wp\/v2\/posts\/8198\/revisions"}],"predecessor-version":[{"id":12681,"href":"https:\/\/www.lashistorias.com.mx\/index.php\/wp-json\/wp\/v2\/posts\/8198\/revisions\/12681"}],"wp:attachment":[{"href":"https:\/\/www.lashistorias.com.mx\/index.php\/wp-json\/wp\/v2\/media?parent=8198"}],"wp:term":[{"taxonomy":"category","embeddable":true,"href":"https:\/\/www.lashistorias.com.mx\/index.php\/wp-json\/wp\/v2\/categories?post=8198"},{"taxonomy":"post_tag","embeddable":true,"href":"https:\/\/www.lashistorias.com.mx\/index.php\/wp-json\/wp\/v2\/tags?post=8198"}],"curies":[{"name":"wp","href":"https:\/\/api.w.org\/{rel}","templated":true}]}}