{"id":8009,"date":"2011-06-06T09:40:51","date_gmt":"2011-06-06T14:40:51","guid":{"rendered":"http:\/\/www.lashistorias.com.mx\/?p=8009"},"modified":"2016-10-26T10:21:12","modified_gmt":"2016-10-26T15:21:12","slug":"el-cafe-de-los-cuentistas-este-martes-7","status":"publish","type":"post","link":"https:\/\/www.lashistorias.com.mx\/index.php\/el-cafe-de-los-cuentistas-este-martes-7\/","title":{"rendered":"El caf\u00e9 de los cuentistas, este martes 7"},"content":{"rendered":"<p>Veloz invitaci\u00f3n: ma\u00f1ana, martes 7 de junio, a las 19:00 horas, estar\u00e9 en una sesi\u00f3n del ciclo \u00abEl caf\u00e9 de los cuentistas\u00bb de la Cafebrer\u00eda El P\u00e9ndulo. Paola Tinoco y yo leeremos algunos textos propios y conversaremos sobre el cuento como g\u00e9nero con quienes nos acompa\u00f1en. La cita es en El P\u00e9ndulo Roma (\u00c1lvaro Obreg\u00f3n 86, entre C\u00f3rdoba y Orizaba, en la colonia Roma de la ciudad de M\u00e9xico). La entrada ser\u00e1 gratuita. Ojal\u00e1 nos veamos all\u00e1.<\/p>\n[fusion_builder_container hundred_percent=\u00bbyes\u00bb overflow=\u00bbvisible\u00bb][fusion_builder_row][fusion_builder_column type=\u00bb1_1&#8243; background_position=\u00bbleft top\u00bb background_color=\u00bb\u00bb border_size=\u00bb\u00bb border_color=\u00bb\u00bb border_style=\u00bbsolid\u00bb spacing=\u00bbyes\u00bb background_image=\u00bb\u00bb background_repeat=\u00bbno-repeat\u00bb padding=\u00bb\u00bb margin_top=\u00bb0px\u00bb margin_bottom=\u00bb0px\u00bb class=\u00bb\u00bb id=\u00bb\u00bb animation_type=\u00bb\u00bb animation_speed=\u00bb0.3&#8243; animation_direction=\u00bbleft\u00bb hide_on_mobile=\u00bbno\u00bb center_content=\u00bbno\u00bb min_height=\u00bbnone\u00bb]<figure id=\"attachment_8010\" aria-describedby=\"caption-attachment-8010\" style=\"width: 193px\" class=\"wp-caption alignnone\"><a ref=\"magnificPopup\" href=\"https:\/\/www.lashistorias.com.mx\/wp-content\/uploads\/2011\/06\/cafecuentistasmayo11.jpg\"><img loading=\"lazy\" decoding=\"async\" data-attachment-id=\"8010\" data-permalink=\"https:\/\/www.lashistorias.com.mx\/index.php\/el-cafe-de-los-cuentistas-este-martes-7\/cafecuentistasmayo11\/\" data-orig-file=\"https:\/\/www.lashistorias.com.mx\/wp-content\/uploads\/2011\/06\/cafecuentistasmayo11.jpg\" data-orig-size=\"527,816\" data-comments-opened=\"1\" data-image-meta=\"{&quot;aperture&quot;:&quot;0&quot;,&quot;credit&quot;:&quot;&quot;,&quot;camera&quot;:&quot;&quot;,&quot;caption&quot;:&quot;&quot;,&quot;created_timestamp&quot;:&quot;0&quot;,&quot;copyright&quot;:&quot;&quot;,&quot;focal_length&quot;:&quot;0&quot;,&quot;iso&quot;:&quot;0&quot;,&quot;shutter_speed&quot;:&quot;0&quot;,&quot;title&quot;:&quot;&quot;}\" data-image-title=\"Caf\u00e9 de los cuentistas\" data-image-description=\"\" data-image-caption=\"&lt;p&gt;(clic para ampliar)&lt;\/p&gt;\n\" data-large-file=\"https:\/\/www.lashistorias.com.mx\/wp-content\/uploads\/2011\/06\/cafecuentistasmayo11.jpg\" src=\"https:\/\/www.lashistorias.com.mx\/wp-content\/uploads\/2011\/06\/cafecuentistasmayo11-193x300.jpg\" alt=\"\" title=\"Caf\u00e9 de los cuentistas\" width=\"193\" height=\"300\" class=\"size-medium wp-image-8010\" srcset=\"https:\/\/www.lashistorias.com.mx\/wp-content\/uploads\/2011\/06\/cafecuentistasmayo11-193x300.jpg 193w, https:\/\/www.lashistorias.com.mx\/wp-content\/uploads\/2011\/06\/cafecuentistasmayo11.jpg 527w\" sizes=\"auto, (max-width: 193px) 100vw, 193px\" \/><\/a><figcaption id=\"caption-attachment-8010\" class=\"wp-caption-text\">(clic para ampliar)<\/figcaption><\/figure>[\/fusion_builder_column][\/fusion_builder_row][\/fusion_builder_container]\n","protected":false},"excerpt":{"rendered":"<p>Veloz invitaci\u00f3n: ma\u00f1ana, martes 7 de junio, a las 19:00 horas, estar\u00e9 en una sesi\u00f3n del ciclo \u00abEl caf\u00e9 de los cuentistas\u00bb de la Cafebrer\u00eda El P\u00e9ndulo. Paola Tinoco y yo leeremos algunos textos propios y conversaremos sobre el cuento como g\u00e9nero con quienes nos acompa\u00f1en. La cita es en El P\u00e9ndulo Roma (\u00c1lvaro Obreg\u00f3n&#8230;<\/p>\n","protected":false},"author":1,"featured_media":0,"comment_status":"open","ping_status":"open","sticky":false,"template":"","format":"standard","meta":{"advanced_seo_description":"","jetpack_seo_html_title":"","jetpack_seo_noindex":false,"jetpack_post_was_ever_published":false,"_jetpack_newsletter_access":"","_jetpack_dont_email_post_to_subs":true,"_jetpack_newsletter_tier_id":0,"_jetpack_memberships_contains_paywalled_content":false,"_jetpack_memberships_contains_paid_content":false,"footnotes":"","jetpack_publicize_message":"","jetpack_publicize_feature_enabled":true,"jetpack_social_post_already_shared":false,"jetpack_social_options":{"image_generator_settings":{"template":"highway","default_image_id":0,"font":"","enabled":false},"version":2}},"categories":[3],"tags":[17,22,2295,353,2855,2262,12],"class_list":["post-8009","post","type-post","status-publish","format-standard","hentry","category-lo-nuevo","tag-amistades","tag-cuento","tag-el-pendulo","tag-lecturas","tag-literatura","tag-paola-tinoco","tag-presentaciones"],"jetpack_publicize_connections":[],"jetpack_featured_media_url":"","jetpack_shortlink":"https:\/\/wp.me\/pjEhq-25b","jetpack_sharing_enabled":true,"_links":{"self":[{"href":"https:\/\/www.lashistorias.com.mx\/index.php\/wp-json\/wp\/v2\/posts\/8009","targetHints":{"allow":["GET"]}}],"collection":[{"href":"https:\/\/www.lashistorias.com.mx\/index.php\/wp-json\/wp\/v2\/posts"}],"about":[{"href":"https:\/\/www.lashistorias.com.mx\/index.php\/wp-json\/wp\/v2\/types\/post"}],"author":[{"embeddable":true,"href":"https:\/\/www.lashistorias.com.mx\/index.php\/wp-json\/wp\/v2\/users\/1"}],"replies":[{"embeddable":true,"href":"https:\/\/www.lashistorias.com.mx\/index.php\/wp-json\/wp\/v2\/comments?post=8009"}],"version-history":[{"count":4,"href":"https:\/\/www.lashistorias.com.mx\/index.php\/wp-json\/wp\/v2\/posts\/8009\/revisions"}],"predecessor-version":[{"id":12695,"href":"https:\/\/www.lashistorias.com.mx\/index.php\/wp-json\/wp\/v2\/posts\/8009\/revisions\/12695"}],"wp:attachment":[{"href":"https:\/\/www.lashistorias.com.mx\/index.php\/wp-json\/wp\/v2\/media?parent=8009"}],"wp:term":[{"taxonomy":"category","embeddable":true,"href":"https:\/\/www.lashistorias.com.mx\/index.php\/wp-json\/wp\/v2\/categories?post=8009"},{"taxonomy":"post_tag","embeddable":true,"href":"https:\/\/www.lashistorias.com.mx\/index.php\/wp-json\/wp\/v2\/tags?post=8009"}],"curies":[{"name":"wp","href":"https:\/\/api.w.org\/{rel}","templated":true}]}}