{"id":7851,"date":"2011-03-22T19:07:46","date_gmt":"2011-03-23T01:07:46","guid":{"rendered":"http:\/\/www.lashistorias.com.mx\/?p=7851"},"modified":"2016-10-26T10:21:19","modified_gmt":"2016-10-26T15:21:19","slug":"avisos-diversos-un-diplomado-dos-notas-un-libro","status":"publish","type":"post","link":"https:\/\/www.lashistorias.com.mx\/index.php\/avisos-diversos-un-diplomado-dos-notas-un-libro\/","title":{"rendered":"Avisos diversos: un diplomado, dos notas, un libro"},"content":{"rendered":"[fusion_builder_container hundred_percent=\u00bbyes\u00bb overflow=\u00bbvisible\u00bb][fusion_builder_row][fusion_builder_column type=\u00bb1_1&#8243; background_position=\u00bbleft top\u00bb background_color=\u00bb\u00bb border_size=\u00bb\u00bb border_color=\u00bb\u00bb border_style=\u00bbsolid\u00bb spacing=\u00bbyes\u00bb background_image=\u00bb\u00bb background_repeat=\u00bbno-repeat\u00bb padding=\u00bb\u00bb margin_top=\u00bb0px\u00bb margin_bottom=\u00bb0px\u00bb class=\u00bb\u00bb id=\u00bb\u00bb animation_type=\u00bb\u00bb animation_speed=\u00bb0.3&#8243; animation_direction=\u00bbleft\u00bb hide_on_mobile=\u00bbno\u00bb center_content=\u00bbno\u00bb min_height=\u00bbnone\u00bb][Actualizaci\u00f3n: Ya est\u00e1 en l\u00ednea el <a href=\"http:\/\/www.flurb.net\/11\/index11.html\">n\u00famero 11 de <em>FLURB<\/em><\/a>, una revista virtual dirigida por Rudy Rucker en la que, entre otros, hay un texto m\u00edo en versi\u00f3n biling\u00fce y otros de Bef, Pepe Rojo, Kek-W. Leslie What, Chris Nakashima-Brown, Minister Faust y m\u00e1s.<br \/>\n&nbsp;&nbsp;&nbsp;&nbsp;&nbsp;&nbsp;Adem\u00e1s, <em>Vacillations<\/em>, el blog de Khun San (misterioso autor que no conoc\u00eda, pero cuyos libros suenan de lo m\u00e1s interesante), ha publicado la <a href=\"http:\/\/emersions.blogspot.com\/2011\/03\/album-alberto-chimal.html\">traducci\u00f3n al franc\u00e9s<\/a> que hizo el querido amigo Iv\u00e1n Salinas de mi cuento \u00ab\u00c1lbum\u00bb.]\n<div align=center>* * *<\/div>\n<p>El viernes 1 de abril comienza a funcionar el LAAP: Laboratorio Acad\u00e9mico para el Arte y el Pensamiento, un nuevo espacio para la creaci\u00f3n y la reflexi\u00f3n. Junto con varios otros amigos y colegas, yo participar\u00e9 en el Laboratorio dando un curso de narrativa dentro del diplomado de <a href=\"http:\/\/www.laboratorioacademico.com\/estudios1.html\">Escritura y Pensamiento Literario<\/a>. Todos los datos sobre ese diplomado y los otros cursos que se ofrecer\u00e1n en este nuevo lugar est\u00e1n en <a href=\"http:\/\/www.laboratorioacademico.com\/\">http:\/\/www.laboratorioacademico.com\/<\/a>.<\/p>\n<div align=center>* * *<\/div>\n<p>Hoy apareci\u00f3 un <a href=\"http:\/\/eleconomista.com.mx\/entretenimiento\/2011\/03\/21\/evolucion-creativa-twitter\">reportaje de Alejandro Flores en <em>El Economista<\/em><\/a>. Su tema es la escritura en Twitter y en \u00e9l opinamos, a veces de acuerdo y otras no, Cristina Rivera Garza, Sergio Gonz\u00e1lez Rodr\u00edguez, Ruy Feben y yo. El asunto, en todo caso, es muy interesante y los invito a leer.<\/p>\n<div align=center>* * *<\/div>\n<p>Por \u00faltimo, el peri\u00f3dico El Nuevo Mexicano public\u00f3 <a href=\"http:\/\/fb.me\/QYTk6yEm\">una nota sobre mi trabajo<\/a> a partir de una entrevista muy sabrosa que tuvimos Francisco Morales y yo. Es la primera de dos que aparecer\u00e1n; la segunda tendr\u00e1 que ver m\u00e1s con Twitter, escritura e imaginaci\u00f3n.<\/p>\n<div align=center>* * *<\/div>\n<p>Ah, y ma\u00f1ana habr\u00e1 aqu\u00ed el aviso de un libro nuevo&#8230;<\/p>\n<div align=center><img loading=\"lazy\" decoding=\"async\" data-attachment-id=\"7852\" data-permalink=\"https:\/\/www.lashistorias.com.mx\/index.php\/avisos-diversos-un-diplomado-dos-notas-un-libro\/fractales\/\" data-orig-file=\"https:\/\/www.lashistorias.com.mx\/wp-content\/uploads\/2011\/03\/fractales.jpg\" data-orig-size=\"500,375\" data-comments-opened=\"1\" data-image-meta=\"{&quot;aperture&quot;:&quot;0&quot;,&quot;credit&quot;:&quot;&quot;,&quot;camera&quot;:&quot;&quot;,&quot;caption&quot;:&quot;&quot;,&quot;created_timestamp&quot;:&quot;0&quot;,&quot;copyright&quot;:&quot;&quot;,&quot;focal_length&quot;:&quot;0&quot;,&quot;iso&quot;:&quot;0&quot;,&quot;shutter_speed&quot;:&quot;0&quot;,&quot;title&quot;:&quot;&quot;}\" data-image-title=\"fractales\" data-image-description=\"\" data-image-caption=\"\" data-large-file=\"https:\/\/www.lashistorias.com.mx\/wp-content\/uploads\/2011\/03\/fractales.jpg\" src=\"https:\/\/www.lashistorias.com.mx\/wp-content\/uploads\/2011\/03\/fractales.jpg\" alt=\"\" title=\"fractales\" width=\"500\" height=\"375\" class=\"alignnone size-full wp-image-7852\" srcset=\"https:\/\/www.lashistorias.com.mx\/wp-content\/uploads\/2011\/03\/fractales.jpg 500w, https:\/\/www.lashistorias.com.mx\/wp-content\/uploads\/2011\/03\/fractales-300x225.jpg 300w\" sizes=\"auto, (max-width: 500px) 100vw, 500px\" \/><\/div>\n[\/fusion_builder_column][\/fusion_builder_row][\/fusion_builder_container]\n","protected":false},"excerpt":{"rendered":"<p>[fusion_builder_container hundred_percent=\u00bbyes\u00bb overflow=\u00bbvisible\u00bb][fusion_builder_row][fusion_builder_column type=\u00bb1_1&#8243; background_position=\u00bbleft top\u00bb background_color=\u00bb\u00bb border_size=\u00bb\u00bb border_color=\u00bb\u00bb border_style=\u00bbsolid\u00bb spacing=\u00bbyes\u00bb background_image=\u00bb\u00bb background_repeat=\u00bbno-repeat\u00bb padding=\u00bb\u00bb margin_top=\u00bb0px\u00bb margin_bottom=\u00bb0px\u00bb class=\u00bb\u00bb id=\u00bb\u00bb animation_type=\u00bb\u00bb animation_speed=\u00bb0.3&#8243; animation_direction=\u00bbleft\u00bb hide_on_mobile=\u00bbno\u00bb center_content=\u00bbno\u00bb min_height=\u00bbnone\u00bb][Actualizaci\u00f3n: Ya est\u00e1 en l\u00ednea el n\u00famero 11 de FLURB, una revista virtual dirigida por Rudy Rucker en la que, entre otros, hay un texto m\u00edo en versi\u00f3n biling\u00fce y otros de&#8230;<\/p>\n","protected":false},"author":1,"featured_media":0,"comment_status":"open","ping_status":"open","sticky":false,"template":"","format":"standard","meta":{"advanced_seo_description":"","jetpack_seo_html_title":"","jetpack_seo_noindex":false,"jetpack_post_was_ever_published":false,"_jetpack_newsletter_access":"","_jetpack_dont_email_post_to_subs":true,"_jetpack_newsletter_tier_id":0,"_jetpack_memberships_contains_paywalled_content":false,"_jetpack_memberships_contains_paid_content":false,"footnotes":"","jetpack_publicize_message":"","jetpack_publicize_feature_enabled":true,"jetpack_social_post_already_shared":false,"jetpack_social_options":{"image_generator_settings":{"template":"highway","default_image_id":0,"font":"","enabled":false},"version":2}},"categories":[557,23,3],"tags":[21,1293,22,2861,2257,2258,660,25,8,2259,2855,397,2511,11,2856,1991,1725,2238,795],"class_list":["post-7851","post","type-post","status-publish","format-standard","hentry","category-concurso","category-cursos-y-talleres","category-lo-nuevo","tag-convocatorias","tag-cristina-rivera-garza","tag-cuento","tag-cursos-y-talleres","tag-el-economista","tag-el-nuevo-mexicano","tag-entrevistas","tag-escritores","tag-internet","tag-laap","tag-literatura","tag-minificcion","tag-noticias","tag-opiniones","tag-publicaciones","tag-ruy-feben","tag-sergio-gonzalez-rodriguez","tag-tuiteratura","tag-twitter"],"jetpack_publicize_connections":[],"jetpack_featured_media_url":"","jetpack_shortlink":"https:\/\/wp.me\/pjEhq-22D","jetpack_sharing_enabled":true,"_links":{"self":[{"href":"https:\/\/www.lashistorias.com.mx\/index.php\/wp-json\/wp\/v2\/posts\/7851","targetHints":{"allow":["GET"]}}],"collection":[{"href":"https:\/\/www.lashistorias.com.mx\/index.php\/wp-json\/wp\/v2\/posts"}],"about":[{"href":"https:\/\/www.lashistorias.com.mx\/index.php\/wp-json\/wp\/v2\/types\/post"}],"author":[{"embeddable":true,"href":"https:\/\/www.lashistorias.com.mx\/index.php\/wp-json\/wp\/v2\/users\/1"}],"replies":[{"embeddable":true,"href":"https:\/\/www.lashistorias.com.mx\/index.php\/wp-json\/wp\/v2\/comments?post=7851"}],"version-history":[{"count":6,"href":"https:\/\/www.lashistorias.com.mx\/index.php\/wp-json\/wp\/v2\/posts\/7851\/revisions"}],"predecessor-version":[{"id":12704,"href":"https:\/\/www.lashistorias.com.mx\/index.php\/wp-json\/wp\/v2\/posts\/7851\/revisions\/12704"}],"wp:attachment":[{"href":"https:\/\/www.lashistorias.com.mx\/index.php\/wp-json\/wp\/v2\/media?parent=7851"}],"wp:term":[{"taxonomy":"category","embeddable":true,"href":"https:\/\/www.lashistorias.com.mx\/index.php\/wp-json\/wp\/v2\/categories?post=7851"},{"taxonomy":"post_tag","embeddable":true,"href":"https:\/\/www.lashistorias.com.mx\/index.php\/wp-json\/wp\/v2\/tags?post=7851"}],"curies":[{"name":"wp","href":"https:\/\/api.w.org\/{rel}","templated":true}]}}