{"id":7824,"date":"2011-03-14T11:30:53","date_gmt":"2011-03-14T17:30:53","guid":{"rendered":"http:\/\/www.lashistorias.com.mx\/?p=7824"},"modified":"2024-02-14T00:04:22","modified_gmt":"2024-02-14T06:04:22","slug":"invitacion-a-una-resucitacion","status":"publish","type":"post","link":"https:\/\/www.lashistorias.com.mx\/index.php\/invitacion-a-una-resucitacion\/","title":{"rendered":"Invitaci\u00f3n a una resucitaci\u00f3n"},"content":{"rendered":"\n<p>Encontr\u00e9 el texto que sigue por casualidad. Es un cuento brev\u00edsimo del escritor y psicoanalista argentino <a href=\"http:\/\/es.wikipedia.org\/wiki\/Emilio_Rodrigu%C3%A9\">Emilio Rodrigu\u00e9<\/a> (1923-2008) perteneciente a su \u00faltimo libro de ficci\u00f3n: <em>La respuesta de Her\u00e1clito<\/em>.<\/p>\n\n\n\n<blockquote class=\"wp-block-quote is-layout-flow wp-block-quote-is-layout-flow\">\n<p><strong>El octavo d\u00eda<\/strong><br>\nNada en un principio.<br>\n&nbsp;&nbsp;&nbsp;&nbsp;&nbsp;&nbsp;En el primer d\u00eda Dios hizo la luz y vio que era buena, d\u00e1ndole el nombre de D\u00eda.<br>\n&nbsp;&nbsp;&nbsp;&nbsp;&nbsp;&nbsp;En el segundo d\u00eda separ\u00f3 el agua de la tierra seca.<br>\n&nbsp;&nbsp;&nbsp;&nbsp;&nbsp;&nbsp;En el tercer d\u00eda Dios hizo el Sol, la Luna y las estrellas.<br>\n&nbsp;&nbsp;&nbsp;&nbsp;&nbsp;&nbsp;En el cuarto d\u00eda Dios hizo la hierba verde y el \u00e1rbol de fruto y vio que eran buenos.<br>\n&nbsp;&nbsp;&nbsp;&nbsp;&nbsp;&nbsp;En el quinto d\u00eda Dios hizo a los reptiles grandes y peque\u00f1os, las ballenas y los otros mam\u00edferos, los cefal\u00f3podos y los peces. Tambi\u00e9n hizo las aves y los insectos.<br>\n&nbsp;&nbsp;&nbsp;&nbsp;&nbsp;&nbsp;En el sexto d\u00eda Dios hizo al hombre.<br>\n&nbsp;&nbsp;&nbsp;&nbsp;&nbsp;&nbsp;En el s\u00e9ptimo d\u00eda, habiendo completado su obra, descans\u00f3.<br>\n&nbsp;&nbsp;&nbsp;&nbsp;&nbsp;&nbsp;Y al d\u00eda siguiente, ya descansado, Dios se fue.<\/p>\n<\/blockquote>\n\n\n\n<p>No conozco mucho del autor, pero quiero pensar que \u00e9ste no es su mejor cuento. La sensaci\u00f3n que me dej\u00f3 fue curiosa y desagradable: la de haber le\u00eddo esa historia antes, y no s\u00f3lo una vez. Adem\u00e1s de que, salvo el final, todo suena muy semejante al texto del <em>G\u00e9nesis<\/em>, est\u00e1 la \u00absorpresa\u00bb del \u00faltimo rengl\u00f3n: la idea de que Dios abandona su creaci\u00f3n, aunque puede sonar original para algunos lectores (e indignante para algunas personas muy creyentes) se remonta por lo menos a la Edad Media y el texto no hace m\u00e1s que repetirla.<br>\n&nbsp;&nbsp;&nbsp;&nbsp;&nbsp;&nbsp;La propuesta es ensayar una <em>resucitaci\u00f3n<\/em> del texto de Rodrigu\u00e9: tratar de encontrar una nueva forma de escribir una historia a partir del lugar com\u00fan. Los comentarios quedan abiertos para quien desee intentarlo. Algunas posibilidades:<br>\n&nbsp;&nbsp;&nbsp;&nbsp;&nbsp;&nbsp;1. \u00bfQu\u00e9 otra cosa podr\u00eda hacer el personaje de Dios tras concluir su creaci\u00f3n?<br>\n&nbsp;&nbsp;&nbsp;&nbsp;&nbsp;&nbsp;2. \u00bfC\u00f3mo podr\u00eda contarse la an\u00e9cdota sin imitar o parodiar el texto b\u00edblico?<br>\n&nbsp;&nbsp;&nbsp;&nbsp;&nbsp;&nbsp;3. \u00bfSe podr\u00eda contar la idea del abandono de Dios desde un punto de vista que <em>no fuera<\/em> el de la propia divinidad?<\/p>\n\n\n\n<p><\/p>\n","protected":false},"excerpt":{"rendered":"<p>Un ejercicio a partir de un cuento de tema b\u00edblico.<\/p>\n","protected":false},"author":1,"featured_media":7825,"comment_status":"open","ping_status":"open","sticky":false,"template":"","format":"standard","meta":{"advanced_seo_description":"","jetpack_seo_html_title":"","jetpack_seo_noindex":false,"jetpack_post_was_ever_published":false,"_jetpack_newsletter_access":"","_jetpack_dont_email_post_to_subs":true,"_jetpack_newsletter_tier_id":0,"_jetpack_memberships_contains_paywalled_content":false,"_jetpack_memberships_contains_paid_content":false,"footnotes":"","jetpack_publicize_message":"","jetpack_publicize_feature_enabled":true,"jetpack_social_post_already_shared":false,"jetpack_social_options":{"image_generator_settings":{"template":"highway","default_image_id":0,"font":"","enabled":false},"version":2}},"categories":[15],"tags":[2143,1728,1181,22,2251,2855,374,2253,2252,2858],"class_list":["post-7824","post","type-post","status-publish","format-standard","has-post-thumbnail","hentry","category-taller-literario","tag-creacion-de-argumentos","tag-creacion-de-tramas","tag-creatividad","tag-cuento","tag-emilio-rodrigue","tag-literatura","tag-lugares-comunes","tag-remakes","tag-reversiones","tag-taller-literario"],"jetpack_publicize_connections":[],"jetpack_featured_media_url":"https:\/\/www.lashistorias.com.mx\/wp-content\/uploads\/2011\/03\/jobc02.jpg","jetpack_shortlink":"https:\/\/wp.me\/pjEhq-22c","jetpack_sharing_enabled":true,"_links":{"self":[{"href":"https:\/\/www.lashistorias.com.mx\/index.php\/wp-json\/wp\/v2\/posts\/7824","targetHints":{"allow":["GET"]}}],"collection":[{"href":"https:\/\/www.lashistorias.com.mx\/index.php\/wp-json\/wp\/v2\/posts"}],"about":[{"href":"https:\/\/www.lashistorias.com.mx\/index.php\/wp-json\/wp\/v2\/types\/post"}],"author":[{"embeddable":true,"href":"https:\/\/www.lashistorias.com.mx\/index.php\/wp-json\/wp\/v2\/users\/1"}],"replies":[{"embeddable":true,"href":"https:\/\/www.lashistorias.com.mx\/index.php\/wp-json\/wp\/v2\/comments?post=7824"}],"version-history":[{"count":8,"href":"https:\/\/www.lashistorias.com.mx\/index.php\/wp-json\/wp\/v2\/posts\/7824\/revisions"}],"predecessor-version":[{"id":16157,"href":"https:\/\/www.lashistorias.com.mx\/index.php\/wp-json\/wp\/v2\/posts\/7824\/revisions\/16157"}],"wp:featuredmedia":[{"embeddable":true,"href":"https:\/\/www.lashistorias.com.mx\/index.php\/wp-json\/wp\/v2\/media\/7825"}],"wp:attachment":[{"href":"https:\/\/www.lashistorias.com.mx\/index.php\/wp-json\/wp\/v2\/media?parent=7824"}],"wp:term":[{"taxonomy":"category","embeddable":true,"href":"https:\/\/www.lashistorias.com.mx\/index.php\/wp-json\/wp\/v2\/categories?post=7824"},{"taxonomy":"post_tag","embeddable":true,"href":"https:\/\/www.lashistorias.com.mx\/index.php\/wp-json\/wp\/v2\/tags?post=7824"}],"curies":[{"name":"wp","href":"https:\/\/api.w.org\/{rel}","templated":true}]}}