{"id":7790,"date":"2011-02-09T11:53:26","date_gmt":"2011-02-09T17:53:26","guid":{"rendered":"http:\/\/www.lashistorias.com.mx\/?p=7790"},"modified":"2016-10-26T10:21:24","modified_gmt":"2016-10-26T15:21:24","slug":"otra-vez-grey","status":"publish","type":"post","link":"https:\/\/www.lashistorias.com.mx\/index.php\/otra-vez-grey\/","title":{"rendered":"Otra vez <em>Grey<\/em>"},"content":{"rendered":"[fusion_builder_container hundred_percent=\u00bbyes\u00bb overflow=\u00bbvisible\u00bb][fusion_builder_row][fusion_builder_column type=\u00bb1_1&#8243; background_position=\u00bbleft top\u00bb background_color=\u00bb\u00bb border_size=\u00bb\u00bb border_color=\u00bb\u00bb border_style=\u00bbsolid\u00bb spacing=\u00bbyes\u00bb background_image=\u00bb\u00bb background_repeat=\u00bbno-repeat\u00bb padding=\u00bb\u00bb margin_top=\u00bb0px\u00bb margin_bottom=\u00bb0px\u00bb class=\u00bb\u00bb id=\u00bb\u00bb animation_type=\u00bb\u00bb animation_speed=\u00bb0.3&#8243; animation_direction=\u00bbleft\u00bb hide_on_mobile=\u00bbno\u00bb center_content=\u00bbno\u00bb min_height=\u00bbnone\u00bb][Actualizaci\u00f3n: el sitio de <a href=\"http:\/\/edicionesera.com.mx\/\">Ediciones ERA<\/a> tiene ahora una tienda virtual donde se pueden conseguir ejemplares de todos sus libros, <a href=\"http:\/\/www.edicionesera.com.mx\/index.php?option=com_virtuemart&#038;Itemid=3&#038;page=shop.browse&#038;manufacturer_id=32\">incluyendo <em>Grey<\/em> y <em>\u00c9stos son los d\u00edas<\/em><\/a>.]\n<p>Estoy contento: mi libro <em>Grey<\/em>, que apareci\u00f3 en 2006 y ya se hab\u00eda agotado, se edita otra vez, en versi\u00f3n corregida, por parte de la misma editorial que lo public\u00f3 entonces: ERA, una de las m\u00e1s prestigiosas de M\u00e9xico.<\/p>\n<div align=center><a ref=\"magnificPopup\" href=\"https:\/\/www.lashistorias.com.mx\/wp-content\/uploads\/2008\/09\/grey.jpg\"><img loading=\"lazy\" decoding=\"async\" data-attachment-id=\"4488\" data-permalink=\"https:\/\/www.lashistorias.com.mx\/index.php\/textos\/grey-2\/\" data-orig-file=\"https:\/\/www.lashistorias.com.mx\/wp-content\/uploads\/2008\/09\/grey.jpg\" data-orig-size=\"552,824\" data-comments-opened=\"1\" data-image-meta=\"{&quot;aperture&quot;:&quot;0&quot;,&quot;credit&quot;:&quot;&quot;,&quot;camera&quot;:&quot;&quot;,&quot;caption&quot;:&quot;&quot;,&quot;created_timestamp&quot;:&quot;0&quot;,&quot;copyright&quot;:&quot;&quot;,&quot;focal_length&quot;:&quot;0&quot;,&quot;iso&quot;:&quot;0&quot;,&quot;shutter_speed&quot;:&quot;0&quot;,&quot;title&quot;:&quot;&quot;}\" data-image-title=\"Grey\" data-image-description=\"\" data-image-caption=\"\" data-large-file=\"https:\/\/www.lashistorias.com.mx\/wp-content\/uploads\/2008\/09\/grey.jpg\" src=\"https:\/\/www.lashistorias.com.mx\/wp-content\/uploads\/2008\/09\/grey-200x300.jpg\" alt=\"\" title=\"Grey\" width=\"200\" height=\"300\" class=\"alignnone size-medium wp-image-4488\" srcset=\"https:\/\/www.lashistorias.com.mx\/wp-content\/uploads\/2008\/09\/grey-200x300.jpg 200w, https:\/\/www.lashistorias.com.mx\/wp-content\/uploads\/2008\/09\/grey.jpg 552w\" sizes=\"auto, (max-width: 200px) 100vw, 200px\" \/><\/a><\/div>\n<p>Este libro es una serie de historias fant\u00e1sticas, la mayor\u00eda muy breves, que pasa del humor a lo grotesco pero siempre gira en torno de los cultos religiosos: salen santos, \u00e1ngeles, demonios, ceremonias carism\u00e1ticas, curas con y sin inclinaciones ilegales, legos y numerarios con cilicios y muchos otros, por no hablar de un cat\u00e1logo de sectas y la presencia, en el fondo, de lo divino como algo que no se busca (al contrario de lo que decimos habitualmente) sino que se evita: que se ignora para que no destruya las certidumbres peque\u00f1as de la vida.<br \/>\n&nbsp;&nbsp;&nbsp;&nbsp;&nbsp;&nbsp;Tuve el gusto de que el libro apareciera en un par de listas de los mejores del a\u00f1o en el tiempo de su publicaci\u00f3n (incluyendo la de la revista <em>Proceso<\/em>). Ahora tengo el gusto de que reciba una nueva oportunidad de hallarse sus lectores.<br \/>\n&nbsp;&nbsp;&nbsp;&nbsp;&nbsp;&nbsp;Por si alguien se interesa, aqu\u00ed en <em>Las historias<\/em> est\u00e1n almacenados tres cuentos del libro: <a href=\"https:\/\/www.lashistorias.com.mx\/index.php\/textos\/manda-fuego\/\">\u00abManda fuego\u00bb<\/a>, <a href=\"https:\/\/www.lashistorias.com.mx\/index.php\/textos\/la-catarata\/\">\u00abLa catarata\u00bb<\/a> y <a href=\"https:\/\/www.lashistorias.com.mx\/index.php\/textos\/la-pasion-segun-la-sombra\/\">\u00abLa Pasi\u00f3n seg\u00fan la sombra\u00bb<\/a>. Y la colecci\u00f3n completa estar\u00e1 pronto en librer\u00edas (tan pronto como, por ejemplo, la Feria del Libro del Palacio de Miner\u00eda, que est\u00e1 por tener lugar aqu\u00ed en la ciudad de M\u00e9xico). En fin, los invito a conocerlo.[\/fusion_builder_column][\/fusion_builder_row][\/fusion_builder_container]\n","protected":false},"excerpt":{"rendered":"<p>[fusion_builder_container hundred_percent=\u00bbyes\u00bb overflow=\u00bbvisible\u00bb][fusion_builder_row][fusion_builder_column type=\u00bb1_1&#8243; background_position=\u00bbleft top\u00bb background_color=\u00bb\u00bb border_size=\u00bb\u00bb border_color=\u00bb\u00bb border_style=\u00bbsolid\u00bb spacing=\u00bbyes\u00bb background_image=\u00bb\u00bb background_repeat=\u00bbno-repeat\u00bb padding=\u00bb\u00bb margin_top=\u00bb0px\u00bb margin_bottom=\u00bb0px\u00bb class=\u00bb\u00bb id=\u00bb\u00bb animation_type=\u00bb\u00bb animation_speed=\u00bb0.3&#8243; animation_direction=\u00bbleft\u00bb hide_on_mobile=\u00bbno\u00bb center_content=\u00bbno\u00bb min_height=\u00bbnone\u00bb][Actualizaci\u00f3n: el sitio de Ediciones ERA tiene ahora una tienda virtual donde se pueden conseguir ejemplares de todos sus libros, incluyendo Grey y \u00c9stos son los d\u00edas.] Estoy contento: mi libro Grey,&#8230;<\/p>\n","protected":false},"author":1,"featured_media":0,"comment_status":"open","ping_status":"open","sticky":false,"template":"","format":"standard","meta":{"advanced_seo_description":"","jetpack_seo_html_title":"","jetpack_seo_noindex":false,"jetpack_post_was_ever_published":false,"_jetpack_newsletter_access":"","_jetpack_dont_email_post_to_subs":true,"_jetpack_newsletter_tier_id":0,"_jetpack_memberships_contains_paywalled_content":false,"_jetpack_memberships_contains_paid_content":false,"footnotes":"","jetpack_publicize_message":"","jetpack_publicize_feature_enabled":true,"jetpack_social_post_already_shared":false,"jetpack_social_options":{"image_generator_settings":{"template":"highway","default_image_id":0,"font":"","enabled":false},"version":2}},"categories":[3],"tags":[22,1643,876,2855,360,2511,2856,884],"class_list":["post-7790","post","type-post","status-publish","format-standard","hentry","category-lo-nuevo","tag-cuento","tag-ediciones-era","tag-grey","tag-literatura","tag-literatura-fantastica","tag-noticias","tag-publicaciones","tag-reediciones"],"jetpack_publicize_connections":[],"jetpack_featured_media_url":"","jetpack_shortlink":"https:\/\/wp.me\/pjEhq-21E","jetpack_sharing_enabled":true,"_links":{"self":[{"href":"https:\/\/www.lashistorias.com.mx\/index.php\/wp-json\/wp\/v2\/posts\/7790","targetHints":{"allow":["GET"]}}],"collection":[{"href":"https:\/\/www.lashistorias.com.mx\/index.php\/wp-json\/wp\/v2\/posts"}],"about":[{"href":"https:\/\/www.lashistorias.com.mx\/index.php\/wp-json\/wp\/v2\/types\/post"}],"author":[{"embeddable":true,"href":"https:\/\/www.lashistorias.com.mx\/index.php\/wp-json\/wp\/v2\/users\/1"}],"replies":[{"embeddable":true,"href":"https:\/\/www.lashistorias.com.mx\/index.php\/wp-json\/wp\/v2\/comments?post=7790"}],"version-history":[{"count":7,"href":"https:\/\/www.lashistorias.com.mx\/index.php\/wp-json\/wp\/v2\/posts\/7790\/revisions"}],"predecessor-version":[{"id":12711,"href":"https:\/\/www.lashistorias.com.mx\/index.php\/wp-json\/wp\/v2\/posts\/7790\/revisions\/12711"}],"wp:attachment":[{"href":"https:\/\/www.lashistorias.com.mx\/index.php\/wp-json\/wp\/v2\/media?parent=7790"}],"wp:term":[{"taxonomy":"category","embeddable":true,"href":"https:\/\/www.lashistorias.com.mx\/index.php\/wp-json\/wp\/v2\/categories?post=7790"},{"taxonomy":"post_tag","embeddable":true,"href":"https:\/\/www.lashistorias.com.mx\/index.php\/wp-json\/wp\/v2\/tags?post=7790"}],"curies":[{"name":"wp","href":"https:\/\/api.w.org\/{rel}","templated":true}]}}