{"id":7733,"date":"2011-01-17T10:53:40","date_gmt":"2011-01-17T16:53:40","guid":{"rendered":"http:\/\/www.lashistorias.com.mx\/?p=7733"},"modified":"2016-10-26T10:21:27","modified_gmt":"2016-10-26T15:21:27","slug":"para-enero-dos-presentaciones","status":"publish","type":"post","link":"https:\/\/www.lashistorias.com.mx\/index.php\/para-enero-dos-presentaciones\/","title":{"rendered":"Para enero, dos presentaciones"},"content":{"rendered":"<p>Los invito a las primeras presentaciones del a\u00f1o. Las dos ser\u00e1n en el Palacio de Bellas Artes (Eje Central y Ju\u00e1rez, en el Centro Hist\u00f3rico de la ciudad de M\u00e9xico) y ser\u00e1n de libros de personas queridas: dos alegr\u00edas adicionales para 2011.<\/p>\n<p>1. El mi\u00e9rcoles 19, a las 19:00 horas, se presentar\u00e1 la novela <em>Jantipa. \u00bfEl gran amor de S\u00f3crates?<\/em> de Mar\u00eda Elena Sarmiento, publicada por Ediciones B. El libro, por supuesto, est\u00e1 ambientado en la Grecia cl\u00e1sica, y en \u00e9l aparece el fil\u00f3sofo a quien se conoce sobre todo por los escritos de Plat\u00f3n y Jenofonte, pero su gran hallazgo (y a la vez su gran creaci\u00f3n) es su personaje central: una mujer independiente y voluntariosa que debi\u00f3 vivir en circunstancias sumamente dif\u00edciles y mira una \u00e9poca fascinante desde un punto de vista muy singular. La cita es en la sala Adamo Boari; adem\u00e1s de la autora, comentaremos el libro Guillermo Vega Zaragoza, Rosario Sarmiento y yo.<\/p>\n<div align=center><img loading=\"lazy\" decoding=\"async\" data-attachment-id=\"7735\" data-permalink=\"https:\/\/www.lashistorias.com.mx\/index.php\/para-enero-dos-presentaciones\/jantipa\/\" data-orig-file=\"https:\/\/www.lashistorias.com.mx\/wp-content\/uploads\/2011\/01\/jantipa.jpg\" data-orig-size=\"203,350\" data-comments-opened=\"1\" data-image-meta=\"{&quot;aperture&quot;:&quot;0&quot;,&quot;credit&quot;:&quot;&quot;,&quot;camera&quot;:&quot;&quot;,&quot;caption&quot;:&quot;&quot;,&quot;created_timestamp&quot;:&quot;0&quot;,&quot;copyright&quot;:&quot;&quot;,&quot;focal_length&quot;:&quot;0&quot;,&quot;iso&quot;:&quot;0&quot;,&quot;shutter_speed&quot;:&quot;0&quot;,&quot;title&quot;:&quot;&quot;}\" data-image-title=\"Jantipa\" data-image-description=\"\" data-image-caption=\"\" data-large-file=\"https:\/\/www.lashistorias.com.mx\/wp-content\/uploads\/2011\/01\/jantipa.jpg\" src=\"https:\/\/www.lashistorias.com.mx\/wp-content\/uploads\/2011\/01\/jantipa.jpg\" alt=\"\" title=\"Jantipa\" width=\"203\" height=\"350\" class=\"alignnone size-full wp-image-7735\" srcset=\"https:\/\/www.lashistorias.com.mx\/wp-content\/uploads\/2011\/01\/jantipa.jpg 203w, https:\/\/www.lashistorias.com.mx\/wp-content\/uploads\/2011\/01\/jantipa-174x300.jpg 174w\" sizes=\"auto, (max-width: 203px) 100vw, 203px\" \/><\/div>\n<p>2. Y el domingo 23, a las 12:00 del d\u00eda, se presentar\u00e1 el libro de cuentos <em>Luna Cinema <\/em>de Edgar Omar Avil\u00e9s, publicado por Tierra Adentro. Esta colecci\u00f3n gan\u00f3 el Premio Nacional de Cuento San Luis Potos\u00ed y es una serie de cinco cuentos fant\u00e1sticos, sumamente extra\u00f1os, que le deben a Francisco Tario y a Philip K. Dick pero a la vez son sumamente originales: una muestra de lo mejor de cierto modo de escribir que yo preferir\u00eda llamar <em>literatura de imaginaci\u00f3n<\/em>&#8230; por razones que explicar\u00e9 ese d\u00eda. Esta presentaci\u00f3n ser\u00e1 en la Sala Manuel M. Ponce y comentaremos el libro Ver\u00f3nica Murgu\u00eda, Eusebio Ruvalcaba y yo.<\/p>\n<div align=center><img loading=\"lazy\" decoding=\"async\" data-attachment-id=\"7740\" data-permalink=\"https:\/\/www.lashistorias.com.mx\/index.php\/para-enero-dos-presentaciones\/lunacinema-2\/\" data-orig-file=\"https:\/\/www.lashistorias.com.mx\/wp-content\/uploads\/2011\/01\/lunacinema.jpg\" data-orig-size=\"203,335\" data-comments-opened=\"1\" data-image-meta=\"{&quot;aperture&quot;:&quot;0&quot;,&quot;credit&quot;:&quot;&quot;,&quot;camera&quot;:&quot;&quot;,&quot;caption&quot;:&quot;&quot;,&quot;created_timestamp&quot;:&quot;0&quot;,&quot;copyright&quot;:&quot;&quot;,&quot;focal_length&quot;:&quot;0&quot;,&quot;iso&quot;:&quot;0&quot;,&quot;shutter_speed&quot;:&quot;0&quot;,&quot;title&quot;:&quot;&quot;}\" data-image-title=\"Luna Cinema\" data-image-description=\"\" data-image-caption=\"\" data-large-file=\"https:\/\/www.lashistorias.com.mx\/wp-content\/uploads\/2011\/01\/lunacinema.jpg\" src=\"https:\/\/www.lashistorias.com.mx\/wp-content\/uploads\/2011\/01\/lunacinema.jpg\" alt=\"\" title=\"Luna Cinema\" width=\"203\" height=\"335\" class=\"alignnone size-full wp-image-7740\" srcset=\"https:\/\/www.lashistorias.com.mx\/wp-content\/uploads\/2011\/01\/lunacinema.jpg 203w, https:\/\/www.lashistorias.com.mx\/wp-content\/uploads\/2011\/01\/lunacinema-181x300.jpg 181w\" sizes=\"auto, (max-width: 203px) 100vw, 203px\" \/><\/div>\n<p>La entrada a ambas presentaciones ser\u00e1 libre y los libros estar\u00e1n disponibles para quien quiera conocerlos. Ojal\u00e1 se animen a ir&#8230;<\/p>\n","protected":false},"excerpt":{"rendered":"<p>Los invito a las primeras presentaciones del a\u00f1o. Las dos ser\u00e1n en el Palacio de Bellas Artes (Eje Central y Ju\u00e1rez, en el Centro Hist\u00f3rico de la ciudad de M\u00e9xico) y ser\u00e1n de libros de personas queridas: dos alegr\u00edas adicionales para 2011. 1. El mi\u00e9rcoles 19, a las 19:00 horas, se presentar\u00e1 la novela Jantipa&#8230;.<\/p>\n","protected":false},"author":1,"featured_media":0,"comment_status":"open","ping_status":"open","sticky":false,"template":"","format":"standard","meta":{"advanced_seo_description":"","jetpack_seo_html_title":"","jetpack_seo_noindex":false,"jetpack_post_was_ever_published":false,"_jetpack_newsletter_access":"","_jetpack_dont_email_post_to_subs":true,"_jetpack_newsletter_tier_id":0,"_jetpack_memberships_contains_paywalled_content":false,"_jetpack_memberships_contains_paid_content":false,"footnotes":"","jetpack_publicize_message":"","jetpack_publicize_feature_enabled":true,"jetpack_social_post_already_shared":false,"jetpack_social_options":{"image_generator_settings":{"template":"highway","default_image_id":0,"font":"","enabled":false},"version":2}},"categories":[3],"tags":[22,143,2116,2220,1685,285,2121,2855,360,2123,2114,10,1303,939,12,2222,2221,790,539],"class_list":["post-7733","post","type-post","status-publish","format-standard","hentry","category-lo-nuevo","tag-cuento","tag-edgar-omar-aviles","tag-ediciones-b","tag-eusebio-ruvalcaba","tag-guillermo-vega-zaragoza","tag-imaginacion","tag-jantipa","tag-literatura","tag-literatura-fantastica","tag-luna-cinema","tag-maria-elena-sarmiento","tag-novela","tag-novela-historica","tag-palacio-de-bellas-artes","tag-presentaciones","tag-rosario-sarmiento","tag-socrates","tag-tierra-adentro","tag-veronica-murguia"],"jetpack_publicize_connections":[],"jetpack_featured_media_url":"","jetpack_shortlink":"https:\/\/wp.me\/pjEhq-20J","jetpack_sharing_enabled":true,"_links":{"self":[{"href":"https:\/\/www.lashistorias.com.mx\/index.php\/wp-json\/wp\/v2\/posts\/7733","targetHints":{"allow":["GET"]}}],"collection":[{"href":"https:\/\/www.lashistorias.com.mx\/index.php\/wp-json\/wp\/v2\/posts"}],"about":[{"href":"https:\/\/www.lashistorias.com.mx\/index.php\/wp-json\/wp\/v2\/types\/post"}],"author":[{"embeddable":true,"href":"https:\/\/www.lashistorias.com.mx\/index.php\/wp-json\/wp\/v2\/users\/1"}],"replies":[{"embeddable":true,"href":"https:\/\/www.lashistorias.com.mx\/index.php\/wp-json\/wp\/v2\/comments?post=7733"}],"version-history":[{"count":8,"href":"https:\/\/www.lashistorias.com.mx\/index.php\/wp-json\/wp\/v2\/posts\/7733\/revisions"}],"predecessor-version":[{"id":7743,"href":"https:\/\/www.lashistorias.com.mx\/index.php\/wp-json\/wp\/v2\/posts\/7733\/revisions\/7743"}],"wp:attachment":[{"href":"https:\/\/www.lashistorias.com.mx\/index.php\/wp-json\/wp\/v2\/media?parent=7733"}],"wp:term":[{"taxonomy":"category","embeddable":true,"href":"https:\/\/www.lashistorias.com.mx\/index.php\/wp-json\/wp\/v2\/categories?post=7733"},{"taxonomy":"post_tag","embeddable":true,"href":"https:\/\/www.lashistorias.com.mx\/index.php\/wp-json\/wp\/v2\/tags?post=7733"}],"curies":[{"name":"wp","href":"https:\/\/api.w.org\/{rel}","templated":true}]}}