{"id":7595,"date":"2010-12-08T11:01:35","date_gmt":"2010-12-08T17:01:35","guid":{"rendered":"http:\/\/www.lashistorias.com.mx\/?p=7595"},"modified":"2016-10-26T10:21:30","modified_gmt":"2016-10-26T15:21:30","slug":"el-senor-de-los-perros-lecturas-y-mas","status":"publish","type":"post","link":"https:\/\/www.lashistorias.com.mx\/index.php\/el-senor-de-los-perros-lecturas-y-mas\/","title":{"rendered":"\u00abEl se\u00f1or de los perros\u00bb, lecturas y m\u00e1s"},"content":{"rendered":"<div align=center>[fusion_builder_container hundred_percent=\u00bbyes\u00bb overflow=\u00bbvisible\u00bb][fusion_builder_row][fusion_builder_column type=\u00bb1_1&#8243; background_position=\u00bbleft top\u00bb background_color=\u00bb\u00bb border_size=\u00bb\u00bb border_color=\u00bb\u00bb border_style=\u00bbsolid\u00bb spacing=\u00bbyes\u00bb background_image=\u00bb\u00bb background_repeat=\u00bbno-repeat\u00bb padding=\u00bb\u00bb margin_top=\u00bb0px\u00bb margin_bottom=\u00bb0px\u00bb class=\u00bb\u00bb id=\u00bb\u00bb animation_type=\u00bb\u00bb animation_speed=\u00bb0.3&#8243; animation_direction=\u00bbleft\u00bb hide_on_mobile=\u00bbno\u00bb center_content=\u00bbno\u00bb min_height=\u00bbnone\u00bb]<figure id=\"attachment_7610\" aria-describedby=\"caption-attachment-7610\" style=\"width: 300px\" class=\"wp-caption alignnone\"><a ref=\"magnificPopup\" href=\"https:\/\/www.lashistorias.com.mx\/wp-content\/uploads\/2010\/12\/chimal1.jpg\"><img loading=\"lazy\" decoding=\"async\" data-attachment-id=\"7610\" data-permalink=\"https:\/\/www.lashistorias.com.mx\/index.php\/el-senor-de-los-perros-lecturas-y-mas\/chimal1\/\" data-orig-file=\"https:\/\/www.lashistorias.com.mx\/wp-content\/uploads\/2010\/12\/chimal1.jpg\" data-orig-size=\"1417,945\" data-comments-opened=\"1\" data-image-meta=\"{&quot;aperture&quot;:&quot;0&quot;,&quot;credit&quot;:&quot;&quot;,&quot;camera&quot;:&quot;&quot;,&quot;caption&quot;:&quot;&quot;,&quot;created_timestamp&quot;:&quot;0&quot;,&quot;copyright&quot;:&quot;&quot;,&quot;focal_length&quot;:&quot;0&quot;,&quot;iso&quot;:&quot;0&quot;,&quot;shutter_speed&quot;:&quot;0&quot;,&quot;title&quot;:&quot;&quot;}\" data-image-title=\"Ilustraci\u00f3n de J. M. Navella\" data-image-description=\"\" data-image-caption=\"&lt;p&gt;(clic para ampliar)&lt;\/p&gt;\n\" data-large-file=\"https:\/\/www.lashistorias.com.mx\/wp-content\/uploads\/2010\/12\/chimal1-1024x682.jpg\" src=\"https:\/\/www.lashistorias.com.mx\/wp-content\/uploads\/2010\/12\/chimal1-300x200.jpg\" alt=\"\" title=\"Ilustraci\u00f3n de J. M. Navella\" width=\"300\" height=\"200\" class=\"size-medium wp-image-7610\" srcset=\"https:\/\/www.lashistorias.com.mx\/wp-content\/uploads\/2010\/12\/chimal1-300x200.jpg 300w, https:\/\/www.lashistorias.com.mx\/wp-content\/uploads\/2010\/12\/chimal1-1024x682.jpg 1024w, https:\/\/www.lashistorias.com.mx\/wp-content\/uploads\/2010\/12\/chimal1.jpg 1417w\" sizes=\"auto, (max-width: 300px) 100vw, 300px\" \/><\/a><figcaption id=\"caption-attachment-7610\" class=\"wp-caption-text\">(clic para ampliar)<\/figcaption><\/figure><\/div>\n<p>Despu\u00e9s de cierto tiempo he publicado un cuento nuevo: <a href=\"http:\/\/www.caratula.net\/ediciones\/39\/narrativa-achimal.php\">\u00abEl se\u00f1or de los perros\u00bb<\/a>, que est\u00e1 en el n\u00famero 39 de la revista virtual <em>Car\u00e1tula<\/em>, hecha en Nicaragua y dirigida por Sergio Ram\u00edrez.<br \/>\n&nbsp;&nbsp;&nbsp;&nbsp;&nbsp;&nbsp;El cuento refiere una serie de hechos brutales en la voz de varias mujeres. Viene como parte de una <a href=\"http:\/\/www.caratula.net\/ediciones\/39\/narrativa.php\">entrega de narrativa<\/a> que tambi\u00e9n contiene textos de Mario Bellatin, Marina Porcelli, Yordis Monteser\u00edn y Luis B\u00e1ez. Agradezco la invitaci\u00f3n a Ulises Ju\u00e1rez Polanco.<\/p>\n<div align=center><img loading=\"lazy\" decoding=\"async\" data-attachment-id=\"7596\" data-permalink=\"https:\/\/www.lashistorias.com.mx\/index.php\/el-senor-de-los-perros-lecturas-y-mas\/caratuladecaratula\/\" data-orig-file=\"https:\/\/www.lashistorias.com.mx\/wp-content\/uploads\/2010\/12\/caratuladecaratula.jpg\" data-orig-size=\"480,107\" data-comments-opened=\"1\" data-image-meta=\"{&quot;aperture&quot;:&quot;0&quot;,&quot;credit&quot;:&quot;&quot;,&quot;camera&quot;:&quot;&quot;,&quot;caption&quot;:&quot;&quot;,&quot;created_timestamp&quot;:&quot;0&quot;,&quot;copyright&quot;:&quot;&quot;,&quot;focal_length&quot;:&quot;0&quot;,&quot;iso&quot;:&quot;0&quot;,&quot;shutter_speed&quot;:&quot;0&quot;,&quot;title&quot;:&quot;&quot;}\" data-image-title=\"caratuladecaratula\" data-image-description=\"\" data-image-caption=\"\" data-large-file=\"https:\/\/www.lashistorias.com.mx\/wp-content\/uploads\/2010\/12\/caratuladecaratula.jpg\" src=\"https:\/\/www.lashistorias.com.mx\/wp-content\/uploads\/2010\/12\/caratuladecaratula.jpg\" alt=\"La car\u00e1tula de Car\u00e1tula\" title=\"caratuladecaratula\" width=\"480\" height=\"107\" class=\"alignnone size-full wp-image-7596\" srcset=\"https:\/\/www.lashistorias.com.mx\/wp-content\/uploads\/2010\/12\/caratuladecaratula.jpg 480w, https:\/\/www.lashistorias.com.mx\/wp-content\/uploads\/2010\/12\/caratuladecaratula-300x66.jpg 300w\" sizes=\"auto, (max-width: 480px) 100vw, 480px\" \/><\/div>\n<p>Aparte, mi amigo <a href=\"http:\/\/twitter.com\/rufianmelancoli\">Carlos Ram\u00f3n Morales<\/a> (cuya bit\u00e1cora <em><a href=\"http:\/\/lelrufianmelancolico.blogspot.com\/\">Las opiniones del Rufi\u00e1n Melanc\u00f3lico<\/a><\/em> ha salido a relucir aqu\u00ed algunas veces) me hizo hace tiempo una entrevista que ahora publica en dos partes (<a href=\"http:\/\/www.distintaslatitudes.net\/?p=636\">primera<\/a> y <a href=\"http:\/\/www.distintaslatitudes.net\/?p=727\">segunda<\/a>) la revista virtual <em><a href=\"http:\/\/www.distintaslatitudes.net\/\">Distintas Latitudes<\/a><\/em>. Hablamos de literatura, de imaginaci\u00f3n y hasta de actualidad. Las ilustraciones del texto &#8211;aqu\u00ed se reproduce una, al comienzo de la nota&#8211; son de Juan M. Tavella.<\/p>\n<div align=center><img loading=\"lazy\" decoding=\"async\" data-attachment-id=\"7606\" data-permalink=\"https:\/\/www.lashistorias.com.mx\/index.php\/el-senor-de-los-perros-lecturas-y-mas\/provcov\/\" data-orig-file=\"https:\/\/www.lashistorias.com.mx\/wp-content\/uploads\/2010\/12\/provcov.jpg\" data-orig-size=\"200,304\" data-comments-opened=\"1\" data-image-meta=\"{&quot;aperture&quot;:&quot;0&quot;,&quot;credit&quot;:&quot;&quot;,&quot;camera&quot;:&quot;&quot;,&quot;caption&quot;:&quot;&quot;,&quot;created_timestamp&quot;:&quot;0&quot;,&quot;copyright&quot;:&quot;&quot;,&quot;focal_length&quot;:&quot;0&quot;,&quot;iso&quot;:&quot;0&quot;,&quot;shutter_speed&quot;:&quot;0&quot;,&quot;title&quot;:&quot;&quot;}\" data-image-title=\"Cubierta de Providence, de Juan Francisco Ferr\u00e9\" data-image-description=\"\" data-image-caption=\"\" data-large-file=\"https:\/\/www.lashistorias.com.mx\/wp-content\/uploads\/2010\/12\/provcov.jpg\" src=\"https:\/\/www.lashistorias.com.mx\/wp-content\/uploads\/2010\/12\/provcov.jpg\" alt=\"\" title=\"Cubierta de Providence, de Juan Francisco Ferr\u00e9\" width=\"200\" height=\"304\" class=\"alignnone size-full wp-image-7606\" srcset=\"https:\/\/www.lashistorias.com.mx\/wp-content\/uploads\/2010\/12\/provcov.jpg 200w, https:\/\/www.lashistorias.com.mx\/wp-content\/uploads\/2010\/12\/provcov-197x300.jpg 197w\" sizes=\"auto, (max-width: 200px) 100vw, 200px\" \/><\/div>\n<p>Para completar esta serie de avisos: otra revista virtual, <a href=\"http:\/\/hermanocerdo.anarchyweb.org\/\">Hermanocerdo<\/a>, est\u00e1 publicando un especial, <a href=\"http:\/\/hermanocerdo.anarchyweb.org\/index.php\/2010\/12\/lecturas-de-2010\/\">\u00abLas lecturas de 2010\u00bb<\/a>, en el que varias personas hemos sido invitadas a escribir sobre los mejores libros que le\u00edmos en el a\u00f1o. <a href=\"http:\/\/hermanocerdo.anarchyweb.org\/index.php\/2010\/12\/las-lecturas-de-2010-alberto-chimal\/\">Mi propia lista<\/a> (muy breve por razones que all\u00ed se explican) acompa\u00f1a a las de Antonio Jim\u00e9nez Morato, Ren\u00e9 L\u00f3pez Villamar, David Miklos, Pablo Mu\u00f1oz, Mart\u00edn Cristal, Javier Avil\u00e9s, Walter Duer y los que se acumulen esta semana.<br \/>\n&nbsp;&nbsp;&nbsp;&nbsp;&nbsp;&nbsp;(Extra\u00f1\u00edsimamente, esa propuesta de escribir lleg\u00f3 al mismo tiempo que dos invitaciones a recomendar libros, con diferentes fines, para el diario <em>Reforma<\/em> y la revista <em>Emeequis<\/em>. La primera de estas dos aparecer\u00e1 pasado ma\u00f1ana, viernes 10, en el suplemento <em>Primera fila<\/em>, y la segunda en el siguiente n\u00famero de la revista. Creo que logr\u00e9 no repetirme.)<\/p>\n<div align=center>* * *<\/div>\n<p>Para terminar, aparte todo de lo anterior, \u00bfno deber\u00eda llamar m\u00e1s la atenci\u00f3n la salud de publicaciones virtuales hispanoamericanas como las que he mencionado en esta nota? Funcionan sin ser ap\u00e9ndices de revistas impresas, logran varias cosas imposibles para esas revistas y las de buena calidad son m\u00e1s abundantes de lo que parece&#8230; Su existencia es otra buena raz\u00f3n, creo, para preocuparse por que la informaci\u00f3n en internet circule con libertad y haya contrapesos que impidan que una o varias empresas &#8211;como se ha visto que puede pasar&#8211; tengan la posibilidad de negar arbitrariamente el acceso a lo que les desagrada o los asusta.[\/fusion_builder_column][\/fusion_builder_row][\/fusion_builder_container]\n","protected":false},"excerpt":{"rendered":"<p>[fusion_builder_container hundred_percent=\u00bbyes\u00bb overflow=\u00bbvisible\u00bb][fusion_builder_row][fusion_builder_column type=\u00bb1_1&#8243; background_position=\u00bbleft top\u00bb background_color=\u00bb\u00bb border_size=\u00bb\u00bb border_color=\u00bb\u00bb border_style=\u00bbsolid\u00bb spacing=\u00bbyes\u00bb background_image=\u00bb\u00bb background_repeat=\u00bbno-repeat\u00bb padding=\u00bb\u00bb margin_top=\u00bb0px\u00bb margin_bottom=\u00bb0px\u00bb class=\u00bb\u00bb id=\u00bb\u00bb animation_type=\u00bb\u00bb animation_speed=\u00bb0.3&#8243; animation_direction=\u00bbleft\u00bb hide_on_mobile=\u00bbno\u00bb center_content=\u00bbno\u00bb min_height=\u00bbnone\u00bb] Despu\u00e9s de cierto tiempo he publicado un cuento nuevo: \u00abEl se\u00f1or de los perros\u00bb, que est\u00e1 en el n\u00famero 39 de la revista virtual Car\u00e1tula, hecha en Nicaragua y dirigida por&#8230;<\/p>\n","protected":false},"author":1,"featured_media":0,"comment_status":"open","ping_status":"open","sticky":false,"template":"","format":"standard","meta":{"advanced_seo_description":"","jetpack_seo_html_title":"","jetpack_seo_noindex":false,"jetpack_post_was_ever_published":false,"_jetpack_newsletter_access":"","_jetpack_dont_email_post_to_subs":true,"_jetpack_newsletter_tier_id":0,"_jetpack_memberships_contains_paywalled_content":false,"_jetpack_memberships_contains_paid_content":false,"footnotes":"","jetpack_publicize_message":"","jetpack_publicize_feature_enabled":true,"jetpack_social_post_already_shared":false,"jetpack_social_options":{"image_generator_settings":{"template":"highway","default_image_id":0,"font":"","enabled":false},"version":2}},"categories":[1520,3],"tags":[2194,18,844,22,639,2192,2185,2200,660,275,8,309,2179,2190,2191,2855,2189,2187,379,2197,2511,11,2196,2856,2199,2195,2864,1152,2186,2193,2198,2188],"class_list":["post-7595","post","type-post","status-publish","format-standard","hentry","category-cuaderno","category-lo-nuevo","tag-antonio-jimenez-morato","tag-blogosfera","tag-carlos-ramon-morales","tag-cuento","tag-david-miklos","tag-distintas-latitudes","tag-el-senor-de-los-perros","tag-emeequis","tag-entrevistas","tag-hermanocerdo","tag-internet","tag-javier-aviles","tag-juan-francisco-ferre","tag-juan-m-tavella","tag-las-lecturas-de-2010","tag-literatura","tag-luis-baez","tag-marina-porcelli","tag-mario-bellatin","tag-martin-cristal","tag-noticias","tag-opiniones","tag-pablo-munoz","tag-publicaciones","tag-reforma","tag-rene-lopez-villamar","tag-revistas","tag-revistas-virtuales","tag-sergio-ramirez","tag-ulises-juarez-polanco","tag-walter-duer","tag-yordis-monteserin"],"jetpack_publicize_connections":[],"jetpack_featured_media_url":"","jetpack_shortlink":"https:\/\/wp.me\/pjEhq-1Yv","jetpack_sharing_enabled":true,"_links":{"self":[{"href":"https:\/\/www.lashistorias.com.mx\/index.php\/wp-json\/wp\/v2\/posts\/7595","targetHints":{"allow":["GET"]}}],"collection":[{"href":"https:\/\/www.lashistorias.com.mx\/index.php\/wp-json\/wp\/v2\/posts"}],"about":[{"href":"https:\/\/www.lashistorias.com.mx\/index.php\/wp-json\/wp\/v2\/types\/post"}],"author":[{"embeddable":true,"href":"https:\/\/www.lashistorias.com.mx\/index.php\/wp-json\/wp\/v2\/users\/1"}],"replies":[{"embeddable":true,"href":"https:\/\/www.lashistorias.com.mx\/index.php\/wp-json\/wp\/v2\/comments?post=7595"}],"version-history":[{"count":21,"href":"https:\/\/www.lashistorias.com.mx\/index.php\/wp-json\/wp\/v2\/posts\/7595\/revisions"}],"predecessor-version":[{"id":12720,"href":"https:\/\/www.lashistorias.com.mx\/index.php\/wp-json\/wp\/v2\/posts\/7595\/revisions\/12720"}],"wp:attachment":[{"href":"https:\/\/www.lashistorias.com.mx\/index.php\/wp-json\/wp\/v2\/media?parent=7595"}],"wp:term":[{"taxonomy":"category","embeddable":true,"href":"https:\/\/www.lashistorias.com.mx\/index.php\/wp-json\/wp\/v2\/categories?post=7595"},{"taxonomy":"post_tag","embeddable":true,"href":"https:\/\/www.lashistorias.com.mx\/index.php\/wp-json\/wp\/v2\/tags?post=7595"}],"curies":[{"name":"wp","href":"https:\/\/api.w.org\/{rel}","templated":true}]}}