{"id":7491,"date":"2010-11-19T15:24:13","date_gmt":"2010-11-19T21:24:13","guid":{"rendered":"http:\/\/www.lashistorias.com.mx\/?p=7491"},"modified":"2016-10-26T10:21:36","modified_gmt":"2016-10-26T15:21:36","slug":"presentacion-de-cuentos-del-cuerpo","status":"publish","type":"post","link":"https:\/\/www.lashistorias.com.mx\/index.php\/presentacion-de-cuentos-del-cuerpo\/","title":{"rendered":"Presentaci\u00f3n de <em>Cuentos del cuerpo<\/em>"},"content":{"rendered":"<p>El pr\u00f3ximo martes 23, a las 19:00 horas, <a href=\"http:\/\/ombloguismo.blogspot.com\/2010\/11\/presentacion-de-cuentos-del-cuerpo-de.html\">Guillermo Vega Zaragoza<\/a> y yo presentaremos el libro <em><a href=\"http:\/\/www.felou.com\/libros\/cuerpo.html\">Cuentos del cuerpo<\/a><\/em> de Mar\u00eda Elena Sarmiento, publicado por <a href=\"http:\/\/www.felou.com\">Ediciones Felou<\/a>.<\/p>\n<div align=center>[fusion_builder_container hundred_percent=\u00bbyes\u00bb overflow=\u00bbvisible\u00bb][fusion_builder_row][fusion_builder_column type=\u00bb1_1&#8243; background_position=\u00bbleft top\u00bb background_color=\u00bb\u00bb border_size=\u00bb\u00bb border_color=\u00bb\u00bb border_style=\u00bbsolid\u00bb spacing=\u00bbyes\u00bb background_image=\u00bb\u00bb background_repeat=\u00bbno-repeat\u00bb padding=\u00bb\u00bb margin_top=\u00bb0px\u00bb margin_bottom=\u00bb0px\u00bb class=\u00bb\u00bb id=\u00bb\u00bb animation_type=\u00bb\u00bb animation_speed=\u00bb0.3&#8243; animation_direction=\u00bbleft\u00bb hide_on_mobile=\u00bbno\u00bb center_content=\u00bbno\u00bb min_height=\u00bbnone\u00bb]<figure id=\"attachment_7344\" aria-describedby=\"caption-attachment-7344\" style=\"width: 225px\" class=\"wp-caption alignnone\"><a ref=\"magnificPopup\" href=\"https:\/\/www.lashistorias.com.mx\/wp-content\/uploads\/2010\/10\/Cuerpo.jpg\"><img loading=\"lazy\" decoding=\"async\" data-attachment-id=\"7344\" data-permalink=\"https:\/\/www.lashistorias.com.mx\/index.php\/cuatro-novedades\/cuerpo\/\" data-orig-file=\"https:\/\/www.lashistorias.com.mx\/wp-content\/uploads\/2010\/10\/Cuerpo.jpg\" data-orig-size=\"1536,2048\" data-comments-opened=\"1\" data-image-meta=\"{&quot;aperture&quot;:&quot;2.8&quot;,&quot;credit&quot;:&quot;&quot;,&quot;camera&quot;:&quot;iPhone 3GS&quot;,&quot;caption&quot;:&quot;&quot;,&quot;created_timestamp&quot;:&quot;1287994040&quot;,&quot;copyright&quot;:&quot;&quot;,&quot;focal_length&quot;:&quot;3.85&quot;,&quot;iso&quot;:&quot;64&quot;,&quot;shutter_speed&quot;:&quot;0.00523560209424&quot;,&quot;title&quot;:&quot;&quot;}\" data-image-title=\"Cuentos del cuerpo\" data-image-description=\"\" data-image-caption=\"&lt;p&gt;clic para ampliar&lt;\/p&gt;\n\" data-large-file=\"https:\/\/www.lashistorias.com.mx\/wp-content\/uploads\/2010\/10\/Cuerpo-768x1024.jpg\" src=\"https:\/\/www.lashistorias.com.mx\/wp-content\/uploads\/2010\/10\/Cuerpo-225x300.jpg\" alt=\"\" title=\"Cuentos del cuerpo\" width=\"225\" height=\"300\" class=\"size-medium wp-image-7344\" srcset=\"https:\/\/www.lashistorias.com.mx\/wp-content\/uploads\/2010\/10\/Cuerpo-225x300.jpg 225w, https:\/\/www.lashistorias.com.mx\/wp-content\/uploads\/2010\/10\/Cuerpo-768x1024.jpg 768w, https:\/\/www.lashistorias.com.mx\/wp-content\/uploads\/2010\/10\/Cuerpo.jpg 1536w\" sizes=\"auto, (max-width: 225px) 100vw, 225px\" \/><\/a><figcaption id=\"caption-attachment-7344\" class=\"wp-caption-text\">clic para ampliar<\/figcaption><\/figure><\/div>\n<p>La cita es en Casa Lamm, ubicada en \u00c1lvaro Obreg\u00f3n No. 99, en la colonia Roma de la ciudad de M\u00e9xico. Ojal\u00e1 nos encontremos por all\u00e1 para celebrar este nuevo libro de una amiga querida. Dejo un fragmento del texto que escrib\u00ed para la contraportada del mismo:<\/p>\n<p><!--more--><\/p>\n<blockquote><p>Estamos hechos de palabras. No es que la materia de nuestros brazos y piernas, cabello, ojos y v\u00edsceras sean verbos, adjetivos ni preposiciones. Es algo m\u00e1s profundo: la sustancia de nuestro pensamiento, la que nos permite existir en el mundo y a la vez intentar comprenderlo, s\u00ed es el lenguaje. Todo nuestro interior, vasto, insondable, se manifiesta por medio de esos pocos signos, de esas formas intangibles que llamamos palabras.<br \/>\n&nbsp;&nbsp;&nbsp;&nbsp;&nbsp;&nbsp;Algunos piensan que no podemos escapar de ellas y de sus restricciones, como tampoco es posible escapar de la fragilidad creciente de los huesos, del paso incontenible del tiempo; otros, sostienen que las palabras nos acompa\u00f1an como un amigo constante, como el coraz\u00f3n y los pulmones que siempre est\u00e1n en marcha y de los que depende nuestra vida entera; sea como sea, las palabras est\u00e1n all\u00ed (est\u00e1n aqu\u00ed) y forman el otro cuerpo que tenemos: el de nuestra memoria, nuestra imaginaci\u00f3n, nuestros pensamientos.<br \/>\nIncluso, nuestros pensamientos sobre el cuerpo.<br \/>\n&nbsp;&nbsp;&nbsp;&nbsp;&nbsp;&nbsp;Cuentos del cuerpo nos recuerda estas ideas extra\u00f1as y las vuelve entra\u00f1ables pues contiene historias muy diversas sobre la parte f\u00edsica de nuestra vida, la que parecer\u00eda m\u00e1s ajena al lenguaje y que, sin embargo, vuelve a \u00e9l una y otra vez. El dolor, la pasi\u00f3n, el hambre y el hartazgo, el miedo y el ensue\u00f1o, todos los estados f\u00edsicos del cuerpo representan aqu\u00ed momentos cruciales de la vida de diversos personajes que, sin duda, se nos parecen. [\/fusion_builder_column][fusion_builder_column type=\u00bb1_1&#8243; background_position=\u00bbleft top\u00bb background_color=\u00bb\u00bb border_size=\u00bb\u00bb border_color=\u00bb\u00bb border_style=\u00bbsolid\u00bb spacing=\u00bbyes\u00bb background_image=\u00bb\u00bb background_repeat=\u00bbno-repeat\u00bb padding=\u00bb\u00bb margin_top=\u00bb0px\u00bb margin_bottom=\u00bb0px\u00bb class=\u00bb\u00bb id=\u00bb\u00bb animation_type=\u00bb\u00bb animation_speed=\u00bb0.3&#8243; animation_direction=\u00bbleft\u00bb hide_on_mobile=\u00bbno\u00bb center_content=\u00bbno\u00bb min_height=\u00bbnone\u00bb][&#8230;]<\/blockquote>\n[\/fusion_builder_column][\/fusion_builder_row][\/fusion_builder_container]\n","protected":false},"excerpt":{"rendered":"<p>El pr\u00f3ximo martes 23, a las 19:00 horas, Guillermo Vega Zaragoza y yo presentaremos el libro Cuentos del cuerpo de Mar\u00eda Elena Sarmiento, publicado por Ediciones Felou. [fusion_builder_container hundred_percent=\u00bbyes\u00bb overflow=\u00bbvisible\u00bb][fusion_builder_row][fusion_builder_column type=\u00bb1_1&#8243; background_position=\u00bbleft top\u00bb background_color=\u00bb\u00bb border_size=\u00bb\u00bb border_color=\u00bb\u00bb border_style=\u00bbsolid\u00bb spacing=\u00bbyes\u00bb background_image=\u00bb\u00bb background_repeat=\u00bbno-repeat\u00bb padding=\u00bb\u00bb margin_top=\u00bb0px\u00bb margin_bottom=\u00bb0px\u00bb class=\u00bb\u00bb id=\u00bb\u00bb animation_type=\u00bb\u00bb animation_speed=\u00bb0.3&#8243; animation_direction=\u00bbleft\u00bb hide_on_mobile=\u00bbno\u00bb center_content=\u00bbno\u00bb min_height=\u00bbnone\u00bb] La cita es en&#8230;<\/p>\n","protected":false},"author":1,"featured_media":0,"comment_status":"open","ping_status":"open","sticky":false,"template":"","format":"standard","meta":{"advanced_seo_description":"","jetpack_seo_html_title":"","jetpack_seo_noindex":false,"jetpack_post_was_ever_published":false,"_jetpack_newsletter_access":"","_jetpack_dont_email_post_to_subs":true,"_jetpack_newsletter_tier_id":0,"_jetpack_memberships_contains_paywalled_content":false,"_jetpack_memberships_contains_paid_content":false,"footnotes":"","jetpack_publicize_message":"","jetpack_publicize_feature_enabled":true,"jetpack_social_post_already_shared":false,"jetpack_social_options":{"image_generator_settings":{"template":"highway","default_image_id":0,"font":"","enabled":false},"version":2}},"categories":[3],"tags":[17,2146,22,2120,2145,1685,2855,2114,12],"class_list":["post-7491","post","type-post","status-publish","format-standard","hentry","category-lo-nuevo","tag-amistades","tag-casa-lamm","tag-cuento","tag-cuentos-del-cuerpo","tag-ediciones-felou","tag-guillermo-vega-zaragoza","tag-literatura","tag-maria-elena-sarmiento","tag-presentaciones"],"jetpack_publicize_connections":[],"jetpack_featured_media_url":"","jetpack_shortlink":"https:\/\/wp.me\/pjEhq-1WP","jetpack_sharing_enabled":true,"_links":{"self":[{"href":"https:\/\/www.lashistorias.com.mx\/index.php\/wp-json\/wp\/v2\/posts\/7491","targetHints":{"allow":["GET"]}}],"collection":[{"href":"https:\/\/www.lashistorias.com.mx\/index.php\/wp-json\/wp\/v2\/posts"}],"about":[{"href":"https:\/\/www.lashistorias.com.mx\/index.php\/wp-json\/wp\/v2\/types\/post"}],"author":[{"embeddable":true,"href":"https:\/\/www.lashistorias.com.mx\/index.php\/wp-json\/wp\/v2\/users\/1"}],"replies":[{"embeddable":true,"href":"https:\/\/www.lashistorias.com.mx\/index.php\/wp-json\/wp\/v2\/comments?post=7491"}],"version-history":[{"count":5,"href":"https:\/\/www.lashistorias.com.mx\/index.php\/wp-json\/wp\/v2\/posts\/7491\/revisions"}],"predecessor-version":[{"id":12728,"href":"https:\/\/www.lashistorias.com.mx\/index.php\/wp-json\/wp\/v2\/posts\/7491\/revisions\/12728"}],"wp:attachment":[{"href":"https:\/\/www.lashistorias.com.mx\/index.php\/wp-json\/wp\/v2\/media?parent=7491"}],"wp:term":[{"taxonomy":"category","embeddable":true,"href":"https:\/\/www.lashistorias.com.mx\/index.php\/wp-json\/wp\/v2\/categories?post=7491"},{"taxonomy":"post_tag","embeddable":true,"href":"https:\/\/www.lashistorias.com.mx\/index.php\/wp-json\/wp\/v2\/tags?post=7491"}],"curies":[{"name":"wp","href":"https:\/\/api.w.org\/{rel}","templated":true}]}}