{"id":7438,"date":"2010-11-05T11:46:16","date_gmt":"2010-11-05T17:46:16","guid":{"rendered":"http:\/\/www.lashistorias.com.mx\/?p=7438"},"modified":"2020-06-17T13:10:19","modified_gmt":"2020-06-17T18:10:19","slug":"el-sexo-de-la-escritura","status":"publish","type":"post","link":"https:\/\/www.lashistorias.com.mx\/index.php\/el-sexo-de-la-escritura\/","title":{"rendered":"\u00bfEl sexo de la escritura?"},"content":{"rendered":"<p>Entretanto, aqu\u00ed en M\u00e9xico, mientras la RAE propone <a href=\"http:\/\/www.elpais.com\/articulo\/cultura\/i\/griega\/llamara\/ye\/elpepucul\/20101105elpepucul_9\/Tes\">reformas ortogr\u00e1ficas<\/a> (incluyendo una \u00abcondena\u00bb a ciertos usos de la tilde que ha causado mucha risa, pero que muchas personas no notar\u00e1n debido al desastre de nuestro sistema educativo) y el ser l\u00fagubre se consolida como el nuevo ser c\u00ednico, esto:<\/p>\n<div align=center><figure id=\"attachment_7439\" aria-describedby=\"caption-attachment-7439\" style=\"width: 403px\" class=\"wp-caption alignnone\"><a ref=\"magnificPopup\" href=\"https:\/\/www.lashistorias.com.mx\/wp-content\/uploads\/2010\/11\/feminist.jpg\"><img loading=\"lazy\" decoding=\"async\" data-attachment-id=\"7439\" data-permalink=\"https:\/\/www.lashistorias.com.mx\/index.php\/el-sexo-de-la-escritura\/feminist\/\" data-orig-file=\"https:\/\/www.lashistorias.com.mx\/wp-content\/uploads\/2010\/11\/feminist.jpg\" data-orig-size=\"403,595\" data-comments-opened=\"1\" data-image-meta=\"{&quot;aperture&quot;:&quot;0&quot;,&quot;credit&quot;:&quot;&quot;,&quot;camera&quot;:&quot;&quot;,&quot;caption&quot;:&quot;&quot;,&quot;created_timestamp&quot;:&quot;0&quot;,&quot;copyright&quot;:&quot;&quot;,&quot;focal_length&quot;:&quot;0&quot;,&quot;iso&quot;:&quot;0&quot;,&quot;shutter_speed&quot;:&quot;0&quot;,&quot;title&quot;:&quot;&quot;}\" data-image-title=\"\u00abSi te digo que soy feminista&amp;#8230;\u00bb\" data-image-description=\"\" data-image-caption=\"&lt;p&gt;\u00abMira, gatita, me importa un carajo lo que pienses. \u00a1Si te digo que soy feminista, por Dios que lo soy!\u00bb &amp;#8212; Tomado del blog de Gabriela Dami\u00e1n&lt;\/p&gt;\n\" data-large-file=\"https:\/\/www.lashistorias.com.mx\/wp-content\/uploads\/2010\/11\/feminist.jpg\" src=\"https:\/\/www.lashistorias.com.mx\/wp-content\/uploads\/2010\/11\/feminist.jpg\" alt=\"\" title=\"&quot;Si te digo que soy feminista...&quot;\" width=\"403\" height=\"595\" class=\"size-full wp-image-7439\" srcset=\"https:\/\/www.lashistorias.com.mx\/wp-content\/uploads\/2010\/11\/feminist.jpg 403w, https:\/\/www.lashistorias.com.mx\/wp-content\/uploads\/2010\/11\/feminist-203x300.jpg 203w\" sizes=\"auto, (max-width: 403px) 100vw, 403px\" \/><\/a><figcaption id=\"caption-attachment-7439\" class=\"wp-caption-text\">&quot;Mira, gatita, me importa un carajo lo que pienses. \u00a1Si te digo que soy feminista, por Dios que lo soy!&quot;<br \/>(imagen tomada del blog de Gabriela Dami\u00e1n)<\/figcaption><\/figure><\/div>\n<p>Una amiga escritora, Gabriela Dami\u00e1n, me cont\u00f3 hace algunas semanas de su disgusto con un profesor que insist\u00eda en repetir que \u00abla escritura es masculina\u00bb. La frase fue dicha ante personas de ambos sexos, con plena convicci\u00f3n, y adem\u00e1s en una sesi\u00f3n de taller literario. Las mujeres presentes se indignaron pero el profesor no cedi\u00f3. Hab\u00eda cosas, dec\u00eda (resumiendo), que le sal\u00edan mejor a los hombres.<br \/>\n<!--more-->&nbsp;&nbsp;&nbsp;&nbsp;&nbsp;&nbsp;&nbsp;Hablando de esto, Gabriela y yo recordamos una pol\u00e9mica breve que tuvo lugar en septiembre entre Fernando Escalante Gonzalbo, H\u00e9ctor Aguilar Cam\u00edn y Luis Gonz\u00e1lez de Alba. El primero <a href=\"http:\/\/www.razon.com.mx\/spip.php?page=columnista&#038;id_article=48202\">not\u00f3 la disparidad<\/a> entre el n\u00famero de textos firmados por mujeres y el de los firmados por hombres en la revista <em>Letras Libres<\/em> (los primeros eran bastante menos que los segundos en el n\u00famero que revis\u00f3); Aguilar Cam\u00edn <a href=\"http:\/\/impreso.milenio.com\/node\/8839787\">agreg\u00f3<\/a> datos del <em>New Yorker<\/em>, <em>The New Republic<\/em> y la revista que dirige, <em>Nexos<\/em>. Gonz\u00e1lez de Alba <a href=\"http:\/\/impreso.milenio.com\/node\/8842488\">se opuso<\/a> a la idea de cubrir cuotas de g\u00e9nero, que ninguno de los dos articulistas estaba proponiendo, con p\u00e1rrafos como los siguientes:<\/p>\n<blockquote><p>Los hombres que sobresalen en ballet cl\u00e1sico, los que hacen arreglos florales para fiestas y los dise\u00f1adores de modas tienen fama de ser homosexuales. Y casi siempre lo son. Mujeres en levantamiento de pesas son lesbianas. En otros deportes tambi\u00e9n, no as\u00ed en tenis ni en clavados. Es que, sencillamente, hay actividades que no atraen a heterosexuales, hombres o mujeres. Y no es aprendizaje. Sin importar r\u00e9gimen ni sistema social, los estadios de futbol est\u00e1n llenos de hombres, como las arenas de box y lucha. O las publicaciones.<br \/>\n&nbsp;&nbsp;&nbsp;&nbsp;&nbsp;&nbsp;\u00bfY \u00e9stas por qu\u00e9? Porque en la refriega de la pol\u00edtica tambi\u00e9n los hombres suben con m\u00e1s facilidad que las mujeres: es \u201cla guerra por otros medios\u201d. Y las publicaciones son parte del panorama pol\u00edtico.<\/p><\/blockquote>\n<p>Por supuesto, la afirmaci\u00f3n del profesor que mencion\u00e9 al comienzo me parece una tonter\u00eda, un signo de machismo y de ignorancia; por supuesto, los argumentos de Gonz\u00e1lez de Alba me parecen indefendibles; y por supuesto, no est\u00e1 de m\u00e1s recordar esta cuesti\u00f3n ahora, que ya no es una novedad, porque no lo ha sido <em>nunca<\/em>. Sigue sucediendo y ha sucedido durante mucho tiempo: con otras palabras, a partir de otros hechos, estas defensas del \u00absexo\u00bb de la escritura son expresiones de los mismos prejuicios de siempre, que en \u00e9pocas recientes han dado la impresi\u00f3n de fortalecerse (se me ocurre ahora) solamente porque el conservadurismo ha dejado de ser pol\u00edticamente incorrecto. Igual sucede con la \u00abdiscusi\u00f3n\u00bb ya vieja sobre los <em>huevos<\/em> de los escritores (y las diferentes palabras que se emplean a veces en lugar de la que se refiere a los test\u00edculos). No estaba bien la hipocres\u00eda de otros tiempos, que manten\u00eda la desigualdad aunque fingiera ignorarla, pero este machismo alegre de ahora es peor.<br \/>\n&nbsp;&nbsp;&nbsp;&nbsp;&nbsp;&nbsp;Gabriela escribi\u00f3 <a href=\"http:\/\/naipesdeopalo.blogsome.com\/2010\/10\/07\/de-pena-ajena-mi-rey\/\">una nota excelente<\/a> sobre estas cuestiones en su blog, <em>Peque\u00f1os naipes de \u00f3palo<\/em>. Recomiendo que la lean a ella y a las ideas que propone.<\/p>\n","protected":false},"excerpt":{"rendered":"<p>Una pol\u00e9mica sobre el machismo que (por desgracia) parece no perder vigencia.<\/p>\n","protected":false},"author":1,"featured_media":11823,"comment_status":"open","ping_status":"open","sticky":false,"template":"","format":"standard","meta":{"advanced_seo_description":"","jetpack_seo_html_title":"","jetpack_seo_noindex":false,"jetpack_post_was_ever_published":false,"_jetpack_newsletter_access":"","_jetpack_dont_email_post_to_subs":true,"_jetpack_newsletter_tier_id":0,"_jetpack_memberships_contains_paywalled_content":false,"_jetpack_memberships_contains_paid_content":false,"footnotes":"","jetpack_publicize_message":"","jetpack_publicize_feature_enabled":true,"jetpack_social_post_already_shared":false,"jetpack_social_options":{"image_generator_settings":{"template":"highway","default_image_id":0,"font":"","enabled":false},"version":2}},"categories":[1520],"tags":[17,18,2866,25,2069,2137,1763,2135,26,2138,1839,2855,2136,1039,412,11,2141,447,2864,2139,2140],"class_list":["post-7438","post","type-post","status-publish","format-standard","has-post-thumbnail","hentry","category-cuaderno","tag-amistades","tag-blogosfera","tag-cuaderno","tag-escritores","tag-feminismo","tag-fernando-escalante-gonzalbo","tag-gabriela-damian","tag-hector-aguilar-camin","tag-historia-y-testimonio","tag-la-razon","tag-letras-libres","tag-literatura","tag-luis-gonzalez-de-alba","tag-machismo","tag-nexos","tag-opiniones","tag-perspectiva-de-genero","tag-prejuicios","tag-revistas","tag-the-new-republic","tag-the-new-yorker"],"jetpack_publicize_connections":[],"jetpack_featured_media_url":"https:\/\/www.lashistorias.com.mx\/wp-content\/uploads\/2015\/09\/IMG_7118.jpg","jetpack_shortlink":"https:\/\/wp.me\/pjEhq-1VY","jetpack_sharing_enabled":true,"_links":{"self":[{"href":"https:\/\/www.lashistorias.com.mx\/index.php\/wp-json\/wp\/v2\/posts\/7438","targetHints":{"allow":["GET"]}}],"collection":[{"href":"https:\/\/www.lashistorias.com.mx\/index.php\/wp-json\/wp\/v2\/posts"}],"about":[{"href":"https:\/\/www.lashistorias.com.mx\/index.php\/wp-json\/wp\/v2\/types\/post"}],"author":[{"embeddable":true,"href":"https:\/\/www.lashistorias.com.mx\/index.php\/wp-json\/wp\/v2\/users\/1"}],"replies":[{"embeddable":true,"href":"https:\/\/www.lashistorias.com.mx\/index.php\/wp-json\/wp\/v2\/comments?post=7438"}],"version-history":[{"count":23,"href":"https:\/\/www.lashistorias.com.mx\/index.php\/wp-json\/wp\/v2\/posts\/7438\/revisions"}],"predecessor-version":[{"id":15286,"href":"https:\/\/www.lashistorias.com.mx\/index.php\/wp-json\/wp\/v2\/posts\/7438\/revisions\/15286"}],"wp:featuredmedia":[{"embeddable":true,"href":"https:\/\/www.lashistorias.com.mx\/index.php\/wp-json\/wp\/v2\/media\/11823"}],"wp:attachment":[{"href":"https:\/\/www.lashistorias.com.mx\/index.php\/wp-json\/wp\/v2\/media?parent=7438"}],"wp:term":[{"taxonomy":"category","embeddable":true,"href":"https:\/\/www.lashistorias.com.mx\/index.php\/wp-json\/wp\/v2\/categories?post=7438"},{"taxonomy":"post_tag","embeddable":true,"href":"https:\/\/www.lashistorias.com.mx\/index.php\/wp-json\/wp\/v2\/tags?post=7438"}],"curies":[{"name":"wp","href":"https:\/\/api.w.org\/{rel}","templated":true}]}}