{"id":7418,"date":"2010-11-02T17:06:21","date_gmt":"2010-11-02T23:06:21","guid":{"rendered":"http:\/\/www.lashistorias.com.mx\/?p=7418"},"modified":"2016-10-26T10:21:38","modified_gmt":"2016-10-26T15:21:38","slug":"anotaciones-del-dia-de-muertos","status":"publish","type":"post","link":"https:\/\/www.lashistorias.com.mx\/index.php\/anotaciones-del-dia-de-muertos\/","title":{"rendered":"Anotaciones del D\u00eda de Muertos"},"content":{"rendered":"<div align=center><img loading=\"lazy\" decoding=\"async\" data-attachment-id=\"7419\" data-permalink=\"https:\/\/www.lashistorias.com.mx\/index.php\/anotaciones-del-dia-de-muertos\/dia-de-los-muertos-art-rj2\/\" data-orig-file=\"https:\/\/www.lashistorias.com.mx\/wp-content\/uploads\/2010\/11\/dia-de-los-muertos-art-rj2.jpg\" data-orig-size=\"319,400\" data-comments-opened=\"1\" data-image-meta=\"{&quot;aperture&quot;:&quot;0&quot;,&quot;credit&quot;:&quot;&quot;,&quot;camera&quot;:&quot;&quot;,&quot;caption&quot;:&quot;&quot;,&quot;created_timestamp&quot;:&quot;0&quot;,&quot;copyright&quot;:&quot;&quot;,&quot;focal_length&quot;:&quot;0&quot;,&quot;iso&quot;:&quot;0&quot;,&quot;shutter_speed&quot;:&quot;0&quot;,&quot;title&quot;:&quot;&quot;}\" data-image-title=\"D\u00eda de los muertos. Tomado del blog de Erika Mergruen\" data-image-description=\"\" data-image-caption=\"\" data-large-file=\"https:\/\/www.lashistorias.com.mx\/wp-content\/uploads\/2010\/11\/dia-de-los-muertos-art-rj2.jpg\" src=\"https:\/\/www.lashistorias.com.mx\/wp-content\/uploads\/2010\/11\/dia-de-los-muertos-art-rj2.jpg\" alt=\"\" title=\"D\u00eda de los muertos. Tomado del blog de Erika Mergruen\" width=\"319\" height=\"400\" class=\"alignnone size-full wp-image-7419\" srcset=\"https:\/\/www.lashistorias.com.mx\/wp-content\/uploads\/2010\/11\/dia-de-los-muertos-art-rj2.jpg 319w, https:\/\/www.lashistorias.com.mx\/wp-content\/uploads\/2010\/11\/dia-de-los-muertos-art-rj2-239x300.jpg 239w\" sizes=\"auto, (max-width: 319px) 100vw, 319px\" \/><\/div>\n<p>Alberto Buzali hizo una <a href=\"http:\/\/lapaginadebetobuzali.blogspot.com\/2010\/10\/epitafios-en-la-tumba-de-shakespeare.html\">breve antolog\u00eda de epitafios<\/a>, algunos famosos y otros menos.<\/p>\n<p>Erika Mergruen escribi\u00f3 <a href=\"http:\/\/criptas.blogspot.com\/2010\/11\/altar-y-perritos.html\">este texto<\/a> en su blog, <em>Criptas<\/em>.<\/p>\n<p>La colecci\u00f3n \u00abLa Guillotina\u00bb de libros gratuitos tiene en l\u00ednea <a href=\"http:\/\/www.scribd.com\/doc\/9655336\/La-Danza-Macabra\">la <em>Danza macabra<\/em><\/a> del cementerio de los Santos Inocentes de Par\u00eds: un texto esencial sobre la que siempre llega.<\/p>\n<p>El blog \u00abNuestra aparente rendici\u00f3n\u00bb enlaza a un proyecto colectivo: <a href=\"http:\/\/nuestraaparenterendicion.blogspot.com\/2010\/11\/segunda-entrega-de-dia-de-muertos-139.html\">los textos de 139 mujeres en recuerdo de las muertas de Ciudad Ju\u00e1rez<\/a>.<\/p>\n<p>Est\u00e1 en l\u00ednea, tambi\u00e9n, <a href=\"http:\/\/www.72migrantes.com\">72migrantes.com<\/a>, un proyecto de Alma Guillermoprieto: un altar virtual a los migrantes asesinados recientemente en Tamaulipas, con textos, m\u00fasica e im\u00e1genes.<\/p>\n<p>Y yo, hace rato, sal\u00ed a la calle, me detuve con Raquel en un restaurante y escuch\u00e9 la conversaci\u00f3n de dos personas.<br \/>\n&nbsp;&nbsp;&nbsp;&nbsp;&nbsp;&nbsp;&#8211;Antes &#8211;dijo una, mientras se com\u00eda una <em>gringa<\/em>: tacos de carne al pastor y queso&#8211; no estaba cerca la muerte. Y ahora aqu\u00ed est\u00e1, rondando.<br \/>\n&nbsp;&nbsp;&nbsp;&nbsp;&nbsp;&nbsp;Las palabras me parecieron una mentira vil: el signo de una hipocres\u00eda y una ceguera terribles. La violencia de estos d\u00edas es la que es, pero la muerte siempre ha estado entre nosotros. Simplemente algunos, los m\u00e1s afortunados, nos las hab\u00edamos arreglado para ignorar el sufrimiento de los otros, el miedo y el dolor. Ahora, que el grupo de los afortunados se ha reducido, muchos nos sentimos desprotegidos y vulnerables.<br \/>\n&nbsp;&nbsp;&nbsp;&nbsp;&nbsp;&nbsp;Pero esta conciencia deber\u00eda servirnos de algo. Despu\u00e9s de todo, a\u00fan estamos vivos.<\/p>\n","protected":false},"excerpt":{"rendered":"<p>Alberto Buzali hizo una breve antolog\u00eda de epitafios, algunos famosos y otros menos. Erika Mergruen escribi\u00f3 este texto en su blog, Criptas. La colecci\u00f3n \u00abLa Guillotina\u00bb de libros gratuitos tiene en l\u00ednea la Danza macabra del cementerio de los Santos Inocentes de Par\u00eds: un texto esencial sobre la que siempre llega. El blog \u00abNuestra aparente&#8230;<\/p>\n","protected":false},"author":1,"featured_media":0,"comment_status":"open","ping_status":"open","sticky":false,"template":"","format":"standard","meta":{"advanced_seo_description":"","jetpack_seo_html_title":"","jetpack_seo_noindex":false,"jetpack_post_was_ever_published":false,"_jetpack_newsletter_access":"","_jetpack_dont_email_post_to_subs":true,"_jetpack_newsletter_tier_id":0,"_jetpack_memberships_contains_paywalled_content":false,"_jetpack_memberships_contains_paid_content":false,"footnotes":"","jetpack_publicize_message":"","jetpack_publicize_feature_enabled":true,"jetpack_social_post_already_shared":false,"jetpack_social_options":{"image_generator_settings":{"template":"highway","default_image_id":0,"font":"","enabled":false},"version":2}},"categories":[1520],"tags":[2104,2128,17,18,570,2130,637,2129,182,7,26,705,2855,2076,11,443,2131],"class_list":["post-7418","post","type-post","status-publish","format-standard","hentry","category-cuaderno","tag-activismo","tag-alberto-buzali","tag-amistades","tag-blogosfera","tag-breves","tag-ciudad-juarez","tag-danza-macabra","tag-dia-de-muertos","tag-erika-mergruen","tag-hallazgos","tag-historia-y-testimonio","tag-la-guillotina","tag-literatura","tag-nuestra-aparente-rendicion","tag-opiniones","tag-politica","tag-violencia"],"jetpack_publicize_connections":[],"jetpack_featured_media_url":"","jetpack_shortlink":"https:\/\/wp.me\/pjEhq-1VE","jetpack_sharing_enabled":true,"_links":{"self":[{"href":"https:\/\/www.lashistorias.com.mx\/index.php\/wp-json\/wp\/v2\/posts\/7418","targetHints":{"allow":["GET"]}}],"collection":[{"href":"https:\/\/www.lashistorias.com.mx\/index.php\/wp-json\/wp\/v2\/posts"}],"about":[{"href":"https:\/\/www.lashistorias.com.mx\/index.php\/wp-json\/wp\/v2\/types\/post"}],"author":[{"embeddable":true,"href":"https:\/\/www.lashistorias.com.mx\/index.php\/wp-json\/wp\/v2\/users\/1"}],"replies":[{"embeddable":true,"href":"https:\/\/www.lashistorias.com.mx\/index.php\/wp-json\/wp\/v2\/comments?post=7418"}],"version-history":[{"count":8,"href":"https:\/\/www.lashistorias.com.mx\/index.php\/wp-json\/wp\/v2\/posts\/7418\/revisions"}],"predecessor-version":[{"id":7427,"href":"https:\/\/www.lashistorias.com.mx\/index.php\/wp-json\/wp\/v2\/posts\/7418\/revisions\/7427"}],"wp:attachment":[{"href":"https:\/\/www.lashistorias.com.mx\/index.php\/wp-json\/wp\/v2\/media?parent=7418"}],"wp:term":[{"taxonomy":"category","embeddable":true,"href":"https:\/\/www.lashistorias.com.mx\/index.php\/wp-json\/wp\/v2\/categories?post=7418"},{"taxonomy":"post_tag","embeddable":true,"href":"https:\/\/www.lashistorias.com.mx\/index.php\/wp-json\/wp\/v2\/tags?post=7418"}],"curies":[{"name":"wp","href":"https:\/\/api.w.org\/{rel}","templated":true}]}}