{"id":7380,"date":"2010-10-28T13:58:22","date_gmt":"2010-10-28T18:58:22","guid":{"rendered":"http:\/\/www.lashistorias.com.mx\/?p=7380"},"modified":"2016-10-26T10:21:39","modified_gmt":"2016-10-26T15:21:39","slug":"masacre-en-xoco-cine-de-horror","status":"publish","type":"post","link":"https:\/\/www.lashistorias.com.mx\/index.php\/masacre-en-xoco-cine-de-horror\/","title":{"rendered":"Masacre en Xoco: cine de horror"},"content":{"rendered":"<p>Los invito a \u00abMasacre en Xoco\u00bb: la Primera Jornada de Cine de Horror en la <a href=\"http:\/\/www.cinetecanacional.net\/\">Cineteca Nacional<\/a>, desde ma\u00f1ana, 29 de octubre, hasta el primero de noviembre. Habr\u00e1 conferencias, un homenaje al gran actor Germ\u00e1n Robles y, sobre todo, cine. La Cineteca est\u00e1 en Avenida M\u00e9xico Coyoac\u00e1n #389, colonia Xoco, en el lado sur de la ciudad de M\u00e9xico.<\/p>\n<div align=center>[fusion_builder_container hundred_percent=\u00bbyes\u00bb overflow=\u00bbvisible\u00bb][fusion_builder_row][fusion_builder_column type=\u00bb1_1&#8243; background_position=\u00bbleft top\u00bb background_color=\u00bb\u00bb border_size=\u00bb\u00bb border_color=\u00bb\u00bb border_style=\u00bbsolid\u00bb spacing=\u00bbyes\u00bb background_image=\u00bb\u00bb background_repeat=\u00bbno-repeat\u00bb padding=\u00bb\u00bb margin_top=\u00bb0px\u00bb margin_bottom=\u00bb0px\u00bb class=\u00bb\u00bb id=\u00bb\u00bb animation_type=\u00bb\u00bb animation_speed=\u00bb0.3&#8243; animation_direction=\u00bbleft\u00bb hide_on_mobile=\u00bbno\u00bb center_content=\u00bbno\u00bb min_height=\u00bbnone\u00bb]<figure id=\"attachment_7384\" aria-describedby=\"caption-attachment-7384\" style=\"width: 209px\" class=\"wp-caption alignnone\"><a ref=\"magnificPopup\" href=\"https:\/\/www.lashistorias.com.mx\/wp-content\/uploads\/2010\/10\/CartelMasacreenXoco-NEGRO.jpg\"><img loading=\"lazy\" decoding=\"async\" data-attachment-id=\"7384\" data-permalink=\"https:\/\/www.lashistorias.com.mx\/index.php\/masacre-en-xoco-cine-de-horror\/cartel-masacre-en-xoco\/\" data-orig-file=\"https:\/\/www.lashistorias.com.mx\/wp-content\/uploads\/2010\/10\/CartelMasacreenXoco-NEGRO.jpg\" data-orig-size=\"1157,1654\" data-comments-opened=\"1\" data-image-meta=\"{&quot;aperture&quot;:&quot;0&quot;,&quot;credit&quot;:&quot;&quot;,&quot;camera&quot;:&quot;&quot;,&quot;caption&quot;:&quot;&quot;,&quot;created_timestamp&quot;:&quot;0&quot;,&quot;copyright&quot;:&quot;&quot;,&quot;focal_length&quot;:&quot;0&quot;,&quot;iso&quot;:&quot;0&quot;,&quot;shutter_speed&quot;:&quot;0&quot;,&quot;title&quot;:&quot;Cartel Masacre en Xoco&quot;}\" data-image-title=\"Cartel Masacre en Xoco\" data-image-description=\"\" data-image-caption=\"&lt;p&gt;clic para ampliar&lt;\/p&gt;\n\" data-large-file=\"https:\/\/www.lashistorias.com.mx\/wp-content\/uploads\/2010\/10\/CartelMasacreenXoco-NEGRO-716x1024.jpg\" src=\"https:\/\/www.lashistorias.com.mx\/wp-content\/uploads\/2010\/10\/CartelMasacreenXoco-NEGRO-209x300.jpg\" alt=\"\" title=\"Cartel Masacre en Xoco\" width=\"209\" height=\"300\" class=\"size-medium wp-image-7384\" srcset=\"https:\/\/www.lashistorias.com.mx\/wp-content\/uploads\/2010\/10\/CartelMasacreenXoco-NEGRO-209x300.jpg 209w, https:\/\/www.lashistorias.com.mx\/wp-content\/uploads\/2010\/10\/CartelMasacreenXoco-NEGRO-716x1024.jpg 716w, https:\/\/www.lashistorias.com.mx\/wp-content\/uploads\/2010\/10\/CartelMasacreenXoco-NEGRO.jpg 1157w\" sizes=\"auto, (max-width: 209px) 100vw, 209px\" \/><\/a><figcaption id=\"caption-attachment-7384\" class=\"wp-caption-text\">clic para ampliar<\/figcaption><\/figure><\/div>\n<p>Yo participar\u00e9 en la mesa redonda \u00ab120 a\u00f1os de horror c\u00f3smico\u00bb, en homenaje a H. P. Lovecraft, el domingo 31 a las 14:00 horas, con Jos\u00e9 Luis Z\u00e1rate, Mauricio Matamoros y Rodrigo Vidal Tamayo. El programa completo, a continuaci\u00f3n:<\/p>\n<p><!--more--><strong>VIERNES 29<\/strong><\/p>\n<p><em>El bar\u00f3n del terror<\/em><br \/>\n(Chano Urueta, M\u00e9xico, 1962)<br \/>\n16:00 horas<\/p>\n<p>Mesa redonda Homenaje a Germ\u00e1n Robles<br \/>\n18:00 horas<\/p>\n<p><em>Rapi\u00f1a<\/em><br \/>\n(Carlos Enrique Taboada, M\u00e9xico, 1973)<br \/>\n20:00 horas<\/p>\n<p><strong>S\u00c1BADO 30<\/strong><\/p>\n<p>Mesa redonda Un siglo de terror. 1910 \u2013 2010.<br \/>\n14:00 horas<\/p>\n<p><em>Frankenstein<\/em><br \/>\n(James Whale, Estados Unidos, 1931)<br \/>\n16:00 horas<\/p>\n<p>Mesa redonda: Muerto el rey\u2026 \u00a1Qu\u00e9 viva el rey!<br \/>\n18:00 horas<\/p>\n<p><em>El descenso<\/em><br \/>\n(Neil Marshall, Gran Breta\u00f1a, 2005)<br \/>\n20:00 horas<\/p>\n<p><strong>DOMINGO 31<\/strong><\/p>\n<p>Mesa redonda 120 a\u00f1os de horror c\u00f3smico.<br \/>\n14:00 horas<\/p>\n<p><em>Marebito<\/em><br \/>\n(Takashi Shimizu, Jap\u00f3n, 2004)<br \/>\n16:00 horas<\/p>\n<p>Mesa redonda: Perspectivas del cine de terror mexicano contempor\u00e1neo.<br \/>\n18:00 horas<\/p>\n<p><em>Un lugar en el sol<\/em><br \/>\n(Arturo Velasco, M\u00e9xico, 1988)<br \/>\n20:00 horas<\/p>\n<p><strong>LUNES 1\u00ba DE NOVIEMBRE <\/strong><\/p>\n<p>MARAT\u00d3N DE CINE DE HORROR<\/p>\n<p><em>El gato de las nueve colas<\/em><br \/>\n(Dario Argento, Italia-RFA, 1971)<br \/>\n10:00 horas<\/p>\n<p><em>Siamesas diab\u00f3licas<\/em><br \/>\n(Brian De Palma, Estados Unidos, 1973)<br \/>\n12:00 horas<\/p>\n<p><em>La hora del vampiro<\/em><br \/>\n(Tobe Hooper, Estados Unidos, 1979)<br \/>\n14:00 horas<\/p>\n<p><em>Darkman. El rostro de la venganza<\/em><br \/>\n(Sam Raimi, Estados Unidos, 1990)<br \/>\n16:00 horas<\/p>\n<p><em>Terror y encajes negros<\/em><br \/>\n(Luis Alcoriza, M\u00e9xico, 1984)<br \/>\n18:00 horas<\/p>\n<p><em>El despertar del Diablo<\/em><br \/>\n(Sam Raimi, Estados Unidos, 1981)<br \/>\n20:00 horas<\/p>\n<p>M\u00e1s detalles en <a href=\"https:\/\/www.lashistorias.com.mx\/wp-content\/uploads\/2010\/10\/PDF-Masacre-en-Xoco.pdf\">este archivo PDF<\/a>.<\/p>\n<div align=center>[\/fusion_builder_column][fusion_builder_column type=\u00bb1_1&#8243; background_position=\u00bbleft top\u00bb background_color=\u00bb\u00bb border_size=\u00bb\u00bb border_color=\u00bb\u00bb border_style=\u00bbsolid\u00bb spacing=\u00bbyes\u00bb background_image=\u00bb\u00bb background_repeat=\u00bbno-repeat\u00bb padding=\u00bb\u00bb margin_top=\u00bb0px\u00bb margin_bottom=\u00bb0px\u00bb class=\u00bb\u00bb id=\u00bb\u00bb animation_type=\u00bb\u00bb animation_speed=\u00bb0.3&#8243; animation_direction=\u00bbleft\u00bb hide_on_mobile=\u00bbno\u00bb center_content=\u00bbno\u00bb min_height=\u00bbnone\u00bb]<figure id=\"attachment_7381\" aria-describedby=\"caption-attachment-7381\" style=\"width: 200px\" class=\"wp-caption alignnone\"><a ref=\"magnificPopup\" href=\"https:\/\/www.lashistorias.com.mx\/wp-content\/uploads\/2010\/10\/MasacreenXocoCartel.jpg\"><img loading=\"lazy\" decoding=\"async\" data-attachment-id=\"7381\" data-permalink=\"https:\/\/www.lashistorias.com.mx\/index.php\/masacre-en-xoco-cine-de-horror\/masacreenxococartel\/\" data-orig-file=\"https:\/\/www.lashistorias.com.mx\/wp-content\/uploads\/2010\/10\/MasacreenXocoCartel.jpg\" data-orig-size=\"860,1287\" data-comments-opened=\"1\" data-image-meta=\"{&quot;aperture&quot;:&quot;0&quot;,&quot;credit&quot;:&quot;&quot;,&quot;camera&quot;:&quot;&quot;,&quot;caption&quot;:&quot;&quot;,&quot;created_timestamp&quot;:&quot;0&quot;,&quot;copyright&quot;:&quot;&quot;,&quot;focal_length&quot;:&quot;0&quot;,&quot;iso&quot;:&quot;0&quot;,&quot;shutter_speed&quot;:&quot;0&quot;,&quot;title&quot;:&quot;&quot;}\" data-image-title=\"Masacre en Xoco: Cartel\" data-image-description=\"\" data-image-caption=\"&lt;p&gt;clic para ampliar&lt;\/p&gt;\n\" data-large-file=\"https:\/\/www.lashistorias.com.mx\/wp-content\/uploads\/2010\/10\/MasacreenXocoCartel-684x1024.jpg\" src=\"https:\/\/www.lashistorias.com.mx\/wp-content\/uploads\/2010\/10\/MasacreenXocoCartel-200x300.jpg\" alt=\"\" title=\"Masacre en Xoco: Cartel\" width=\"200\" height=\"300\" class=\"size-medium wp-image-7381\" srcset=\"https:\/\/www.lashistorias.com.mx\/wp-content\/uploads\/2010\/10\/MasacreenXocoCartel-200x300.jpg 200w, https:\/\/www.lashistorias.com.mx\/wp-content\/uploads\/2010\/10\/MasacreenXocoCartel-684x1024.jpg 684w, https:\/\/www.lashistorias.com.mx\/wp-content\/uploads\/2010\/10\/MasacreenXocoCartel.jpg 860w\" sizes=\"auto, (max-width: 200px) 100vw, 200px\" \/><\/a><figcaption id=\"caption-attachment-7381\" class=\"wp-caption-text\">clic para ampliar<\/figcaption><\/figure><\/div>\n[\/fusion_builder_column][\/fusion_builder_row][\/fusion_builder_container]\n","protected":false},"excerpt":{"rendered":"<p>Los invito a \u00abMasacre en Xoco\u00bb: la Primera Jornada de Cine de Horror en la Cineteca Nacional, desde ma\u00f1ana, 29 de octubre, hasta el primero de noviembre. Habr\u00e1 conferencias, un homenaje al gran actor Germ\u00e1n Robles y, sobre todo, cine. La Cineteca est\u00e1 en Avenida M\u00e9xico Coyoac\u00e1n #389, colonia Xoco, en el lado sur de&#8230;<\/p>\n","protected":false},"author":1,"featured_media":0,"comment_status":"open","ping_status":"open","sticky":false,"template":"","format":"standard","meta":{"advanced_seo_description":"","jetpack_seo_html_title":"","jetpack_seo_noindex":false,"jetpack_post_was_ever_published":false,"_jetpack_newsletter_access":"","_jetpack_dont_email_post_to_subs":true,"_jetpack_newsletter_tier_id":0,"_jetpack_memberships_contains_paywalled_content":false,"_jetpack_memberships_contains_paid_content":false,"footnotes":"","jetpack_publicize_message":"","jetpack_publicize_feature_enabled":true,"jetpack_social_post_already_shared":false,"jetpack_social_options":{"image_generator_settings":{"template":"highway","default_image_id":0,"font":"","enabled":false},"version":2}},"categories":[3],"tags":[2860,2125,1218,25,265,324,2855,2124,1316,12,2126,2127],"class_list":["post-7380","post","type-post","status-publish","format-standard","hentry","category-lo-nuevo","tag-cine","tag-cineteca-nacional","tag-conferencias","tag-escritores","tag-h-p-lovecraft","tag-jose-luis-zarate","tag-literatura","tag-masacre-en-xoco","tag-mauricio-matamoros","tag-presentaciones","tag-primera-jornada-de-cine-de-horror-en-la-cineteca","tag-rodrigo-vidal-tamayo"],"jetpack_publicize_connections":[],"jetpack_featured_media_url":"","jetpack_shortlink":"https:\/\/wp.me\/pjEhq-1V2","jetpack_sharing_enabled":true,"_links":{"self":[{"href":"https:\/\/www.lashistorias.com.mx\/index.php\/wp-json\/wp\/v2\/posts\/7380","targetHints":{"allow":["GET"]}}],"collection":[{"href":"https:\/\/www.lashistorias.com.mx\/index.php\/wp-json\/wp\/v2\/posts"}],"about":[{"href":"https:\/\/www.lashistorias.com.mx\/index.php\/wp-json\/wp\/v2\/types\/post"}],"author":[{"embeddable":true,"href":"https:\/\/www.lashistorias.com.mx\/index.php\/wp-json\/wp\/v2\/users\/1"}],"replies":[{"embeddable":true,"href":"https:\/\/www.lashistorias.com.mx\/index.php\/wp-json\/wp\/v2\/comments?post=7380"}],"version-history":[{"count":11,"href":"https:\/\/www.lashistorias.com.mx\/index.php\/wp-json\/wp\/v2\/posts\/7380\/revisions"}],"predecessor-version":[{"id":12732,"href":"https:\/\/www.lashistorias.com.mx\/index.php\/wp-json\/wp\/v2\/posts\/7380\/revisions\/12732"}],"wp:attachment":[{"href":"https:\/\/www.lashistorias.com.mx\/index.php\/wp-json\/wp\/v2\/media?parent=7380"}],"wp:term":[{"taxonomy":"category","embeddable":true,"href":"https:\/\/www.lashistorias.com.mx\/index.php\/wp-json\/wp\/v2\/categories?post=7380"},{"taxonomy":"post_tag","embeddable":true,"href":"https:\/\/www.lashistorias.com.mx\/index.php\/wp-json\/wp\/v2\/tags?post=7380"}],"curies":[{"name":"wp","href":"https:\/\/api.w.org\/{rel}","templated":true}]}}