{"id":7260,"date":"2010-09-28T09:58:56","date_gmt":"2010-09-28T14:58:56","guid":{"rendered":"http:\/\/www.lashistorias.com.mx\/?p=7260"},"modified":"2016-10-26T10:21:41","modified_gmt":"2016-10-26T15:21:41","slug":"un-texto-y-un-encuentro","status":"publish","type":"post","link":"https:\/\/www.lashistorias.com.mx\/index.php\/un-texto-y-un-encuentro\/","title":{"rendered":"Un texto y un encuentro"},"content":{"rendered":"<p>\u00abLa idea de M\u00e9xico\u00bb, el breve ensayo que publiqu\u00e9 en el <a href=\"http:\/\/nuestraaparenterendicion.blogspot.com\/\">blog<\/a> del proyecto <em>Nuestra aparente rendici\u00f3n<\/em>, ya est\u00e1 aqu\u00ed en <em>Las historias<\/em>. Contiene algunas ideas sobre las celebraciones de este a\u00f1o y lo repelente que se ha vuelto, para muchos mexicanos, la idea de la patria. Se puede leer en <a href=\"https:\/\/www.lashistorias.com.mx\/index.php\/textos\/la-idea-de-mexico\/\">esta p\u00e1gina<\/a>.<\/p>\n<div align=center>* * *<\/div>\n<p>En los pr\u00f3ximos d\u00edas estar\u00e9 en el Encuentro Internacional de Escritores de Monterrey, Nuevo Le\u00f3n. Su tema es \u00abPo\u00e9ticas de la muerte\u00bb y se hablar\u00e1 del tema desde muchos \u00e1ngulos, incluyendo los m\u00e1s cercanos a <a href=\"http:\/\/www.milenio.com\/node\/540371\">la actualidad y la violencia de ahora<\/a>. Habr\u00e1 lecturas, ponencias y hasta un par de talleres.<\/p>\n<div align=center>[fusion_builder_container hundred_percent=\u00bbyes\u00bb overflow=\u00bbvisible\u00bb][fusion_builder_row][fusion_builder_column type=\u00bb1_1&#8243; background_position=\u00bbleft top\u00bb background_color=\u00bb\u00bb border_size=\u00bb\u00bb border_color=\u00bb\u00bb border_style=\u00bbsolid\u00bb spacing=\u00bbyes\u00bb background_image=\u00bb\u00bb background_repeat=\u00bbno-repeat\u00bb padding=\u00bb\u00bb margin_top=\u00bb0px\u00bb margin_bottom=\u00bb0px\u00bb class=\u00bb\u00bb id=\u00bb\u00bb animation_type=\u00bb\u00bb animation_speed=\u00bb0.3&#8243; animation_direction=\u00bbleft\u00bb hide_on_mobile=\u00bbno\u00bb center_content=\u00bbno\u00bb min_height=\u00bbnone\u00bb]<figure id=\"attachment_7263\" aria-describedby=\"caption-attachment-7263\" style=\"width: 183px\" class=\"wp-caption alignnone\"><a ref=\"magnificPopup\" href=\"https:\/\/www.lashistorias.com.mx\/wp-content\/uploads\/2010\/09\/poeticasdelamuerte.jpg\"><img loading=\"lazy\" decoding=\"async\" data-attachment-id=\"7263\" data-permalink=\"https:\/\/www.lashistorias.com.mx\/index.php\/un-texto-y-un-encuentro\/poeticasdelamuerte\/\" data-orig-file=\"https:\/\/www.lashistorias.com.mx\/wp-content\/uploads\/2010\/09\/poeticasdelamuerte.jpg\" data-orig-size=\"706,1152\" data-comments-opened=\"1\" data-image-meta=\"{&quot;aperture&quot;:&quot;0&quot;,&quot;credit&quot;:&quot;&quot;,&quot;camera&quot;:&quot;&quot;,&quot;caption&quot;:&quot;&quot;,&quot;created_timestamp&quot;:&quot;0&quot;,&quot;copyright&quot;:&quot;&quot;,&quot;focal_length&quot;:&quot;0&quot;,&quot;iso&quot;:&quot;0&quot;,&quot;shutter_speed&quot;:&quot;0&quot;,&quot;title&quot;:&quot;&quot;}\" data-image-title=\"Po\u00e9ticas de la muerte\" data-image-description=\"\" data-image-caption=\"&lt;p&gt;Clic para ampliar&lt;\/p&gt;\n\" data-large-file=\"https:\/\/www.lashistorias.com.mx\/wp-content\/uploads\/2010\/09\/poeticasdelamuerte-627x1024.jpg\" src=\"https:\/\/www.lashistorias.com.mx\/wp-content\/uploads\/2010\/09\/poeticasdelamuerte-183x300.jpg\" alt=\"\" title=\"Po\u00e9ticas de la muerte\" width=\"183\" height=\"300\" class=\"size-medium wp-image-7263\" srcset=\"https:\/\/www.lashistorias.com.mx\/wp-content\/uploads\/2010\/09\/poeticasdelamuerte-183x300.jpg 183w, https:\/\/www.lashistorias.com.mx\/wp-content\/uploads\/2010\/09\/poeticasdelamuerte-627x1024.jpg 627w, https:\/\/www.lashistorias.com.mx\/wp-content\/uploads\/2010\/09\/poeticasdelamuerte.jpg 706w\" sizes=\"auto, (max-width: 183px) 100vw, 183px\" \/><\/a><figcaption id=\"caption-attachment-7263\" class=\"wp-caption-text\">Clic para ampliar<\/figcaption><\/figure><\/div>\n<p>He aqu\u00ed el programa de las actividades, que son todas para todo p\u00fablico y gratuitas (basta hacer clic en la imagen para ampliarla):<\/p>\n<div align=center>[\/fusion_builder_column][fusion_builder_column type=\u00bb1_1&#8243; background_position=\u00bbleft top\u00bb background_color=\u00bb\u00bb border_size=\u00bb\u00bb border_color=\u00bb\u00bb border_style=\u00bbsolid\u00bb spacing=\u00bbyes\u00bb background_image=\u00bb\u00bb background_repeat=\u00bbno-repeat\u00bb padding=\u00bb\u00bb margin_top=\u00bb0px\u00bb margin_bottom=\u00bb0px\u00bb class=\u00bb\u00bb id=\u00bb\u00bb animation_type=\u00bb\u00bb animation_speed=\u00bb0.3&#8243; animation_direction=\u00bbleft\u00bb hide_on_mobile=\u00bbno\u00bb center_content=\u00bbno\u00bb min_height=\u00bbnone\u00bb]<figure id=\"attachment_7261\" aria-describedby=\"caption-attachment-7261\" style=\"width: 189px\" class=\"wp-caption alignnone\"><a ref=\"magnificPopup\" href=\"https:\/\/www.lashistorias.com.mx\/wp-content\/uploads\/2010\/09\/EEPostalesR.jpg\"><img loading=\"lazy\" decoding=\"async\" data-attachment-id=\"7261\" data-permalink=\"https:\/\/www.lashistorias.com.mx\/index.php\/un-texto-y-un-encuentro\/eepostalesr\/\" data-orig-file=\"https:\/\/www.lashistorias.com.mx\/wp-content\/uploads\/2010\/09\/EEPostalesR.jpg\" data-orig-size=\"711,1124\" data-comments-opened=\"1\" data-image-meta=\"{&quot;aperture&quot;:&quot;0&quot;,&quot;credit&quot;:&quot;&quot;,&quot;camera&quot;:&quot;&quot;,&quot;caption&quot;:&quot;&quot;,&quot;created_timestamp&quot;:&quot;0&quot;,&quot;copyright&quot;:&quot;&quot;,&quot;focal_length&quot;:&quot;0&quot;,&quot;iso&quot;:&quot;0&quot;,&quot;shutter_speed&quot;:&quot;0&quot;,&quot;title&quot;:&quot;&quot;}\" data-image-title=\"Programa del Encuentro\" data-image-description=\"\" data-image-caption=\"&lt;p&gt;Programa del Encuentro. Clic para ampliar&lt;\/p&gt;\n\" data-large-file=\"https:\/\/www.lashistorias.com.mx\/wp-content\/uploads\/2010\/09\/EEPostalesR-647x1024.jpg\" src=\"https:\/\/www.lashistorias.com.mx\/wp-content\/uploads\/2010\/09\/EEPostalesR-189x300.jpg\" alt=\"\" title=\"Programa del Encuentro\" width=\"189\" height=\"300\" class=\"size-medium wp-image-7261\" srcset=\"https:\/\/www.lashistorias.com.mx\/wp-content\/uploads\/2010\/09\/EEPostalesR-189x300.jpg 189w, https:\/\/www.lashistorias.com.mx\/wp-content\/uploads\/2010\/09\/EEPostalesR-647x1024.jpg 647w, https:\/\/www.lashistorias.com.mx\/wp-content\/uploads\/2010\/09\/EEPostalesR.jpg 711w\" sizes=\"auto, (max-width: 189px) 100vw, 189px\" \/><\/a><figcaption id=\"caption-attachment-7261\" class=\"wp-caption-text\">Programa del Encuentro<br \/>(Clic para ampliar)<\/figcaption><\/figure><\/div>\n[\/fusion_builder_column][\/fusion_builder_row][\/fusion_builder_container]\n","protected":false},"excerpt":{"rendered":"<p>\u00abLa idea de M\u00e9xico\u00bb, el breve ensayo que publiqu\u00e9 en el blog del proyecto Nuestra aparente rendici\u00f3n, ya est\u00e1 aqu\u00ed en Las historias. Contiene algunas ideas sobre las celebraciones de este a\u00f1o y lo repelente que se ha vuelto, para muchos mexicanos, la idea de la patria. Se puede leer en esta p\u00e1gina. * *&#8230;<\/p>\n","protected":false},"author":1,"featured_media":0,"comment_status":"open","ping_status":"open","sticky":false,"template":"","format":"standard","meta":{"advanced_seo_description":"","jetpack_seo_html_title":"","jetpack_seo_noindex":false,"jetpack_post_was_ever_published":false,"_jetpack_newsletter_access":"","_jetpack_dont_email_post_to_subs":true,"_jetpack_newsletter_tier_id":0,"_jetpack_memberships_contains_paywalled_content":false,"_jetpack_memberships_contains_paid_content":false,"footnotes":"","jetpack_publicize_message":"","jetpack_publicize_feature_enabled":true,"jetpack_social_post_already_shared":false,"jetpack_social_options":{"image_generator_settings":{"template":"highway","default_image_id":0,"font":"","enabled":false},"version":2}},"categories":[3],"tags":[2093,570,1911,1218,2089,24,25,26,2092,2855,2090,2076,11,2091,12],"class_list":["post-7260","post","type-post","status-publish","format-standard","hentry","category-lo-nuevo","tag-actualidad","tag-breves","tag-conarte","tag-conferencias","tag-encuentro-internacional-de-escritores","tag-ensayo","tag-escritores","tag-historia-y-testimonio","tag-la-idea-de-mexico","tag-literatura","tag-monterrey","tag-nuestra-aparente-rendicion","tag-opiniones","tag-poeticas-de-la-muerte","tag-presentaciones"],"jetpack_publicize_connections":[],"jetpack_featured_media_url":"","jetpack_shortlink":"https:\/\/wp.me\/pjEhq-1T6","jetpack_sharing_enabled":true,"_links":{"self":[{"href":"https:\/\/www.lashistorias.com.mx\/index.php\/wp-json\/wp\/v2\/posts\/7260","targetHints":{"allow":["GET"]}}],"collection":[{"href":"https:\/\/www.lashistorias.com.mx\/index.php\/wp-json\/wp\/v2\/posts"}],"about":[{"href":"https:\/\/www.lashistorias.com.mx\/index.php\/wp-json\/wp\/v2\/types\/post"}],"author":[{"embeddable":true,"href":"https:\/\/www.lashistorias.com.mx\/index.php\/wp-json\/wp\/v2\/users\/1"}],"replies":[{"embeddable":true,"href":"https:\/\/www.lashistorias.com.mx\/index.php\/wp-json\/wp\/v2\/comments?post=7260"}],"version-history":[{"count":7,"href":"https:\/\/www.lashistorias.com.mx\/index.php\/wp-json\/wp\/v2\/posts\/7260\/revisions"}],"predecessor-version":[{"id":12742,"href":"https:\/\/www.lashistorias.com.mx\/index.php\/wp-json\/wp\/v2\/posts\/7260\/revisions\/12742"}],"wp:attachment":[{"href":"https:\/\/www.lashistorias.com.mx\/index.php\/wp-json\/wp\/v2\/media?parent=7260"}],"wp:term":[{"taxonomy":"category","embeddable":true,"href":"https:\/\/www.lashistorias.com.mx\/index.php\/wp-json\/wp\/v2\/categories?post=7260"},{"taxonomy":"post_tag","embeddable":true,"href":"https:\/\/www.lashistorias.com.mx\/index.php\/wp-json\/wp\/v2\/tags?post=7260"}],"curies":[{"name":"wp","href":"https:\/\/api.w.org\/{rel}","templated":true}]}}