{"id":7247,"date":"2010-09-22T11:04:11","date_gmt":"2010-09-22T16:04:11","guid":{"rendered":"http:\/\/www.lashistorias.com.mx\/?p=7247"},"modified":"2016-10-26T10:21:41","modified_gmt":"2016-10-26T15:21:41","slug":"curso-gratuito-mexicanos-secretos","status":"publish","type":"post","link":"https:\/\/www.lashistorias.com.mx\/index.php\/curso-gratuito-mexicanos-secretos\/","title":{"rendered":"Curso gratuito: \u00abMexicanos secretos\u00bb"},"content":{"rendered":"<p>A\u00fan quedan lugares para un curso gratuito: \u00abMexicanos secretos\u00bb, que estar\u00e9 impartiendo en la Biblioteca de M\u00e9xico (Plaza de la Ciudadela #4, en el Centro Hist\u00f3rico de la Ciudad de M\u00e9xico, justo afuera del metro Balderas). Este curso est\u00e1 pensado como un paseo por la obra de un pu\u00f1ado de autores \u00abraros\u00bb mexicanos: creadores de una obra interesante y valiosa que, por una u otra causa, no han sido reconocidos como se deber\u00eda y no pertenecen al \u00abcanon\u00bb de la literatura nacional. Aparecer\u00e1n algunos autores que ya se est\u00e1n recuperando, como <a href=\"https:\/\/www.lashistorias.com.mx\/index.php\/archivo\/musica-de-cabaret\/\">Francisco Tario<\/a>, pero tambi\u00e9n otros que siguen en el limbo, como <a href=\"http:\/\/criptas.blogspot.com\/2009\/11\/raul-navarrete-dulces-suenos.html\">Ra\u00fal Navarrete<\/a>, y algunos todav\u00eda menos conocidos. Comentaremos las razones posibles de su olvido y tambi\u00e9n esta pregunta curiosa: qu\u00e9 significa (y qu\u00e9 tan grave es realmente) estar \u00abfuera de sinton\u00eda\u00bb con la propia \u00e9poca.<\/p>\n<p>El curso se dar\u00e1 los martes de 17:00 a 19:00 horas. M\u00e1s informes, e inscripciones, en el tel\u00e9fono 41 55 08 30, con Beatriz Garc\u00eda.<\/p>\n<div align=center><img loading=\"lazy\" decoding=\"async\" data-attachment-id=\"7248\" data-permalink=\"https:\/\/www.lashistorias.com.mx\/index.php\/curso-gratuito-mexicanos-secretos\/portada-2\/\" data-orig-file=\"https:\/\/www.lashistorias.com.mx\/wp-content\/uploads\/2010\/09\/Portada.jpg\" data-orig-size=\"300,475\" data-comments-opened=\"1\" data-image-meta=\"{&quot;aperture&quot;:&quot;0&quot;,&quot;credit&quot;:&quot;&quot;,&quot;camera&quot;:&quot;&quot;,&quot;caption&quot;:&quot;&quot;,&quot;created_timestamp&quot;:&quot;0&quot;,&quot;copyright&quot;:&quot;&quot;,&quot;focal_length&quot;:&quot;0&quot;,&quot;iso&quot;:&quot;0&quot;,&quot;shutter_speed&quot;:&quot;0&quot;,&quot;title&quot;:&quot;&quot;}\" data-image-title=\"Portada de El oscuro se\u00f1or y la se\u00f1ora, de Ra\u00fal Navarrete\" data-image-description=\"\" data-image-caption=\"\" data-large-file=\"https:\/\/www.lashistorias.com.mx\/wp-content\/uploads\/2010\/09\/Portada.jpg\" src=\"https:\/\/www.lashistorias.com.mx\/wp-content\/uploads\/2010\/09\/Portada.jpg\" alt=\"\" title=\"Portada de El oscuro se\u00f1or y la se\u00f1ora, de Ra\u00fal Navarrete\" width=\"300\" height=\"475\" class=\"alignnone size-full wp-image-7248\" srcset=\"https:\/\/www.lashistorias.com.mx\/wp-content\/uploads\/2010\/09\/Portada.jpg 300w, https:\/\/www.lashistorias.com.mx\/wp-content\/uploads\/2010\/09\/Portada-189x300.jpg 189w\" sizes=\"auto, (max-width: 300px) 100vw, 300px\" \/><\/div>\n","protected":false},"excerpt":{"rendered":"<p>A\u00fan quedan lugares para un curso gratuito: \u00abMexicanos secretos\u00bb, que estar\u00e9 impartiendo en la Biblioteca de M\u00e9xico (Plaza de la Ciudadela #4, en el Centro Hist\u00f3rico de la Ciudad de M\u00e9xico, justo afuera del metro Balderas). Este curso est\u00e1 pensado como un paseo por la obra de un pu\u00f1ado de autores \u00abraros\u00bb mexicanos: creadores de&#8230;<\/p>\n","protected":false},"author":1,"featured_media":0,"comment_status":"open","ping_status":"open","sticky":false,"template":"","format":"standard","meta":{"advanced_seo_description":"","jetpack_seo_html_title":"","jetpack_seo_noindex":false,"jetpack_post_was_ever_published":false,"_jetpack_newsletter_access":"","_jetpack_dont_email_post_to_subs":true,"_jetpack_newsletter_tier_id":0,"_jetpack_memberships_contains_paywalled_content":false,"_jetpack_memberships_contains_paid_content":false,"footnotes":"","jetpack_publicize_message":"","jetpack_publicize_feature_enabled":true,"jetpack_social_post_already_shared":false,"jetpack_social_options":{"image_generator_settings":{"template":"highway","default_image_id":0,"font":"","enabled":false},"version":2}},"categories":[23,3],"tags":[856,570,2861,25,186,198,235,2855,362,2088],"class_list":["post-7247","post","type-post","status-publish","format-standard","hentry","category-cursos-y-talleres","category-lo-nuevo","tag-biblioteca-de-mexico","tag-breves","tag-cursos-y-talleres","tag-escritores","tag-escritores-raros","tag-escritores-mexicanos","tag-francisco-tario","tag-literatura","tag-literatura-mexicana","tag-raul-navarrete"],"jetpack_publicize_connections":[],"jetpack_featured_media_url":"","jetpack_shortlink":"https:\/\/wp.me\/pjEhq-1ST","jetpack_sharing_enabled":true,"_links":{"self":[{"href":"https:\/\/www.lashistorias.com.mx\/index.php\/wp-json\/wp\/v2\/posts\/7247","targetHints":{"allow":["GET"]}}],"collection":[{"href":"https:\/\/www.lashistorias.com.mx\/index.php\/wp-json\/wp\/v2\/posts"}],"about":[{"href":"https:\/\/www.lashistorias.com.mx\/index.php\/wp-json\/wp\/v2\/types\/post"}],"author":[{"embeddable":true,"href":"https:\/\/www.lashistorias.com.mx\/index.php\/wp-json\/wp\/v2\/users\/1"}],"replies":[{"embeddable":true,"href":"https:\/\/www.lashistorias.com.mx\/index.php\/wp-json\/wp\/v2\/comments?post=7247"}],"version-history":[{"count":4,"href":"https:\/\/www.lashistorias.com.mx\/index.php\/wp-json\/wp\/v2\/posts\/7247\/revisions"}],"predecessor-version":[{"id":12743,"href":"https:\/\/www.lashistorias.com.mx\/index.php\/wp-json\/wp\/v2\/posts\/7247\/revisions\/12743"}],"wp:attachment":[{"href":"https:\/\/www.lashistorias.com.mx\/index.php\/wp-json\/wp\/v2\/media?parent=7247"}],"wp:term":[{"taxonomy":"category","embeddable":true,"href":"https:\/\/www.lashistorias.com.mx\/index.php\/wp-json\/wp\/v2\/categories?post=7247"},{"taxonomy":"post_tag","embeddable":true,"href":"https:\/\/www.lashistorias.com.mx\/index.php\/wp-json\/wp\/v2\/tags?post=7247"}],"curies":[{"name":"wp","href":"https:\/\/api.w.org\/{rel}","templated":true}]}}