{"id":7153,"date":"2010-08-31T12:59:06","date_gmt":"2010-08-31T17:59:06","guid":{"rendered":"http:\/\/www.lashistorias.com.mx\/?p=7153"},"modified":"2016-10-26T10:21:46","modified_gmt":"2016-10-26T15:21:46","slug":"caza-de-letras-iv","status":"publish","type":"post","link":"https:\/\/www.lashistorias.com.mx\/index.php\/caza-de-letras-iv\/","title":{"rendered":"Caza de Letras IV"},"content":{"rendered":"<p><em>(Nota: la fecha de cierre de inscripciones cambi\u00f3 al 20 de septiembre.)<\/em><\/p>\n<p>Por cuarto a\u00f1o consecutivo, la Direcci\u00f3n de Literatura de la UNAM convoca al concurso Caza de Letras: el taller literario virtual que se puso en marcha en 2007. Esta vez hay varias novedades interesantes: para empezar, el concurso no s\u00f3lo ser\u00e1 internacional, abierto a cualquier interesado de habla espa\u00f1ola, sino que no tendr\u00e1 l\u00edmite de edad; para seguir, la \u00abmec\u00e1nica\u00bb de trabajo ser\u00e1 distinta pues se eliminar\u00e1n las \u00abnominaciones\u00bb y \u00abexpulsiones\u00bb de otros a\u00f1os; por \u00faltimo, el g\u00e9nero que con el que se trabajar\u00e1 ser\u00e1 uno de los favoritos de esta bit\u00e1cora: la <a href=\"http:\/\/www.ciudadseva.com\/textos\/teoria\/hist\/zavala2.htm\">minificci\u00f3n<\/a>.<\/p>\n<div align=center><img loading=\"lazy\" decoding=\"async\" data-attachment-id=\"7154\" data-permalink=\"https:\/\/www.lashistorias.com.mx\/index.php\/caza-de-letras-iv\/minificcion\/\" data-orig-file=\"https:\/\/www.lashistorias.com.mx\/wp-content\/uploads\/2010\/08\/minificcion.jpg\" data-orig-size=\"320,319\" data-comments-opened=\"1\" data-image-meta=\"{&quot;aperture&quot;:&quot;0&quot;,&quot;credit&quot;:&quot;&quot;,&quot;camera&quot;:&quot;&quot;,&quot;caption&quot;:&quot;&quot;,&quot;created_timestamp&quot;:&quot;0&quot;,&quot;copyright&quot;:&quot;&quot;,&quot;focal_length&quot;:&quot;0&quot;,&quot;iso&quot;:&quot;0&quot;,&quot;shutter_speed&quot;:&quot;0&quot;,&quot;title&quot;:&quot;&quot;}\" data-image-title=\"Minificci\u00f3n. Fuente: http:\/\/www.letrasdechile.cl\" data-image-description=\"\" data-image-caption=\"\" data-large-file=\"https:\/\/www.lashistorias.com.mx\/wp-content\/uploads\/2010\/08\/minificcion.jpg\" src=\"https:\/\/www.lashistorias.com.mx\/wp-content\/uploads\/2010\/08\/minificcion.jpg\" alt=\"\" title=\"Minificci\u00f3n. Fuente: http:\/\/www.letrasdechile.cl\" width=\"320\" height=\"319\" class=\"alignnone size-full wp-image-7154\" srcset=\"https:\/\/www.lashistorias.com.mx\/wp-content\/uploads\/2010\/08\/minificcion.jpg 320w, https:\/\/www.lashistorias.com.mx\/wp-content\/uploads\/2010\/08\/minificcion-150x150.jpg 150w, https:\/\/www.lashistorias.com.mx\/wp-content\/uploads\/2010\/08\/minificcion-300x300.jpg 300w\" sizes=\"auto, (max-width: 320px) 100vw, 320px\" \/><\/div>\n<p>Nuevamente ser\u00e9 parte del jurado, que ser\u00e1 el de los primeros concursos: mis compa\u00f1eros ser\u00e1n \u00c1lvaro Enrigue y M\u00f3nica Lav\u00edn. A juzgar por lo que hemos platicado y planeado hasta ahora, la experiencia ser\u00e1 m\u00e1s que nunca un laboratorio de escritura donde podr\u00e1 verse (y comentarse) la formaci\u00f3n de varios proyectos literarios casi en tiempo real.<br \/>\n&nbsp;&nbsp;&nbsp;&nbsp;&nbsp;&nbsp;Las <a href=\"http:\/\/www.cazadeletras.unam.mx\/casting\/registro.html\">inscripciones<\/a> est\u00e1n abiertas en este momento. Las bases ya est\u00e1n publicadas en el <a href=\"http:\/\/www.cazadeletras.unam.mx\/convocatoria.html\">sitio del concurso<\/a> y las reproduzco aqu\u00ed. (Nota del 7 de septiembre: atendiendo a las preguntas de algunas personas, he colocado un par de aclaraciones <span style=\"background:yellow;\">se\u00f1aladas con amarillo<\/span> en las bases.)<\/p>\n<p>Quedan invitados:<\/p>\n<p><!--more--><\/p>\n<blockquote><p>La Coordinaci\u00f3n de Difusi\u00f3n Cultural de la UNAM<br \/>\na trav\u00e9s de la Direcci\u00f3n de Literatura<br \/>\nconvoca al<\/p>\n<p>Cuarto Virtuality Literario Caza de Letras<\/p>\n<p>www.cazadeletras.unam.mx<\/p>\n<p>Caza de Letras es un Concurso-Taller de minificci\u00f3n en l\u00ednea, internacional, que ser\u00e1 dirigido por tres escritores, que tambi\u00e9n se desempe\u00f1ar\u00e1n como jurado, durante seis semanas<\/p>\n<p>BASES:<\/p>\n<p>Primera etapa. Registro<\/p>\n<p>Del lunes 30 de agosto al lunes <del datetime=\"2010-09-15T15:50:11+00:00\">13<\/del>20 de septiembre de 2010<\/p>\n<p>   1. Podr\u00e1n participar escritores en lengua espa\u00f1ola con un libro de minificciones en proceso. <span style=\"background:yellow;\">[fusion_builder_container hundred_percent=\u00bbyes\u00bb overflow=\u00bbvisible\u00bb][fusion_builder_row][fusion_builder_column type=\u00bb1_1&#8243; background_position=\u00bbleft top\u00bb background_color=\u00bb\u00bb border_size=\u00bb\u00bb border_color=\u00bb\u00bb border_style=\u00bbsolid\u00bb spacing=\u00bbyes\u00bb background_image=\u00bb\u00bb background_repeat=\u00bbno-repeat\u00bb padding=\u00bb\u00bb margin_top=\u00bb0px\u00bb margin_bottom=\u00bb0px\u00bb class=\u00bb\u00bb id=\u00bb\u00bb animation_type=\u00bb\u00bb animation_speed=\u00bb0.3&#8243; animation_direction=\u00bbleft\u00bb hide_on_mobile=\u00bbno\u00bb center_content=\u00bbno\u00bb min_height=\u00bbnone\u00bb][Un libro ya comenzado, incluyendo al menos 50 textos breves, cada uno comenzando en una p\u00e1gina nueva]<\/span><br \/>\n   2. Los participantes (no ganadores) de las anteriores emisiones del Virtuality Literario Caza de Letras podr\u00e1n concursar nuevamente siempre y cuando utilicen seud\u00f3nimo e imagen de identificaci\u00f3n (ex libris) diferentes. <span style=\"background:yellow;\">[En cada edici\u00f3n de Caza de Letras, los participantes han mantenido en secreto sus nombres y se han identificado con im\u00e1genes de su elecci\u00f3n en blanco y negro, al modo de <a href=\"http:\/\/es.wikipedia.org\/wiki\/Ex_libris\">los ex libris tradicionales<\/a>. No es necesario elegir una imagen al inscribirse; en caso de que se pase a la \u00faltima ronda del concurso se puede elegir la imagen de identificaci\u00f3n entonces.]<\/span><br \/>\n   3. No podr\u00e1n participar escritores que tengan parentesco directo ni relaci\u00f3n laboral con los organizadores.<br \/>\n   4. El registro de aspirantes quedar\u00e1 abierto del lunes 30 de agosto al lunes 13 de septiembre de 2010 en la p\u00e1gina www.cazadeletras.unam.mx<br \/>\n   5. Los autores deber\u00e1n llenar una ficha de registro con los datos siguientes:<\/p>\n<p>               1. Seud\u00f3nimo<br \/>\n               2. Nombre<br \/>\n               3. Nacionalidad<br \/>\n               4. Tipo y n\u00famero de documento oficial de identidad<br \/>\n               5. Direcci\u00f3n<br \/>\n               6. Tel\u00e9fono(s)<br \/>\n               7. Correo electr\u00f3nico<\/p>\n<p>   6. El registro tambi\u00e9n incluir\u00e1 la informaci\u00f3n siguiente:<\/p>\n<p>               1. Una breve semblanza curricular.<br \/>\n               2. Al menos tres referencias biblio-hemerogr\u00e1ficas de publicaciones de textos literarios de su autor\u00eda (libros individuales y\/o colectivos, rese\u00f1as, ensayos, cuentos, minificciones, poemas, art\u00edculos en peri\u00f3dicos o revistas, textos incluidos en antolog\u00edas de cualquier g\u00e9nero literario; se contar\u00e1n antolog\u00edas y revistas en internet). <span style=\"background:yellow;\">[Esto incluye blogs]<\/span><br \/>\n               3. T\u00edtulo y descripci\u00f3n del libro de minificciones en proceso.<br \/>\n               4. Un libro de minificciones en proceso, in\u00e9dito*. La extensi\u00f3n m\u00ednima debe ser de 50 minificciones, cada una de las cuales no debe exceder los 2 600 caracteres con espacios. El material deber\u00e1 entregarse en formato Word (.doc) con tipograf\u00eda Courier de 12 puntos a doble espacio.<\/p>\n<p>*Las minificciones pueden haber sido publicadas individualmente en medios impresos o electr\u00f3nicos pero el libro solicitado debe ser in\u00e9dito y no estar inscrito en otro concurso ni en proceso de dictamen editorial.<\/p>\n<p>Segunda etapa. Selecci\u00f3n<\/p>\n<p>Desde el inicio del registro hasta el mi\u00e9rcoles 22 de septiembre de 2010<\/p>\n<p>   1. Un comit\u00e9 dictaminador elegir\u00e1 a los ocho participantes del concurso-taller.<br \/>\n   2. La Direcci\u00f3n de Literatura dar\u00e1 a conocer oportunamente los seud\u00f3nimos de los participantes.<br \/>\n   3. Antes del inicio del concurso, los autores seleccionados deber\u00e1n entregar o enviar a la Direcci\u00f3n de Literatura de la UNAM una carta en la que el participante manifieste que su libro no est\u00e1 inscrito en otro certamen literario o en dictamen editorial, as\u00ed como copia impresa o digital del documento de identidad que haya utilizado para el registro.<\/p>\n<p>Tercera etapa. Desarrollo<\/p>\n<p>Del martes 5 de octubre al martes 16 de noviembre de 2010<\/p>\n<p>   1. Los escritores seleccionados recibir\u00e1n una cuenta de blog ligada al portal www.cazadeletras.unam.mx, en la cual se identificar\u00e1n \u00fanicamente con seud\u00f3nimo y ex libris.<br \/>\n   2. Cada concursante trabajar\u00e1 a trav\u00e9s del Blog Taller con los miembros del jurado.<br \/>\n   3. Durante las seis semanas del concurso, los participantes deber\u00e1n publicar los ejercicios solicitados por el jurado en su respectivo blog.<br \/>\n   4. Cada participante deber\u00e1 responder en l\u00ednea, oportuna y p\u00fablicamente, las dudas y comentarios tanto de los miembros del jurado como de los lectores de sus textos y ejercicios, sin estar obligados a dar respuesta a ofensas o invectivas.<br \/>\n   5. El desempe\u00f1o de los participantes ser\u00e1 evaluado semanalmente con base en una tabla de puntuaci\u00f3n que reflejar\u00e1 las votaciones del jurado y los lectores.<br \/>\n   6. El jurado estar\u00e1 compuesto por tres escritores de trayectoria reconocida.<br \/>\n   7. El jurado tendr\u00e1 la facultad inapelable de eliminar a quien considere pertinente.<br \/>\n   8. El fallo del jurado ser\u00e1 inapelable.<br \/>\n   9. El ganador recibir\u00e1 un premio \u00fanico de $ 100 000.00 pesos M.N. y la publicaci\u00f3n del libro en coedici\u00f3n UNAM\/Alfaguara.<br \/>\n  10. Cualquier punto no contemplado en la presente convocatoria ser\u00e1 resuelto por el jurado y los organizadores.<\/p>\n<p>\u00abPOR MI RAZA HABLAR\u00c1 EL ESP\u00edRITU\u00bb<\/p>\n<p>Ciudad Universitaria, a 30 de agosto de 2010\n<\/p><\/blockquote>\n[\/fusion_builder_column][\/fusion_builder_row][\/fusion_builder_container]\n","protected":false},"excerpt":{"rendered":"<p>(Nota: la fecha de cierre de inscripciones cambi\u00f3 al 20 de septiembre.) Por cuarto a\u00f1o consecutivo, la Direcci\u00f3n de Literatura de la UNAM convoca al concurso Caza de Letras: el taller literario virtual que se puso en marcha en 2007. Esta vez hay varias novedades interesantes: para empezar, el concurso no s\u00f3lo ser\u00e1 internacional, abierto&#8230;<\/p>\n","protected":false},"author":1,"featured_media":0,"comment_status":"open","ping_status":"open","sticky":false,"template":"","format":"standard","meta":{"advanced_seo_description":"","jetpack_seo_html_title":"","jetpack_seo_noindex":false,"jetpack_post_was_ever_published":false,"_jetpack_newsletter_access":"","_jetpack_dont_email_post_to_subs":true,"_jetpack_newsletter_tier_id":0,"_jetpack_memberships_contains_paywalled_content":false,"_jetpack_memberships_contains_paid_content":false,"footnotes":"","jetpack_publicize_message":"","jetpack_publicize_feature_enabled":true,"jetpack_social_post_already_shared":false,"jetpack_social_options":{"image_generator_settings":{"template":"highway","default_image_id":0,"font":"","enabled":false},"version":2}},"categories":[3],"tags":[71,18,91,818,21,22,8,2855,397,899,2054,535],"class_list":["post-7153","post","type-post","status-publish","format-standard","hentry","category-lo-nuevo","tag-alvaro-enrigue","tag-blogosfera","tag-caza-de-letras","tag-concursos","tag-convocatorias","tag-cuento","tag-internet","tag-literatura","tag-minificcion","tag-monica-lavin","tag-taller-en-linea","tag-unam"],"jetpack_publicize_connections":[],"jetpack_featured_media_url":"","jetpack_shortlink":"https:\/\/wp.me\/pjEhq-1Rn","jetpack_sharing_enabled":true,"_links":{"self":[{"href":"https:\/\/www.lashistorias.com.mx\/index.php\/wp-json\/wp\/v2\/posts\/7153","targetHints":{"allow":["GET"]}}],"collection":[{"href":"https:\/\/www.lashistorias.com.mx\/index.php\/wp-json\/wp\/v2\/posts"}],"about":[{"href":"https:\/\/www.lashistorias.com.mx\/index.php\/wp-json\/wp\/v2\/types\/post"}],"author":[{"embeddable":true,"href":"https:\/\/www.lashistorias.com.mx\/index.php\/wp-json\/wp\/v2\/users\/1"}],"replies":[{"embeddable":true,"href":"https:\/\/www.lashistorias.com.mx\/index.php\/wp-json\/wp\/v2\/comments?post=7153"}],"version-history":[{"count":11,"href":"https:\/\/www.lashistorias.com.mx\/index.php\/wp-json\/wp\/v2\/posts\/7153\/revisions"}],"predecessor-version":[{"id":12747,"href":"https:\/\/www.lashistorias.com.mx\/index.php\/wp-json\/wp\/v2\/posts\/7153\/revisions\/12747"}],"wp:attachment":[{"href":"https:\/\/www.lashistorias.com.mx\/index.php\/wp-json\/wp\/v2\/media?parent=7153"}],"wp:term":[{"taxonomy":"category","embeddable":true,"href":"https:\/\/www.lashistorias.com.mx\/index.php\/wp-json\/wp\/v2\/categories?post=7153"},{"taxonomy":"post_tag","embeddable":true,"href":"https:\/\/www.lashistorias.com.mx\/index.php\/wp-json\/wp\/v2\/tags?post=7153"}],"curies":[{"name":"wp","href":"https:\/\/api.w.org\/{rel}","templated":true}]}}