{"id":7107,"date":"2010-08-27T09:37:42","date_gmt":"2010-08-27T14:37:42","guid":{"rendered":"http:\/\/www.lashistorias.com.mx\/?p=7107"},"modified":"2016-10-26T10:21:46","modified_gmt":"2016-10-26T15:21:46","slug":"muchas-muchas-noticias","status":"publish","type":"post","link":"https:\/\/www.lashistorias.com.mx\/index.php\/muchas-muchas-noticias\/","title":{"rendered":"Muchas, muchas noticias"},"content":{"rendered":"<p><em>O: 20 robots, 2 entrevistas, una antolog\u00eda, libro y medio, radio a deshoras&#8230;<\/em><\/p>\n<div align=center>[fusion_builder_container hundred_percent=\u00bbyes\u00bb overflow=\u00bbvisible\u00bb][fusion_builder_row][fusion_builder_column type=\u00bb1_1&#8243; background_position=\u00bbleft top\u00bb background_color=\u00bb\u00bb border_size=\u00bb\u00bb border_color=\u00bb\u00bb border_style=\u00bbsolid\u00bb spacing=\u00bbyes\u00bb background_image=\u00bb\u00bb background_repeat=\u00bbno-repeat\u00bb padding=\u00bb\u00bb margin_top=\u00bb0px\u00bb margin_bottom=\u00bb0px\u00bb class=\u00bb\u00bb id=\u00bb\u00bb animation_type=\u00bb\u00bb animation_speed=\u00bb0.3&#8243; animation_direction=\u00bbleft\u00bb hide_on_mobile=\u00bbno\u00bb center_content=\u00bbno\u00bb min_height=\u00bbnone\u00bb]<figure id=\"attachment_7108\" aria-describedby=\"caption-attachment-7108\" style=\"width: 232px\" class=\"wp-caption alignnone\"><a ref=\"magnificPopup\" href=\"https:\/\/www.lashistorias.com.mx\/wp-content\/uploads\/2010\/08\/INVI-BEF-LM.jpg\"><img loading=\"lazy\" decoding=\"async\" data-attachment-id=\"7108\" data-permalink=\"https:\/\/www.lashistorias.com.mx\/index.php\/muchas-muchas-noticias\/invi-bef-lm\/\" data-orig-file=\"https:\/\/www.lashistorias.com.mx\/wp-content\/uploads\/2010\/08\/INVI-BEF-LM.jpg\" data-orig-size=\"1240,1600\" data-comments-opened=\"1\" data-image-meta=\"{&quot;aperture&quot;:&quot;0&quot;,&quot;credit&quot;:&quot;&quot;,&quot;camera&quot;:&quot;&quot;,&quot;caption&quot;:&quot;&quot;,&quot;created_timestamp&quot;:&quot;0&quot;,&quot;copyright&quot;:&quot;&quot;,&quot;focal_length&quot;:&quot;0&quot;,&quot;iso&quot;:&quot;0&quot;,&quot;shutter_speed&quot;:&quot;0&quot;,&quot;title&quot;:&quot;&quot;}\" data-image-title=\"Historias de Robots, por BEF\" data-image-description=\"\" data-image-caption=\"&lt;p&gt;Historias de Robots, por BEF. Clic para ampliar&lt;\/p&gt;\n\" data-large-file=\"https:\/\/www.lashistorias.com.mx\/wp-content\/uploads\/2010\/08\/INVI-BEF-LM-793x1024.jpg\" src=\"https:\/\/www.lashistorias.com.mx\/wp-content\/uploads\/2010\/08\/INVI-BEF-LM-232x300.jpg\" alt=\"\" title=\"Historias de Robots, por BEF\" width=\"232\" height=\"300\" class=\"size-medium wp-image-7108\" srcset=\"https:\/\/www.lashistorias.com.mx\/wp-content\/uploads\/2010\/08\/INVI-BEF-LM-232x300.jpg 232w, https:\/\/www.lashistorias.com.mx\/wp-content\/uploads\/2010\/08\/INVI-BEF-LM-793x1024.jpg 793w, https:\/\/www.lashistorias.com.mx\/wp-content\/uploads\/2010\/08\/INVI-BEF-LM.jpg 1240w\" sizes=\"auto, (max-width: 232px) 100vw, 232px\" \/><\/a><figcaption id=\"caption-attachment-7108\" class=\"wp-caption-text\">(Clic para ampliar)<\/figcaption><\/figure><\/div>\n<p><!--more--><strong>1. <\/strong>Hace d\u00edas complet\u00e9 20 cuentos breves sobre robots para un proyecto muy especial: titulado justamente <em>Historias de robots<\/em>, es una serie de im\u00e1genes de Bef (tambi\u00e9n conocido como Bernardo Fern\u00e1ndez, escritor y monero mexicano en ascenso, adem\u00e1s de amigo muy querido) que <a href=\"http:\/\/monorama.blogspot.com\/2010\/08\/historias-de-robots-comienzan.html\">ser\u00e1n expuestas en varios lugares del pa\u00eds<\/a> y se podr\u00e1n obtener en edici\u00f3n limitada. Esto, como <a href=\"http:\/\/aqueos.wordpress.com\/cuentos\/el-silencio-de-dios-juan-jose-arreola\/\">dejar cartas en la mesa para que Dios las lea<\/a>, no se acostumbra: ilustrar im\u00e1genes con historias. Pero el resultado es una serie de viajes por un mundo fant\u00e1stico que, desde luego, terminar\u00e1 de formarse en cada persona que vea y lea.<\/p>\n<p>Como un anticipo, he aqu\u00ed la historia del robot de la imagen de arriba:<\/p>\n<blockquote><p><strong>01101<\/strong><br \/>\nEscariador, que es un robot de temperamento disparejo, sale un d\u00eda y se pone a destruir la ciudad. Pum, cae un edificio, crash, vuela un puente, pum, crash, pum, crash, pum. Todos huyen despavoridos. En helic\u00f3pteros, los productores se elevan para tratar de llamar su atenci\u00f3n y recordarle que no han tra\u00eddo todav\u00eda las c\u00e1maras, que no han comenzado a grabar la pel\u00edcula, que el contrato estipula que Escariador puede destruir la ciudad y hasta debe hacerlo de modo espectacular (porque eso s\u00ed, te est\u00e1 saliendo muy bien, eso s\u00ed, le dicen, requetebi\u00e9n) pero s\u00f3lo <em>despu\u00e9s<\/em> de que el director grite \u201c\u00a1Acci\u00f3n!\u201d.\n<\/p><\/blockquote>\n<p><strong>2a.<\/strong> Ernesto Priego, escritor y acad\u00e9mico mexicano residente en Londres, me entrevist\u00f3 para el proyecto #SinLugar, una bit\u00e1cora de academia, contracultura y cultura digital. Hablamos de <em>Las Historias<\/em>, del blog como c\u00e1mara de maravillas y la vida en l\u00ednea y sus posibilidades. La entrevista se puede leer <a href=\"http:\/\/sinlugar2010.wordpress.com\/2010\/08\/20\/alberto-chimal-entrevista-divagaciones\/\">aqu\u00ed<\/a>.<\/p>\n<div align=center>[\/fusion_builder_column][fusion_builder_column type=\u00bb1_1&#8243; background_position=\u00bbleft top\u00bb background_color=\u00bb\u00bb border_size=\u00bb\u00bb border_color=\u00bb\u00bb border_style=\u00bbsolid\u00bb spacing=\u00bbyes\u00bb background_image=\u00bb\u00bb background_repeat=\u00bbno-repeat\u00bb padding=\u00bb\u00bb margin_top=\u00bb0px\u00bb margin_bottom=\u00bb0px\u00bb class=\u00bb\u00bb id=\u00bb\u00bb animation_type=\u00bb\u00bb animation_speed=\u00bb0.3&#8243; animation_direction=\u00bbleft\u00bb hide_on_mobile=\u00bbno\u00bb center_content=\u00bbno\u00bb min_height=\u00bbnone\u00bb]<figure id=\"attachment_7135\" aria-describedby=\"caption-attachment-7135\" style=\"width: 342px\" class=\"wp-caption alignnone\"><a ref=\"magnificPopup\" href=\"https:\/\/www.lashistorias.com.mx\/wp-content\/uploads\/2010\/08\/oreja.jpg\"><img loading=\"lazy\" decoding=\"async\" data-attachment-id=\"7135\" data-permalink=\"https:\/\/www.lashistorias.com.mx\/index.php\/muchas-muchas-noticias\/oreja\/\" data-orig-file=\"https:\/\/www.lashistorias.com.mx\/wp-content\/uploads\/2010\/08\/oreja.jpg\" data-orig-size=\"342,303\" data-comments-opened=\"1\" data-image-meta=\"{&quot;aperture&quot;:&quot;0&quot;,&quot;credit&quot;:&quot;&quot;,&quot;camera&quot;:&quot;&quot;,&quot;caption&quot;:&quot;&quot;,&quot;created_timestamp&quot;:&quot;0&quot;,&quot;copyright&quot;:&quot;&quot;,&quot;focal_length&quot;:&quot;0&quot;,&quot;iso&quot;:&quot;0&quot;,&quot;shutter_speed&quot;:&quot;0&quot;,&quot;title&quot;:&quot;&quot;}\" data-image-title=\"oreja\" data-image-description=\"\" data-image-caption=\"&lt;p&gt;.&lt;\/p&gt;\n\" data-large-file=\"https:\/\/www.lashistorias.com.mx\/wp-content\/uploads\/2010\/08\/oreja.jpg\" src=\"https:\/\/www.lashistorias.com.mx\/wp-content\/uploads\/2010\/08\/oreja.jpg\" alt=\"\" title=\"oreja\" width=\"342\" height=\"303\" class=\"size-full wp-image-7135\" srcset=\"https:\/\/www.lashistorias.com.mx\/wp-content\/uploads\/2010\/08\/oreja.jpg 342w, https:\/\/www.lashistorias.com.mx\/wp-content\/uploads\/2010\/08\/oreja-300x265.jpg 300w\" sizes=\"auto, (max-width: 342px) 100vw, 342px\" \/><\/a><figcaption id=\"caption-attachment-7135\" class=\"wp-caption-text\">&nbsp;<\/figcaption><\/figure><\/div>\n<p><strong>2b.<\/strong> La entrevist aanterior, sumamente seria, es todo lo contrario de <a href=\"http:\/\/www.koult.es\/2010\/08\/alberto-chimal\/\">\u00e9sta<\/a>, que me hizo Salvador Luis para su columna, \u00abSituaciones inc\u00f3modas\u00bb, en el excelente sitio <a href=\"http:\/\/www.koult.es\">koult.es<\/a>. Los interesados en leerla sabr\u00e1n d\u00f3nde se qued\u00f3 mi cerebro tras el \u00faltimo ataque zombi, a qu\u00e9 multinacional pertenece mi cuerpo y cu\u00e1l es la pieza de pan (tautol\u00f3gica) que m\u00e1s me gusta.<\/p>\n<div align=center>[\/fusion_builder_column][fusion_builder_column type=\u00bb1_1&#8243; background_position=\u00bbleft top\u00bb background_color=\u00bb\u00bb border_size=\u00bb\u00bb border_color=\u00bb\u00bb border_style=\u00bbsolid\u00bb spacing=\u00bbyes\u00bb background_image=\u00bb\u00bb background_repeat=\u00bbno-repeat\u00bb padding=\u00bb\u00bb margin_top=\u00bb0px\u00bb margin_bottom=\u00bb0px\u00bb class=\u00bb\u00bb id=\u00bb\u00bb animation_type=\u00bb\u00bb animation_speed=\u00bb0.3&#8243; animation_direction=\u00bbleft\u00bb hide_on_mobile=\u00bbno\u00bb center_content=\u00bbno\u00bb min_height=\u00bbnone\u00bb]<figure id=\"attachment_7131\" aria-describedby=\"caption-attachment-7131\" style=\"width: 300px\" class=\"wp-caption alignnone\"><a ref=\"magnificPopup\" href=\"https:\/\/www.lashistorias.com.mx\/wp-content\/uploads\/2010\/08\/los-serdan-por-alberto-chimal.jpg\"><img loading=\"lazy\" decoding=\"async\" data-attachment-id=\"7131\" data-permalink=\"https:\/\/www.lashistorias.com.mx\/index.php\/muchas-muchas-noticias\/los-serdan-por-alberto-chimal\/\" data-orig-file=\"https:\/\/www.lashistorias.com.mx\/wp-content\/uploads\/2010\/08\/los-serdan-por-alberto-chimal.jpg\" data-orig-size=\"1280,800\" data-comments-opened=\"1\" data-image-meta=\"{&quot;aperture&quot;:&quot;0&quot;,&quot;credit&quot;:&quot;&quot;,&quot;camera&quot;:&quot;&quot;,&quot;caption&quot;:&quot;&quot;,&quot;created_timestamp&quot;:&quot;0&quot;,&quot;copyright&quot;:&quot;&quot;,&quot;focal_length&quot;:&quot;0&quot;,&quot;iso&quot;:&quot;0&quot;,&quot;shutter_speed&quot;:&quot;0&quot;,&quot;title&quot;:&quot;&quot;}\" data-image-title=\"Los hermanos Serd\u00e1n, por Alberto Chimal\" data-image-description=\"\" data-image-caption=\"&lt;p&gt;Como lo vio en su monitor&amp;#8230;&lt;\/p&gt;\n\" data-large-file=\"https:\/\/www.lashistorias.com.mx\/wp-content\/uploads\/2010\/08\/los-serdan-por-alberto-chimal-1024x640.jpg\" src=\"https:\/\/www.lashistorias.com.mx\/wp-content\/uploads\/2010\/08\/los-serdan-por-alberto-chimal-300x187.jpg\" alt=\"\" title=\"Los hermanos Serd\u00e1n, por Alberto Chimal\" width=\"300\" height=\"187\" class=\"size-medium wp-image-7131\" srcset=\"https:\/\/www.lashistorias.com.mx\/wp-content\/uploads\/2010\/08\/los-serdan-por-alberto-chimal-300x187.jpg 300w, https:\/\/www.lashistorias.com.mx\/wp-content\/uploads\/2010\/08\/los-serdan-por-alberto-chimal-1024x640.jpg 1024w, https:\/\/www.lashistorias.com.mx\/wp-content\/uploads\/2010\/08\/los-serdan-por-alberto-chimal.jpg 1280w\" sizes=\"auto, (max-width: 300px) 100vw, 300px\" \/><\/a><figcaption id=\"caption-attachment-7131\" class=\"wp-caption-text\">Como lo vio en su monitor...<\/figcaption><\/figure><\/div>\n<p><strong>3.<\/strong> Como se ha repetido en M\u00e9xico incesantemente desde hace unos a\u00f1os, en 2010 se cumplen dos siglos del comienzo de la Guerra de Independencia y uno del comienzo de la Revoluci\u00f3n. Las celebraciones oficiales del Bicentenario mexicano han sido vacilantes y p\u00e9simamente enfocadas; han sido tambi\u00e9n motivo de dudas, cr\u00edticas y risas en un momento cr\u00edtico de la historia del pa\u00eds, en que el Estado mexicano parece estar cay\u00e9ndose a pedazos en medio de una violencia creciente.<br \/>\n&nbsp;&nbsp;&nbsp;&nbsp;&nbsp;&nbsp;Entre much\u00edsimas otras iniciativas, hace m\u00e1s de un a\u00f1o, se lanz\u00f3 el proyecto de crear la Nueva Biblioteca del Ni\u00f1o Mexicano, a imitaci\u00f3n de la original de hace m\u00e1s de un siglo: un conjunto de narraciones hist\u00f3ricas escritas especialmente para lectores j\u00f3venes. Fui de los autores invitados a colaborar por la escritora Silvia Molina, entonces de las encargadas del proyecto, y escrib\u00ed un cuento sobre <a href=\"http:\/\/mexico.cnn.com\/bicentenario\/2010\/08\/24\/los-hermanos-serdan-alberto-chimal\">los hermanos Serd\u00e1n<\/a> que (creo) no me qued\u00f3 tan mal. Entonces <a href=\"http:\/\/impreso.milenio.com\/node\/8642787\">se torci\u00f3<\/a> el proyecto, como otros del Bicentenario, entre enormes dificultades burocr\u00e1ticas, y los cuentos no s\u00f3lo no se imprimieron jam\u00e1s, sino que terminaron producidos como audiolibros para distribuirse por internet en grabaciones (francamente) bastante malas.<br \/>\n&nbsp;&nbsp;&nbsp;&nbsp;&nbsp;&nbsp;Pens\u00e9 que la cosa quedar\u00eda all\u00ed, como sucede con frecuencia en circunstancias parecidas e incluso sin el Bicentenario de por medio. Ayer, sin embargo, supe por <a href=\"http:\/\/twitter.com\/irairaira\">Ira Franco<\/a> que el proyecto se retom\u00f3 al fin y de manera un poco mejor: ahora es <a href=\"http:\/\/mexico.cnn.com\/bicentenario\/2010\/08\/24\/oportunidad-historica\">una serie de libros electr\u00f3nicos<\/a>, con un dise\u00f1o muy decoroso, que se pueden descargar gratuitamente. No es lo previsto, desde luego, pero quiz\u00e1 as\u00ed consiga llegar al menos a una parte de los lectores a los que estaba dirigida. Si tan s\u00f3lo hubiera un poco m\u00e1s de promoci\u00f3n&#8230;<br \/>\n&nbsp;&nbsp;&nbsp;&nbsp;&nbsp;&nbsp;La lista de lo publicado incluye textos de Ignacio Padilla, M\u00f3nica Lavin, Aline Petterson, Berta Hiriart y (nuevamente) Bef, entre otros. Mi cuento se puede descargar (en formato PDF) <a href=\"http:\/\/www.bicentenario.gob.mx\/bdb\/bdbpdf\/NBNM\/R\/6.pdf\">directamente de aqu\u00ed<\/a>.<\/p>\n<div align=center>[\/fusion_builder_column][fusion_builder_column type=\u00bb1_1&#8243; background_position=\u00bbleft top\u00bb background_color=\u00bb\u00bb border_size=\u00bb\u00bb border_color=\u00bb\u00bb border_style=\u00bbsolid\u00bb spacing=\u00bbyes\u00bb background_image=\u00bb\u00bb background_repeat=\u00bbno-repeat\u00bb padding=\u00bb\u00bb margin_top=\u00bb0px\u00bb margin_bottom=\u00bb0px\u00bb class=\u00bb\u00bb id=\u00bb\u00bb animation_type=\u00bb\u00bb animation_speed=\u00bb0.3&#8243; animation_direction=\u00bbleft\u00bb hide_on_mobile=\u00bbno\u00bb center_content=\u00bbno\u00bb min_height=\u00bbnone\u00bb]<figure id=\"attachment_7118\" aria-describedby=\"caption-attachment-7118\" style=\"width: 300px\" class=\"wp-caption alignnone\"><a ref=\"magnificPopup\" href=\"https:\/\/www.lashistorias.com.mx\/wp-content\/uploads\/2010\/08\/losviajeros.jpeg\"><img loading=\"lazy\" decoding=\"async\" data-attachment-id=\"7118\" data-permalink=\"https:\/\/www.lashistorias.com.mx\/index.php\/muchas-muchas-noticias\/losviajeros\/\" data-orig-file=\"https:\/\/www.lashistorias.com.mx\/wp-content\/uploads\/2010\/08\/losviajeros.jpeg\" data-orig-size=\"640,480\" data-comments-opened=\"1\" data-image-meta=\"{&quot;aperture&quot;:&quot;0&quot;,&quot;credit&quot;:&quot;&quot;,&quot;camera&quot;:&quot;&quot;,&quot;caption&quot;:&quot;&quot;,&quot;created_timestamp&quot;:&quot;0&quot;,&quot;copyright&quot;:&quot;&quot;,&quot;focal_length&quot;:&quot;0&quot;,&quot;iso&quot;:&quot;0&quot;,&quot;shutter_speed&quot;:&quot;0&quot;,&quot;title&quot;:&quot;&quot;}\" data-image-title=\"Los viajeros\" data-image-description=\"\" data-image-caption=\"&lt;p&gt;(Clic para ampliar)&lt;\/p&gt;\n\" data-large-file=\"https:\/\/www.lashistorias.com.mx\/wp-content\/uploads\/2010\/08\/losviajeros.jpeg\" src=\"https:\/\/www.lashistorias.com.mx\/wp-content\/uploads\/2010\/08\/losviajeros-300x225.jpg\" alt=\"\" title=\"Los viajeros\" width=\"300\" height=\"225\" class=\"size-medium wp-image-7118\" srcset=\"https:\/\/www.lashistorias.com.mx\/wp-content\/uploads\/2010\/08\/losviajeros-300x225.jpg 300w, https:\/\/www.lashistorias.com.mx\/wp-content\/uploads\/2010\/08\/losviajeros.jpeg 640w\" sizes=\"auto, (max-width: 300px) 100vw, 300px\" \/><\/a><figcaption id=\"caption-attachment-7118\" class=\"wp-caption-text\">Expectaci\u00f3n...<\/figcaption><\/figure><\/div>\n<p><strong>4.<\/strong> \u00bfQu\u00e9 ven con tanto inter\u00e9s las personas de la foto? Una maqueta de <em>Los viajeros. 25 a\u00f1os de ciencia ficci\u00f3n mexicana<\/em>, antolog\u00eda compilada por Bef (quien como pueden ver es un hombre de lo m\u00e1s activo) y que ser\u00e1 publicada por ediciones SM. En ella aparecer\u00e1n, aparecen ya, cuentos de Mauricio Jos\u00e9 Schwarz, Gerardo Porcayo, Gabriel Trujillo, Jos\u00e9 Luis Z\u00e1rate, F. G. Haghenbeck, Ignacio Padilla, Antonio Malpica, Cecilia Eudave, Pepe Rojo, Karen Chacek, Gerardo Sifuentes, Rodolfo JM, \u00c9dgar Omar Avil\u00e9s, Gabriela Dami\u00e1n, Rafael Villegas, Orlando Guzm\u00e1n, el propio Bef y yo. Adem\u00e1s, tuve el gusto de escribir un ep\u00edlogo para toda la colecci\u00f3n.<\/p>\n<p><strong>5.<\/strong> Ahora, desnudos frontales.<\/p>\n<p>(No: antes, perd\u00f3n, una an\u00e9cdota rara.<br \/>\n&nbsp;&nbsp;&nbsp;&nbsp;&nbsp;&nbsp;Algunas personas describen mi trabajo &#8211;casi siempre sin haberlo le\u00eddo&#8211; como \u00abde ciencia ficci\u00f3n\u00bb, y yo acostumbro responder que no soy escritor \u00abde\u00bb eso&#8230;, como tampoco \u00abde\u00bb ninguna otra cosa: soy escritor y punto. Cuando me pongo a trabajar en un texto, agrego a veces, me pongo a pensar en c\u00f3mo hacer para que salga bien y no en qu\u00e9 etiqueta va a llevar. De modo que, incluso, no me molesta el que algunos de los textos que he hecho puedan describirse efectivamente como ciencia ficci\u00f3n, incluyendo al que aparece en <em>Los viajeros<\/em> y que es, por cierto, uno de los mejores que he escrito.<br \/>\n&nbsp;&nbsp;&nbsp;&nbsp;&nbsp;&nbsp;Por otra parte, el otro d\u00eda alguien me acus\u00f3 de decir que escribo ciencia ficci\u00f3n (?) cuando lo que hago \u00abno puede ser &#8216;de&#8217; ciencia ficci\u00f3n\u00bb pues no incluye naves espaciales, no viene fechado en el futuro y no contiene a Neo. O a Darth Vader. O a Harry Potter.<br \/>\n&nbsp;&nbsp;&nbsp;&nbsp;&nbsp;&nbsp;No faltar\u00e1 quien diga que el que haya personas que son as\u00ed y dicen eso le parecer\u00e1 cosa de ciencia ficci\u00f3n&#8230;)<\/p>\n<p><strong>5bis.<\/strong> Ahora s\u00ed, desnudos frontales.<br \/>\n&nbsp;&nbsp;&nbsp;&nbsp;&nbsp;&nbsp;Los menciono porque tuvieron que ver con el tema de <a href=\"http:\/\/tripulacionnocturna.net\/podcast\/museo-de-arte-moderno\/93-el-jardin-de-las-delicias-04.html\">una larga charla<\/a>, desde las cuatro hasta casi las siete de la ma\u00f1ana, en la que particip\u00e9 el viernes pasado, en la \u00faltima parte del <a href=\"http:\/\/tripulacionnocturna.net\/podcast\/museo-de-arte-moderno.html\">marat\u00f3n radiof\u00f3nico de Radio Ef\u00edmera<\/a>, que esta emisora por internet organiz\u00f3 en el Museo de Arte Moderno de la ciudad de M\u00e9xico. Hablamos de erotismo, de pornograf\u00eda, de autores diversos, de violencia. Y de desnudos frontales. M\u00e1s o menos. Pero suena bien, \u00bfno? El t\u00e9rmino: <em>desnudos frontales<\/em>.<br \/>\n&nbsp;&nbsp;&nbsp;&nbsp;&nbsp;&nbsp;Por cierto: todos los podcasts de Radio Ef\u00edmera, incluyendo \u00e9ste, se pueden tambi\u00e9n <a href=\"http:\/\/itunes.apple.com\/us\/podcast\/tripulacion-nocturna\/id337469612\">descargar gratis v\u00eda iTunes<\/a>.<br \/>\n&nbsp;&nbsp;&nbsp;&nbsp;&nbsp;&nbsp;Ahora s\u00ed, como dec\u00eda, desnudos frontales:<\/p>\n<p>&nbsp;<br \/>&nbsp;<br \/>&nbsp;<br \/>&nbsp;<br \/>&nbsp;<br \/>&nbsp;<br \/>&nbsp;<br \/>&nbsp;<br \/>&nbsp;<br \/>&nbsp;<br \/>&nbsp;<br \/>&nbsp;<br \/>&nbsp;<br \/>&nbsp;<br \/>&nbsp;<br \/>&nbsp;<br \/>&nbsp;<br \/>&nbsp;<br \/>&nbsp;<\/p>\n<div align=center><object width=\"480\" height=\"385\"><param name=\"movie\" value=\"http:\/\/www.youtube.com\/v\/lRv9uy1ZPtU?fs=1&amp;hl=es_ES\"><\/param><param name=\"allowFullScreen\" value=\"true\"><\/param><param name=\"allowscriptaccess\" value=\"always\"><\/param><\/object><\/div>\n[\/fusion_builder_column][\/fusion_builder_row][\/fusion_builder_container]\n","protected":false},"excerpt":{"rendered":"<p>O: 20 robots, 2 entrevistas, una antolog\u00eda, libro y medio, radio a deshoras&#8230; [fusion_builder_container hundred_percent=\u00bbyes\u00bb overflow=\u00bbvisible\u00bb][fusion_builder_row][fusion_builder_column type=\u00bb1_1&#8243; background_position=\u00bbleft top\u00bb background_color=\u00bb\u00bb border_size=\u00bb\u00bb border_color=\u00bb\u00bb border_style=\u00bbsolid\u00bb spacing=\u00bbyes\u00bb background_image=\u00bb\u00bb background_repeat=\u00bbno-repeat\u00bb padding=\u00bb\u00bb margin_top=\u00bb0px\u00bb margin_bottom=\u00bb0px\u00bb class=\u00bb\u00bb id=\u00bb\u00bb animation_type=\u00bb\u00bb animation_speed=\u00bb0.3&#8243; animation_direction=\u00bbleft\u00bb hide_on_mobile=\u00bbno\u00bb center_content=\u00bbno\u00bb min_height=\u00bbnone\u00bb]<\/p>\n","protected":false},"author":1,"featured_media":0,"comment_status":"open","ping_status":"open","sticky":false,"template":"","format":"standard","meta":{"advanced_seo_description":"","jetpack_seo_html_title":"","jetpack_seo_noindex":false,"jetpack_post_was_ever_published":false,"_jetpack_newsletter_access":"","_jetpack_dont_email_post_to_subs":true,"_jetpack_newsletter_tier_id":0,"_jetpack_memberships_contains_paywalled_content":false,"_jetpack_memberships_contains_paid_content":false,"footnotes":"","jetpack_publicize_message":"","jetpack_publicize_feature_enabled":true,"jetpack_social_post_already_shared":false,"jetpack_social_options":{"image_generator_settings":{"template":"highway","default_image_id":0,"font":"","enabled":false},"version":2}},"categories":[1520,3],"tags":[17,54,1778,77,2049,18,623,22,143,660,826,25,198,1774,2042,1763,1408,1275,2047,284,8,324,2043,2048,1821,2051,2855,2046,2041,820,2050,11,2045,432,1281,827,2856,1282,2044,1772,769],"class_list":["post-7107","post","type-post","status-publish","format-standard","hentry","category-cuaderno","category-lo-nuevo","tag-amistades","tag-antologias","tag-antonio-malpica","tag-bef","tag-bicententario","tag-blogosfera","tag-cecilia-eudave","tag-cuento","tag-edgar-omar-aviles","tag-entrevistas","tag-erotismo","tag-escritores","tag-escritores-mexicanos","tag-f-g-haghenbeck","tag-gabriel-trujillo","tag-gabriela-damian","tag-gerardo-porcayo","tag-gerardo-sifuentes","tag-historias-de-robots","tag-ignacio-padilla","tag-internet","tag-jose-luis-zarate","tag-karen-chacek","tag-koult-es","tag-libros","tag-libros-electronicos","tag-literatura","tag-los-viajeros","tag-mauricio-jose-schwarz","tag-novedades","tag-nueva-biblioteca-del-nino-mexicano","tag-opiniones","tag-orlando-guzman","tag-pepe-rojo","tag-podcast","tag-pornografia","tag-publicaciones","tag-radio-efimera","tag-rafael-villegas","tag-rodolfo-jm","tag-salvador-luis"],"jetpack_publicize_connections":[],"jetpack_featured_media_url":"","jetpack_shortlink":"https:\/\/wp.me\/pjEhq-1QD","jetpack_sharing_enabled":true,"_links":{"self":[{"href":"https:\/\/www.lashistorias.com.mx\/index.php\/wp-json\/wp\/v2\/posts\/7107","targetHints":{"allow":["GET"]}}],"collection":[{"href":"https:\/\/www.lashistorias.com.mx\/index.php\/wp-json\/wp\/v2\/posts"}],"about":[{"href":"https:\/\/www.lashistorias.com.mx\/index.php\/wp-json\/wp\/v2\/types\/post"}],"author":[{"embeddable":true,"href":"https:\/\/www.lashistorias.com.mx\/index.php\/wp-json\/wp\/v2\/users\/1"}],"replies":[{"embeddable":true,"href":"https:\/\/www.lashistorias.com.mx\/index.php\/wp-json\/wp\/v2\/comments?post=7107"}],"version-history":[{"count":35,"href":"https:\/\/www.lashistorias.com.mx\/index.php\/wp-json\/wp\/v2\/posts\/7107\/revisions"}],"predecessor-version":[{"id":12748,"href":"https:\/\/www.lashistorias.com.mx\/index.php\/wp-json\/wp\/v2\/posts\/7107\/revisions\/12748"}],"wp:attachment":[{"href":"https:\/\/www.lashistorias.com.mx\/index.php\/wp-json\/wp\/v2\/media?parent=7107"}],"wp:term":[{"taxonomy":"category","embeddable":true,"href":"https:\/\/www.lashistorias.com.mx\/index.php\/wp-json\/wp\/v2\/categories?post=7107"},{"taxonomy":"post_tag","embeddable":true,"href":"https:\/\/www.lashistorias.com.mx\/index.php\/wp-json\/wp\/v2\/tags?post=7107"}],"curies":[{"name":"wp","href":"https:\/\/api.w.org\/{rel}","templated":true}]}}