{"id":7092,"date":"2010-08-25T10:36:36","date_gmt":"2010-08-25T15:36:36","guid":{"rendered":"http:\/\/www.lashistorias.com.mx\/?p=7092"},"modified":"2016-10-26T10:21:47","modified_gmt":"2016-10-26T15:21:47","slug":"proyecto-nanoficcion","status":"publish","type":"post","link":"https:\/\/www.lashistorias.com.mx\/index.php\/proyecto-nanoficcion\/","title":{"rendered":"Proyecto NanoFicci\u00f3n"},"content":{"rendered":"<p>La siguiente es una convocatoria para todas las personas interesadas en leer buenas historias:<br \/>\n&nbsp;&nbsp;&nbsp;&nbsp;&nbsp;&nbsp;Renato Guill\u00e9n, muy joven escritor mexicano, ha comenzado un proyecto de escritura en Internet. Llamado <em>NanoFicci\u00f3n<\/em>, tiene como objetivo completar un libro de minificciones de aqu\u00ed a un a\u00f1o con la ayuda de sus posibles lectores. Durante el a\u00f1o, <a href=\"http:\/\/instantesdistantes.blogspot.com\/2010\/08\/nanoficcion-sin-ustedes-no-soy-nada.html\">como lo explica \u00e9l mismo<\/a>, Renato publicar\u00e1 narraciones de manera constante en la cuenta de Twitter <a href=\"http:\/\/twitter.com\/nanoficcion\">@nanoficcion<\/a>. Como los mensajes de Twitter no pueden tener m\u00e1s de 140 caracteres, una obligaci\u00f3n de los textos ser\u00e1 (desde luego) ser brev\u00edsimos: concretos y r\u00e1pidos. La propuesta es que los lectores que lo deseen comenten los textos, seleccionen sus favoritos, critiquen los que no lo sean&#8230;, ayuden, en fin, a seleccionar los que pasar\u00e1n a formar parte del libro al t\u00e9rmino del a\u00f1o. Esto puede hacerse contactando al autor en su <a href=\"http:\/\/instantesdistantes.blogspot.com\/\">blog<\/a> o, a\u00fan mejor, por medio del propio Twitter, comentando los textos, redifundi\u00e9ndolos (<em>retuite\u00e1ndolos<\/em>) o bien se\u00f1alando aquellos que m\u00e1s gusten como \u00abfavoritos\u00bb. Esto \u00faltimo ser\u00e1 especialmente \u00fatil porque es posible contar cu\u00e1ntas personas eligen como favorito un texto dado: en el servicio Favstar.fm puede verse ya una lista de <a href=\"http:\/\/favstar.fm\/users\/nanoficcion\">los textos m\u00e1s \u00abfavoriteados\u00bb<\/a> del proyecto hasta el d\u00eda de hoy y tambi\u00e9n de <a href=\"http:\/\/favstar.fm\/users\/nanoficcion\/recent\">los m\u00e1s recientemente se\u00f1alados<\/a>.<\/p>\n<div align=center><img loading=\"lazy\" decoding=\"async\" data-attachment-id=\"7093\" data-permalink=\"https:\/\/www.lashistorias.com.mx\/index.php\/proyecto-nanoficcion\/nanoficcionx4\/\" data-orig-file=\"https:\/\/www.lashistorias.com.mx\/wp-content\/uploads\/2010\/08\/nanoficcionx4.jpg\" data-orig-size=\"256,256\" data-comments-opened=\"1\" data-image-meta=\"{&quot;aperture&quot;:&quot;0&quot;,&quot;credit&quot;:&quot;&quot;,&quot;camera&quot;:&quot;&quot;,&quot;caption&quot;:&quot;&quot;,&quot;created_timestamp&quot;:&quot;0&quot;,&quot;copyright&quot;:&quot;&quot;,&quot;focal_length&quot;:&quot;0&quot;,&quot;iso&quot;:&quot;0&quot;,&quot;shutter_speed&quot;:&quot;0&quot;,&quot;title&quot;:&quot;&quot;}\" data-image-title=\"Nanoficci\u00f3n\" data-image-description=\"\" data-image-caption=\"\" data-large-file=\"https:\/\/www.lashistorias.com.mx\/wp-content\/uploads\/2010\/08\/nanoficcionx4.jpg\" src=\"https:\/\/www.lashistorias.com.mx\/wp-content\/uploads\/2010\/08\/nanoficcionx4.jpg\" alt=\"\" title=\"Nanoficci\u00f3n\" width=\"256\" height=\"256\" class=\"alignnone size-full wp-image-7093\" srcset=\"https:\/\/www.lashistorias.com.mx\/wp-content\/uploads\/2010\/08\/nanoficcionx4.jpg 256w, https:\/\/www.lashistorias.com.mx\/wp-content\/uploads\/2010\/08\/nanoficcionx4-150x150.jpg 150w\" sizes=\"auto, (max-width: 256px) 100vw, 256px\" \/><\/div>\n<p>Este proyecto tiene precedentes en otros pa\u00edses y tambi\u00e9n en M\u00e9xico. Aqu\u00ed, por ejemplo, <a href=\"http:\/\/zarate.blogspot.com\/\">Jos\u00e9 Luis Z\u00e1rate<\/a> utiliza su <a href=\"http:\/\/twitter.com\/joseluiszarate\">cuenta de Twitter<\/a> desde hace a\u00f1os exclusivamente para escribir minificci\u00f3n y ya ha creado varios libros con los textos de su autor\u00eda; desde aqu\u00ed tambi\u00e9n, <a href=\"http:\/\/www.cristinariveragarza.blogspot.com\/\">Cristina Rivera Garza<\/a> invent\u00f3 en <a href=\"http:\/\/twitter.com\/criveragarza\">su propia cuenta<\/a> la etiqueta <a href=\"http:\/\/twitter.com\/#search?q=%23cuentuitos\">#cuentuitos<\/a>, que ahora es utilizada por muchas personas para identificar sus propuestas de narrativa brev\u00edsima. Pero <em>NanoFicci\u00f3n<\/em> es el primer proyecto de este tipo que recibe una beca del FONCA (Fondo Nacional para la Cultura y las Artes) para su realizaci\u00f3n. Tambi\u00e9n, hasta donde s\u00e9, es el primer proyecto de minificci\u00f3n, escrita o no por medio de Internet, que recibe apoyo. Este a\u00f1o me toc\u00f3 ser parte de la comisi\u00f3n de selecci\u00f3n de proyectos de escritores j\u00f3venes y el de Renato nos entusiasm\u00f3.<br \/>\n&nbsp;&nbsp;&nbsp;&nbsp;&nbsp;&nbsp;El proyecto est\u00e1 en l\u00ednea ahora, aunque el periodo de vigencia de la beca comenzar\u00e1 hasta diciembre, no s\u00f3lo por el inter\u00e9s de su creador: adem\u00e1s, es necesario acumular tantos textos como se pueda: ir mucho m\u00e1s all\u00e1 de la cantidad propuesta en el planteamiento del proyecto. \u00bfPor qu\u00e9? Como dec\u00eda arriba, no todos los textos escritos hasta ahora pasar\u00e1n a formar parte del libro terminado, y no s\u00f3lo por razones de espacio, sino porque la  creaci\u00f3n de minificciones &#8211;como lo saben muchos escritores excelentes que se dedican a ella de manera constante&#8211; implica un proceso de refinamiento y sobre todo de descarte: se crean variaciones y series, se acumulan ideas, pero hay que eliminar las que no resulten logradas, los chistes f\u00e1ciles, los juegos de ingenio que no lleguen m\u00e1s all\u00e1, las repeticiones. No m\u00e1s de una de cada cien minificciones publicadas en Internet (o fuera de Internet) vale la pena. Con suerte, 10% de los textos de NanoFicci\u00f3n podr\u00e1n llegar a formar parte del libro terminado&#8230;<br \/>\n&nbsp;&nbsp;&nbsp;&nbsp;&nbsp;&nbsp;(Quienes critican la escritura en Twitter &#8211;y tambi\u00e9n quienes la intentan, por desgracia&#8211; se olvidan muchas veces de esta necesidad de rigor.)<br \/>\n&nbsp;&nbsp;&nbsp;&nbsp;&nbsp;&nbsp;En cualquier caso, como tambi\u00e9n dec\u00eda al principio, el proyecto necesita la ayuda de todos sus posibles lectores: sus opiniones, sus preferencias y sus cr\u00edticas. Ojal\u00e1 se animen a visitar <a href=\"http:\/\/twitter.com\/nanoficcion\">el proyecto<\/a> y ayudar a su creador; cuando menos, tendr\u00e1n un rato de lectura muy interesante.<\/p>\n","protected":false},"excerpt":{"rendered":"<p>La siguiente es una convocatoria para todas las personas interesadas en leer buenas historias: &nbsp;&nbsp;&nbsp;&nbsp;&nbsp;&nbsp;Renato Guill\u00e9n, muy joven escritor mexicano, ha comenzado un proyecto de escritura en Internet. Llamado NanoFicci\u00f3n, tiene como objetivo completar un libro de minificciones de aqu\u00ed a un a\u00f1o con la ayuda de sus posibles lectores. Durante el a\u00f1o, como lo&#8230;<\/p>\n","protected":false},"author":1,"featured_media":0,"comment_status":"open","ping_status":"open","sticky":false,"template":"","format":"standard","meta":{"advanced_seo_description":"","jetpack_seo_html_title":"","jetpack_seo_noindex":false,"jetpack_post_was_ever_published":false,"_jetpack_newsletter_access":"","_jetpack_dont_email_post_to_subs":true,"_jetpack_newsletter_tier_id":0,"_jetpack_memberships_contains_paywalled_content":false,"_jetpack_memberships_contains_paid_content":false,"footnotes":"","jetpack_publicize_message":"","jetpack_publicize_feature_enabled":true,"jetpack_social_post_already_shared":false,"jetpack_social_options":{"image_generator_settings":{"template":"highway","default_image_id":0,"font":"","enabled":false},"version":2}},"categories":[3],"tags":[18,21,1293,22,25,2040,8,324,2855,397,2038,11,1678,2039],"class_list":["post-7092","post","type-post","status-publish","format-standard","hentry","category-lo-nuevo","tag-blogosfera","tag-convocatorias","tag-cristina-rivera-garza","tag-cuento","tag-escritores","tag-fonca","tag-internet","tag-jose-luis-zarate","tag-literatura","tag-minificcion","tag-nanoficcion","tag-opiniones","tag-proyectos-colectivos","tag-renato-guillen"],"jetpack_publicize_connections":[],"jetpack_featured_media_url":"","jetpack_shortlink":"https:\/\/wp.me\/pjEhq-1Qo","jetpack_sharing_enabled":true,"_links":{"self":[{"href":"https:\/\/www.lashistorias.com.mx\/index.php\/wp-json\/wp\/v2\/posts\/7092","targetHints":{"allow":["GET"]}}],"collection":[{"href":"https:\/\/www.lashistorias.com.mx\/index.php\/wp-json\/wp\/v2\/posts"}],"about":[{"href":"https:\/\/www.lashistorias.com.mx\/index.php\/wp-json\/wp\/v2\/types\/post"}],"author":[{"embeddable":true,"href":"https:\/\/www.lashistorias.com.mx\/index.php\/wp-json\/wp\/v2\/users\/1"}],"replies":[{"embeddable":true,"href":"https:\/\/www.lashistorias.com.mx\/index.php\/wp-json\/wp\/v2\/comments?post=7092"}],"version-history":[{"count":14,"href":"https:\/\/www.lashistorias.com.mx\/index.php\/wp-json\/wp\/v2\/posts\/7092\/revisions"}],"predecessor-version":[{"id":8357,"href":"https:\/\/www.lashistorias.com.mx\/index.php\/wp-json\/wp\/v2\/posts\/7092\/revisions\/8357"}],"wp:attachment":[{"href":"https:\/\/www.lashistorias.com.mx\/index.php\/wp-json\/wp\/v2\/media?parent=7092"}],"wp:term":[{"taxonomy":"category","embeddable":true,"href":"https:\/\/www.lashistorias.com.mx\/index.php\/wp-json\/wp\/v2\/categories?post=7092"},{"taxonomy":"post_tag","embeddable":true,"href":"https:\/\/www.lashistorias.com.mx\/index.php\/wp-json\/wp\/v2\/tags?post=7092"}],"curies":[{"name":"wp","href":"https:\/\/api.w.org\/{rel}","templated":true}]}}