{"id":6999,"date":"2010-07-29T12:11:59","date_gmt":"2010-07-29T17:11:59","guid":{"rendered":"http:\/\/www.lashistorias.com.mx\/?p=6999"},"modified":"2016-10-26T10:21:52","modified_gmt":"2016-10-26T15:21:52","slug":"este-domingo-lectura-en-bellas-artes","status":"publish","type":"post","link":"https:\/\/www.lashistorias.com.mx\/index.php\/este-domingo-lectura-en-bellas-artes\/","title":{"rendered":"Este domingo, lectura en Bellas Artes"},"content":{"rendered":"<p>Otra invitaci\u00f3n, pero m\u00e1s especial. Este domingo primero de agosto, a las 12:00 del d\u00eda, habr\u00e1 en el Palacio de Bellas Artes una lectura del ciclo \u00abNuevas voces de la literatura mexicana\u00bb que organiza la Coordinaci\u00f3n Nacional de Literatura. Este ciclo tiene como fin dar a conocer a autores noveles, que leen un fragmento de su trabajo y conversan con el p\u00fablico, y en esta ocasi\u00f3n presentar\u00e1 a <a href=\"http:\/\/twitter.com\/orfa\">Orfa Alarc\u00f3n<\/a>, autora de la novela <em>Perra brava<\/em>, de gran \u00e9xito reciente; <a href=\"http:\/\/twitter.com\/aldan\">Edilberto Ald\u00e1n<\/a>, narrador, ensayista y editor del suplemento <a href=\"http:\/\/www.lajornadaaguascalientes.com.mx\/guardagujas\/\">Guardagujas<\/a>, uno de los m\u00e1s interesantes del momento; <a href=\"http:\/\/twitter.com\/ruyfeben\">Ruy Feben<\/a>, narrador, editor y <a href=\"http:\/\/chilango.com\/buscar?q=ruy+feben\">articulista<\/a> prol\u00edfico, y <a href=\"http:\/\/twitter.com\/Gene_Myth\">Eugenia Robleda<\/a>, de las autoras que se han dedicado con m\u00e1s constancia a la literatura fant\u00e1stica en las \u00faltimas generaciones. Los presentar\u00e1 la excelente narradora <a href=\"https:\/\/www.lashistorias.com.mx\/index.php\/archivo\/de-la-madurez\/\">Ana Garc\u00eda Bergua<\/a>. La cita es en la sala Adamo Boari del Palacio; \u00e9ste se encuentra en Ju\u00e1rez y Eje Central, en el centro hist\u00f3rico de la Ciudad de M\u00e9xico, cerca de la estaci\u00f3n Bellas Artes del Metro. La entrada ser\u00e1 libre. Si van, all\u00e1 nos vemos.<\/p>\n<div align=center>[fusion_builder_container hundred_percent=\u00bbyes\u00bb overflow=\u00bbvisible\u00bb][fusion_builder_row][fusion_builder_column type=\u00bb1_1&#8243; background_position=\u00bbleft top\u00bb background_color=\u00bb\u00bb border_size=\u00bb\u00bb border_color=\u00bb\u00bb border_style=\u00bbsolid\u00bb spacing=\u00bbyes\u00bb background_image=\u00bb\u00bb background_repeat=\u00bbno-repeat\u00bb padding=\u00bb\u00bb margin_top=\u00bb0px\u00bb margin_bottom=\u00bb0px\u00bb class=\u00bb\u00bb id=\u00bb\u00bb animation_type=\u00bb\u00bb animation_speed=\u00bb0.3&#8243; animation_direction=\u00bbleft\u00bb hide_on_mobile=\u00bbno\u00bb center_content=\u00bbno\u00bb min_height=\u00bbnone\u00bb]<figure id=\"attachment_7000\" aria-describedby=\"caption-attachment-7000\" style=\"width: 300px\" class=\"wp-caption alignnone\"><a ref=\"magnificPopup\" href=\"https:\/\/www.lashistorias.com.mx\/wp-content\/uploads\/2010\/07\/palaciobellasartes.jpg\"><img loading=\"lazy\" decoding=\"async\" data-attachment-id=\"7000\" data-permalink=\"https:\/\/www.lashistorias.com.mx\/index.php\/este-domingo-lectura-en-bellas-artes\/palaciobellasartes\/\" data-orig-file=\"https:\/\/www.lashistorias.com.mx\/wp-content\/uploads\/2010\/07\/palaciobellasartes.jpg\" data-orig-size=\"640,485\" data-comments-opened=\"1\" data-image-meta=\"{&quot;aperture&quot;:&quot;8&quot;,&quot;credit&quot;:&quot;&quot;,&quot;camera&quot;:&quot;Canon PowerShot G5&quot;,&quot;caption&quot;:&quot;&quot;,&quot;created_timestamp&quot;:&quot;1099447268&quot;,&quot;copyright&quot;:&quot;&quot;,&quot;focal_length&quot;:&quot;7.1875&quot;,&quot;iso&quot;:&quot;0&quot;,&quot;shutter_speed&quot;:&quot;0.003125&quot;,&quot;title&quot;:&quot;&quot;}\" data-image-title=\"Palacio de Bellas Artes\" data-image-description=\"\" data-image-caption=\"&lt;p&gt;Palacio de Bellas artes. Foto: dalay.ojodigital.com&lt;\/p&gt;\n\" data-large-file=\"https:\/\/www.lashistorias.com.mx\/wp-content\/uploads\/2010\/07\/palaciobellasartes.jpg\" src=\"https:\/\/www.lashistorias.com.mx\/wp-content\/uploads\/2010\/07\/palaciobellasartes-300x227.jpg\" alt=\"\" title=\"Palacio de Bellas Artes\" width=\"300\" height=\"227\" class=\"size-medium wp-image-7000\" srcset=\"https:\/\/www.lashistorias.com.mx\/wp-content\/uploads\/2010\/07\/palaciobellasartes-300x227.jpg 300w, https:\/\/www.lashistorias.com.mx\/wp-content\/uploads\/2010\/07\/palaciobellasartes.jpg 640w\" sizes=\"auto, (max-width: 300px) 100vw, 300px\" \/><\/a><figcaption id=\"caption-attachment-7000\" class=\"wp-caption-text\">Palacio de Bellas artes. Foto: dalay.ojodigital.com<\/figcaption><\/figure><\/div>\n[\/fusion_builder_column][\/fusion_builder_row][\/fusion_builder_container]\n","protected":false},"excerpt":{"rendered":"<p>Otra invitaci\u00f3n, pero m\u00e1s especial. Este domingo primero de agosto, a las 12:00 del d\u00eda, habr\u00e1 en el Palacio de Bellas Artes una lectura del ciclo \u00abNuevas voces de la literatura mexicana\u00bb que organiza la Coordinaci\u00f3n Nacional de Literatura. Este ciclo tiene como fin dar a conocer a autores noveles, que leen un fragmento de&#8230;<\/p>\n","protected":false},"author":1,"featured_media":0,"comment_status":"open","ping_status":"open","sticky":false,"template":"","format":"standard","meta":{"advanced_seo_description":"","jetpack_seo_html_title":"","jetpack_seo_noindex":false,"jetpack_post_was_ever_published":false,"_jetpack_newsletter_access":"","_jetpack_dont_email_post_to_subs":true,"_jetpack_newsletter_tier_id":0,"_jetpack_memberships_contains_paywalled_content":false,"_jetpack_memberships_contains_paid_content":false,"footnotes":"","jetpack_publicize_message":"","jetpack_publicize_feature_enabled":true,"jetpack_social_post_already_shared":false,"jetpack_social_options":{"image_generator_settings":{"template":"highway","default_image_id":0,"font":"","enabled":false},"version":2}},"categories":[3],"tags":[570,22,648,25,198,1993,666,1445,2855,10,1202,1990,939,1992,12,1991],"class_list":["post-6999","post","type-post","status-publish","format-standard","hentry","category-lo-nuevo","tag-breves","tag-cuento","tag-edilberto-aldan","tag-escritores","tag-escritores-mexicanos","tag-escritores-noveles","tag-eugenia-robleda","tag-guardagujas","tag-literatura","tag-novela","tag-nuevas-voces-de-la-literatura-mexicana","tag-orfa-alarcon","tag-palacio-de-bellas-artes","tag-perra-brava","tag-presentaciones","tag-ruy-feben"],"jetpack_publicize_connections":[],"jetpack_featured_media_url":"","jetpack_shortlink":"https:\/\/wp.me\/pjEhq-1OT","jetpack_sharing_enabled":true,"_links":{"self":[{"href":"https:\/\/www.lashistorias.com.mx\/index.php\/wp-json\/wp\/v2\/posts\/6999","targetHints":{"allow":["GET"]}}],"collection":[{"href":"https:\/\/www.lashistorias.com.mx\/index.php\/wp-json\/wp\/v2\/posts"}],"about":[{"href":"https:\/\/www.lashistorias.com.mx\/index.php\/wp-json\/wp\/v2\/types\/post"}],"author":[{"embeddable":true,"href":"https:\/\/www.lashistorias.com.mx\/index.php\/wp-json\/wp\/v2\/users\/1"}],"replies":[{"embeddable":true,"href":"https:\/\/www.lashistorias.com.mx\/index.php\/wp-json\/wp\/v2\/comments?post=6999"}],"version-history":[{"count":3,"href":"https:\/\/www.lashistorias.com.mx\/index.php\/wp-json\/wp\/v2\/posts\/6999\/revisions"}],"predecessor-version":[{"id":12756,"href":"https:\/\/www.lashistorias.com.mx\/index.php\/wp-json\/wp\/v2\/posts\/6999\/revisions\/12756"}],"wp:attachment":[{"href":"https:\/\/www.lashistorias.com.mx\/index.php\/wp-json\/wp\/v2\/media?parent=6999"}],"wp:term":[{"taxonomy":"category","embeddable":true,"href":"https:\/\/www.lashistorias.com.mx\/index.php\/wp-json\/wp\/v2\/categories?post=6999"},{"taxonomy":"post_tag","embeddable":true,"href":"https:\/\/www.lashistorias.com.mx\/index.php\/wp-json\/wp\/v2\/tags?post=6999"}],"curies":[{"name":"wp","href":"https:\/\/api.w.org\/{rel}","templated":true}]}}