{"id":6871,"date":"2010-07-05T11:56:28","date_gmt":"2010-07-05T16:56:28","guid":{"rendered":"http:\/\/www.lashistorias.com.mx\/?p=6871"},"modified":"2016-10-26T10:21:57","modified_gmt":"2016-10-26T15:21:57","slug":"conferencia-la-independencia-de-los-libros-mexicanos","status":"publish","type":"post","link":"https:\/\/www.lashistorias.com.mx\/index.php\/conferencia-la-independencia-de-los-libros-mexicanos\/","title":{"rendered":"Conferencia: la \u00abindependencia\u00bb de los libros mexicanos"},"content":{"rendered":"<p>Breve invitaci\u00f3n: ma\u00f1ana, martes 6 de julio, habr\u00e1 una conferencia magistral dictada por Felipe Garrido (narrador, ensayista, editor) acerca de la nunca lograda independencia editorial de M\u00e9xico. Ser\u00e1 en la Sala Adamo Boari del Palacio de Bellas Artes en la ciudad de M\u00e9xico, a las 19:00 horas. La entrada ser\u00e1 libre.<br \/>\n&nbsp;&nbsp;&nbsp;&nbsp;&nbsp;&nbsp;Garrido, adem\u00e1s de tener una larga y variada carrera, ha dedicado buena parte de la \u00faltima d\u00e9cada a defender la lengua mexicana: las palabras y los giros existentes aqu\u00ed, que como sabemos tienen a varios de sus peores enemigos en M\u00e9xico y que est\u00e1n siendo expulsados, poco a poco, de la literatura, los medios y la pol\u00edtica. Garrido ha dicho:<\/p>\n<blockquote><p>No somos el pa\u00eds que so\u00f1\u00f3 Morelos. (&#8230;) Hemos entregado nuestros libros (incluso en la Ley del Libro), que es como entregar nuestra conciencia y nuestra identidad. La independencia est\u00e1 por llegar, si es que somos capaces de alcanzarla, si es que somos capaces de recuperar nuestras lenguas y nuestros libros \u2014que hoy incluyen la Internet, la TV, la radio&#8230;<\/p><\/blockquote>\n<p><a href=\"http:\/\/www.literatura.bellasartes.gob.mx\/index.php?option=com_content&#038;view=article&#038;id=256:hemos-entregado-nuestros-libros-que-es-como-entregar-nuestra-conciencia-y-nuestra-identidad-felipe-garrido&#038;catid=105:prensa\">Este reportaje<\/a>, que merece leerse con atenci\u00f3n, ofrece m\u00e1s informaci\u00f3n sobre la conferencia, que forma parte de un ciclo organizado por Bellas Artes: \u00abLa Academia Mexicana de la Lengua ante los centenarios de las Revoluciones\u00bb. El Palacio de Bellas Artes est\u00e1 en Ju\u00e1rez y Eje Central, en el Centro Hist\u00f3rico de la ciudad de M\u00e9xico. Si van, all\u00e1 nos vemos.<\/p>\n<div align=center>[fusion_builder_container hundred_percent=\u00bbyes\u00bb overflow=\u00bbvisible\u00bb][fusion_builder_row][fusion_builder_column type=\u00bb1_1&#8243; background_position=\u00bbleft top\u00bb background_color=\u00bb\u00bb border_size=\u00bb\u00bb border_color=\u00bb\u00bb border_style=\u00bbsolid\u00bb spacing=\u00bbyes\u00bb background_image=\u00bb\u00bb background_repeat=\u00bbno-repeat\u00bb padding=\u00bb\u00bb margin_top=\u00bb0px\u00bb margin_bottom=\u00bb0px\u00bb class=\u00bb\u00bb id=\u00bb\u00bb animation_type=\u00bb\u00bb animation_speed=\u00bb0.3&#8243; animation_direction=\u00bbleft\u00bb hide_on_mobile=\u00bbno\u00bb center_content=\u00bbno\u00bb min_height=\u00bbnone\u00bb]<figure id=\"attachment_6873\" aria-describedby=\"caption-attachment-6873\" style=\"width: 219px\" class=\"wp-caption alignnone\"><img loading=\"lazy\" decoding=\"async\" data-attachment-id=\"6873\" data-permalink=\"https:\/\/www.lashistorias.com.mx\/index.php\/conferencia-la-independencia-de-los-libros-mexicanos\/garrido_felipe\/\" data-orig-file=\"https:\/\/www.lashistorias.com.mx\/wp-content\/uploads\/2010\/07\/garrido_felipe.jpg\" data-orig-size=\"219,288\" data-comments-opened=\"1\" data-image-meta=\"{&quot;aperture&quot;:&quot;0&quot;,&quot;credit&quot;:&quot;&quot;,&quot;camera&quot;:&quot;&quot;,&quot;caption&quot;:&quot;&quot;,&quot;created_timestamp&quot;:&quot;0&quot;,&quot;copyright&quot;:&quot;&quot;,&quot;focal_length&quot;:&quot;0&quot;,&quot;iso&quot;:&quot;0&quot;,&quot;shutter_speed&quot;:&quot;0&quot;,&quot;title&quot;:&quot;&quot;}\" data-image-title=\"Felipe Garrido\" data-image-description=\"\" data-image-caption=\"&lt;p&gt;Felipe Garrido. Fuente: literaturainba.gob.mx&lt;\/p&gt;\n\" data-large-file=\"https:\/\/www.lashistorias.com.mx\/wp-content\/uploads\/2010\/07\/garrido_felipe.jpg\" src=\"https:\/\/www.lashistorias.com.mx\/wp-content\/uploads\/2010\/07\/garrido_felipe.jpg\" alt=\"\" title=\"Felipe Garrido\" width=\"219\" height=\"288\" class=\"size-full wp-image-6873\" \/><figcaption id=\"caption-attachment-6873\" class=\"wp-caption-text\">Felipe Garrido.<br \/>Fuente: literaturainba.gob.mx<\/figcaption><\/figure><\/div>\n[\/fusion_builder_column][\/fusion_builder_row][\/fusion_builder_container]\n","protected":false},"excerpt":{"rendered":"<p>Breve invitaci\u00f3n: ma\u00f1ana, martes 6 de julio, habr\u00e1 una conferencia magistral dictada por Felipe Garrido (narrador, ensayista, editor) acerca de la nunca lograda independencia editorial de M\u00e9xico. Ser\u00e1 en la Sala Adamo Boari del Palacio de Bellas Artes en la ciudad de M\u00e9xico, a las 19:00 horas. La entrada ser\u00e1 libre. &nbsp;&nbsp;&nbsp;&nbsp;&nbsp;&nbsp;Garrido, adem\u00e1s de tener&#8230;<\/p>\n","protected":false},"author":1,"featured_media":0,"comment_status":"open","ping_status":"open","sticky":false,"template":"","format":"standard","meta":{"advanced_seo_description":"","jetpack_seo_html_title":"","jetpack_seo_noindex":false,"jetpack_post_was_ever_published":false,"_jetpack_newsletter_access":"","_jetpack_dont_email_post_to_subs":true,"_jetpack_newsletter_tier_id":0,"_jetpack_memberships_contains_paywalled_content":false,"_jetpack_memberships_contains_paid_content":false,"footnotes":"","jetpack_publicize_message":"","jetpack_publicize_feature_enabled":true,"jetpack_social_post_already_shared":false,"jetpack_social_options":{"image_generator_settings":{"template":"highway","default_image_id":0,"font":"","enabled":false},"version":2}},"categories":[3],"tags":[78,570,1884,1957,25,1955,1956,2855,939],"class_list":["post-6871","post","type-post","status-publish","format-standard","hentry","category-lo-nuevo","tag-bellas-artes","tag-breves","tag-conferencia-magistral","tag-el-espanol-de-mexico","tag-escritores","tag-felipe-garrido","tag-lengua-espanola","tag-literatura","tag-palacio-de-bellas-artes"],"jetpack_publicize_connections":[],"jetpack_featured_media_url":"","jetpack_shortlink":"https:\/\/wp.me\/pjEhq-1MP","jetpack_sharing_enabled":true,"_links":{"self":[{"href":"https:\/\/www.lashistorias.com.mx\/index.php\/wp-json\/wp\/v2\/posts\/6871","targetHints":{"allow":["GET"]}}],"collection":[{"href":"https:\/\/www.lashistorias.com.mx\/index.php\/wp-json\/wp\/v2\/posts"}],"about":[{"href":"https:\/\/www.lashistorias.com.mx\/index.php\/wp-json\/wp\/v2\/types\/post"}],"author":[{"embeddable":true,"href":"https:\/\/www.lashistorias.com.mx\/index.php\/wp-json\/wp\/v2\/users\/1"}],"replies":[{"embeddable":true,"href":"https:\/\/www.lashistorias.com.mx\/index.php\/wp-json\/wp\/v2\/comments?post=6871"}],"version-history":[{"count":6,"href":"https:\/\/www.lashistorias.com.mx\/index.php\/wp-json\/wp\/v2\/posts\/6871\/revisions"}],"predecessor-version":[{"id":12764,"href":"https:\/\/www.lashistorias.com.mx\/index.php\/wp-json\/wp\/v2\/posts\/6871\/revisions\/12764"}],"wp:attachment":[{"href":"https:\/\/www.lashistorias.com.mx\/index.php\/wp-json\/wp\/v2\/media?parent=6871"}],"wp:term":[{"taxonomy":"category","embeddable":true,"href":"https:\/\/www.lashistorias.com.mx\/index.php\/wp-json\/wp\/v2\/categories?post=6871"},{"taxonomy":"post_tag","embeddable":true,"href":"https:\/\/www.lashistorias.com.mx\/index.php\/wp-json\/wp\/v2\/tags?post=6871"}],"curies":[{"name":"wp","href":"https:\/\/api.w.org\/{rel}","templated":true}]}}