{"id":682,"date":"2009-01-18T16:06:36","date_gmt":"2009-01-18T22:06:36","guid":{"rendered":"http:\/\/www.lashistorias.com.mx\/?p=682"},"modified":"2016-10-26T10:23:24","modified_gmt":"2016-10-26T15:23:24","slug":"novedades-en-las-historias","status":"publish","type":"post","link":"https:\/\/www.lashistorias.com.mx\/index.php\/novedades-en-las-historias\/","title":{"rendered":"Novedades en Las historias (actualizado: 18\/1\/09)"},"content":{"rendered":"<p><strong>[fusion_builder_container hundred_percent=\u00bbyes\u00bb overflow=\u00bbvisible\u00bb][fusion_builder_row][fusion_builder_column type=\u00bb1_1&#8243; background_position=\u00bbleft top\u00bb background_color=\u00bb\u00bb border_size=\u00bb\u00bb border_color=\u00bb\u00bb border_style=\u00bbsolid\u00bb spacing=\u00bbyes\u00bb background_image=\u00bb\u00bb background_repeat=\u00bbno-repeat\u00bb padding=\u00bb\u00bb margin_top=\u00bb0px\u00bb margin_bottom=\u00bb0px\u00bb class=\u00bb\u00bb id=\u00bb\u00bb animation_type=\u00bb\u00bb animation_speed=\u00bb0.3&#8243; animation_direction=\u00bbleft\u00bb hide_on_mobile=\u00bbno\u00bb center_content=\u00bbno\u00bb min_height=\u00bbnone\u00bb][Adiciones del 18 de enero: <a href=\"https:\/\/www.lashistorias.com.mx\/index.php\/alberto-chimal\/la-ciudad-invisible-ensayo\/\">\u00abLa ciudad invisible\u00bb<\/a>, un breve ensayo autobiogr\u00e1fico, y un art\u00edculo sobre <a href=\"https:\/\/www.lashistorias.com.mx\/index.php\/alberto-chimal\/jlb-y-la-cf-articulo\/\">Jorge Luis Borges y la ciencia ficci\u00f3n<\/a>.]<\/strong><\/p>\n<p><strong>[Adiciones del 31 de octubre: un ensayo (<a href=\"https:\/\/www.lashistorias.com.mx\/index.php\/alberto-chimal\/la-ciudad-imaginada-ensayo\/\">\u00abLa ciudad imaginada\u00bb<\/a>) y tres art\u00edculos: uno sobre <a href=\"https:\/\/www.lashistorias.com.mx\/index.php\/alberto-chimal\/clavileno\/\">Clavile\u00f1o<\/a>, el caballo volador de la tradici\u00f3n cervantina, y dos textos panor\u00e1micos, uno sobre <a href=\"https:\/\/www.lashistorias.com.mx\/index.php\/alberto-chimal\/ilusion-de-verdad-la-novela-grafica-articulo\/\">novela gr\u00e1fica<\/a> y el otro sobre <a href=\"https:\/\/www.lashistorias.com.mx\/index.php\/alberto-chimal\/literatura-fantastica-mexicana\/\">literatura fant\u00e1stica mexicana<\/a>.]<\/strong><\/p>\n<p><strong>[Adiciones del 25 de septiembre: un <a href=\"https:\/\/www.lashistorias.com.mx\/index.php\/english\/\">resumen en ingl\u00e9s<\/a> y dos traducciones en el mismo idioma: <a href=\"https:\/\/www.lashistorias.com.mx\/index.php\/english\/the-leaving\/\">\u00abLa partida\u00bb<\/a> y <a href=\"https:\/\/www.lashistorias.com.mx\/index.php\/english\/people-of-the-world\/\">un <\/a><a href=\"https:\/\/www.lashistorias.com.mx\/index.php\/english\/people-of-the-world\/\">fragmento de <em>Gente del mundo<\/em><\/a>.]<\/strong><\/p>\n<p><strong>[Adiciones del 9 de septiembre: una <a href=\"https:\/\/www.lashistorias.com.mx\/index.php\/alberto-chimal\/\">ficha biogr\u00e1fica<\/a> de A. C. y los siguientes textos: los cuentos <a href=\"https:\/\/www.lashistorias.com.mx\/index.php\/alberto-chimal\/mogo\/\">\u00abMogo\u00bb<\/a>, <a href=\"https:\/\/www.lashistorias.com.mx\/index.php\/alberto-chimal\/manda-fuego\/\">\u00abManda fuego\u00bb<\/a> y <a href=\"https:\/\/www.lashistorias.com.mx\/index.php\/alberto-chimal\/el-juego-mas-antiguo\/\">\u00abEl juego m\u00e1s antiguo\u00bb<\/a>, cinco fragmentos de <a href=\"https:\/\/www.lashistorias.com.mx\/index.php\/alberto-chimal\/gente-del-mundo-fragmentos\/\"><em>Gente del mundo<\/em><\/a> y un extracto de la novela corta <a href=\"https:\/\/www.lashistorias.com.mx\/index.php\/alberto-chimal\/shante\/\"><em>Shant\u00e9<\/em><\/a>.]<\/strong><\/p>\n<p><strong>[Adici\u00f3n del 2 de septiembre: una nueva p\u00e1gina con <a href=\"https:\/\/www.lashistorias.com.mx\/index.php\/contacto\/\">opciones de contacto<\/a> se agrega a la de <a href=\"https:\/\/www.lashistorias.com.mx\/index.php\/contacto\/correo-electronico\/\">correo electr\u00f3nico<\/a>.]<\/strong><\/p>\n<p><strong>[Adici\u00f3n del 3 de septiembre: una <a href=\"https:\/\/www.lashistorias.com.mx\/index.php\/enlaces\/recortes\/\">p\u00e1gina de recortes<\/a> recoger\u00e1 enlaces, citas y hallazgos de la red.]<\/strong><\/p>\n<p>Bienvenidos a la nueva versi\u00f3n de <em>Las historias<\/em>, con un nuevo dise\u00f1o y varias \u00abprestaciones\u00bb nuevas. Todas las notas publicadas desde la apertura de la bit\u00e1cora en 2005 &#8211;con excepci\u00f3n de un par de avisos relacionados con la descompostura que sufri\u00f3 el sistema del blog en junio de este a\u00f1o, y otros por el estilo&#8211; se encuentran aqu\u00ed.<\/p>\n<p>Por otra parte, tambi\u00e9n ha habido varios cambios. El m\u00e1s notorio es que la direcci\u00f3n de la bit\u00e1cora ha cambiado y ahora es <strong>www.lashistorias.com.mx<\/strong>. Moverla de su localizaci\u00f3n inicial (en el subdirectorio \/blog, ahora inexistente) provoc\u00f3 que muchos enlaces dentro y fuera del sitio quedaran desactualizado, pero pensamos (los amigos que me ayudan en <a href=\"http:\/\/www.fatalespejo.com.mx\">Fatal Espejo<\/a>, por cierto ya muy cerca de reiniciar actividades en su propio sitio, y yo mismo) que ser\u00eda mejor tener todo el contenido del sitio en un solo lugar para poder manejarlo m\u00e1s f\u00e1cilmente. Esto significa adem\u00e1s que el sitio aleda\u00f1o con informaci\u00f3n sobre mi trabajo y algunos textos (antes en el subdirectorio \/ac) ser\u00e1 trasladado aqu\u00ed tambi\u00e9n, a una secci\u00f3n especial que por el momento est\u00e1 en construcci\u00f3n pero podr\u00e1 verse en l\u00ednea muy pronto.<\/p>\n<p>Otros detalles: una secci\u00f3n especial de <a href=\"https:\/\/www.lashistorias.com.mx\/index.php\/temas\/recomendados\/\">notas recomendadas<\/a> (\u00ablo mejor\u00bb de este blog, elegido de manera absolutamente arbitraria pero siempre pensando en se\u00f1alar textos o ideas interesantes) y el regreso de los ejercicios del <a href=\"https:\/\/www.lashistorias.com.mx\/index.php\/temas\/taller-literario\/\">taller literario<\/a>, para las personas que desean escribir y buscan temas de pr\u00e1ctica. Pronto volver\u00e1n algunas otras funciones de las versiones previas de esta bit\u00e1cora.<\/p>\n<p>Agradezco desde ahora, y como siempre, a todos los visitantes, y les pido por favor que dejen cualquier comentario o petici\u00f3n que deseen hacer, ya sea directamente en la nota de su inter\u00e9s o por medio de alguna de las <a href=\"https:\/\/www.lashistorias.com.mx\/index.php\/contacto\/\">opciones de contacto<\/a>.<\/p>\n<p>Bienvenidos, pues.[\/fusion_builder_column][\/fusion_builder_row][\/fusion_builder_container]\n","protected":false},"excerpt":{"rendered":"<p>[fusion_builder_container hundred_percent=\u00bbyes\u00bb overflow=\u00bbvisible\u00bb][fusion_builder_row][fusion_builder_column type=\u00bb1_1&#8243; background_position=\u00bbleft top\u00bb background_color=\u00bb\u00bb border_size=\u00bb\u00bb border_color=\u00bb\u00bb border_style=\u00bbsolid\u00bb spacing=\u00bbyes\u00bb background_image=\u00bb\u00bb background_repeat=\u00bbno-repeat\u00bb padding=\u00bb\u00bb margin_top=\u00bb0px\u00bb margin_bottom=\u00bb0px\u00bb class=\u00bb\u00bb id=\u00bb\u00bb animation_type=\u00bb\u00bb animation_speed=\u00bb0.3&#8243; animation_direction=\u00bbleft\u00bb hide_on_mobile=\u00bbno\u00bb center_content=\u00bbno\u00bb min_height=\u00bbnone\u00bb][Adiciones del 18 de enero: \u00abLa ciudad invisible\u00bb, un breve ensayo autobiogr\u00e1fico, y un art\u00edculo sobre Jorge Luis Borges y la ciencia ficci\u00f3n.] [Adiciones del 31 de octubre: un ensayo (\u00abLa ciudad&#8230;<\/p>\n","protected":false},"author":1,"featured_media":0,"comment_status":"open","ping_status":"open","sticky":false,"template":"","format":"standard","meta":{"advanced_seo_description":"","jetpack_seo_html_title":"","jetpack_seo_noindex":false,"jetpack_post_was_ever_published":false,"_jetpack_newsletter_access":"","_jetpack_dont_email_post_to_subs":true,"_jetpack_newsletter_tier_id":0,"_jetpack_memberships_contains_paywalled_content":false,"_jetpack_memberships_contains_paid_content":false,"footnotes":"","jetpack_publicize_message":"","jetpack_publicize_feature_enabled":true,"jetpack_social_post_already_shared":false,"jetpack_social_options":{"image_generator_settings":{"template":"highway","default_image_id":0,"font":"","enabled":false},"version":2}},"categories":[3],"tags":[81,18,8,348,820],"class_list":["post-682","post","type-post","status-publish","format-standard","hentry","category-lo-nuevo","tag-bienvenida","tag-blogosfera","tag-internet","tag-las-historias","tag-novedades"],"jetpack_publicize_connections":[],"jetpack_featured_media_url":"","jetpack_shortlink":"https:\/\/wp.me\/pjEhq-b0","jetpack_sharing_enabled":true,"_links":{"self":[{"href":"https:\/\/www.lashistorias.com.mx\/index.php\/wp-json\/wp\/v2\/posts\/682","targetHints":{"allow":["GET"]}}],"collection":[{"href":"https:\/\/www.lashistorias.com.mx\/index.php\/wp-json\/wp\/v2\/posts"}],"about":[{"href":"https:\/\/www.lashistorias.com.mx\/index.php\/wp-json\/wp\/v2\/types\/post"}],"author":[{"embeddable":true,"href":"https:\/\/www.lashistorias.com.mx\/index.php\/wp-json\/wp\/v2\/users\/1"}],"replies":[{"embeddable":true,"href":"https:\/\/www.lashistorias.com.mx\/index.php\/wp-json\/wp\/v2\/comments?post=682"}],"version-history":[{"count":27,"href":"https:\/\/www.lashistorias.com.mx\/index.php\/wp-json\/wp\/v2\/posts\/682\/revisions"}],"predecessor-version":[{"id":12868,"href":"https:\/\/www.lashistorias.com.mx\/index.php\/wp-json\/wp\/v2\/posts\/682\/revisions\/12868"}],"wp:attachment":[{"href":"https:\/\/www.lashistorias.com.mx\/index.php\/wp-json\/wp\/v2\/media?parent=682"}],"wp:term":[{"taxonomy":"category","embeddable":true,"href":"https:\/\/www.lashistorias.com.mx\/index.php\/wp-json\/wp\/v2\/categories?post=682"},{"taxonomy":"post_tag","embeddable":true,"href":"https:\/\/www.lashistorias.com.mx\/index.php\/wp-json\/wp\/v2\/tags?post=682"}],"curies":[{"name":"wp","href":"https:\/\/api.w.org\/{rel}","templated":true}]}}