{"id":677,"date":"2008-08-31T15:10:42","date_gmt":"2008-08-31T20:10:42","guid":{"rendered":"http:\/\/www.lashistorias.com.mx\/?p=677"},"modified":"2016-10-26T10:23:49","modified_gmt":"2016-10-26T15:23:49","slug":"el-taller-de-cuento-abre-inscripciones","status":"publish","type":"post","link":"https:\/\/www.lashistorias.com.mx\/index.php\/el-taller-de-cuento-abre-inscripciones\/","title":{"rendered":"El taller de cuento abre inscripciones"},"content":{"rendered":"<p>En septiembre, como cada mes, el taller integral de cuento abre inscripciones en el Centro Cultural Donceles 66. Este taller es abierto, es decir, no tiene un programa fijo ni una duraci\u00f3n determinada, y las personas interesadas pueden inscribirse y asistir tantos meses (o tan pocos) como consideren necesario.<\/p>\n<p>El taller sesiona todos los s\u00e1bados de 10:00 a 12:00 horas y su sede, como su nombre indica, se encuentra en la calle de Donceles #66, casi esquina con Palma, en el Centro Hist\u00f3rico de la ciudad de M\u00e9xico.<\/p>\n<p>Los interesados pueden inscribirse el primer s\u00e1bado de cada mes; por lo tanto, la pr\u00f3xima fecha de inscripci\u00f3n ser\u00e1 el 6 de septiembre. El costo de la mensualidad es de $500 m\u00e1s una cooperaci\u00f3n voluntaria para el servicio de caf\u00e9.<\/p>\n<p>Para entrar en el taller no hace falta cumplir con ning\u00fan requisito en especial; s\u00f3lo se pide que las personas interesadas se apunten y, a la hora de proponer un texto para trabajar, lo lleven en copias suficientes para que todos los asistentes puedan leer el texto. La mec\u00e1nica de trabajo es simple: se comentan los textos, se sugieren posibles mejoras y se proponen ejercicios y lecturas adicionales de acuerdo con los intereses de cada persona y las necesidades de cada trabajo. Una vez al mes se propone un texto interesante (sea de autor consagrado o no) para discutirlo y analizar sus caracter\u00edsticas m\u00e1s llamativas o \u00fatiles para quien desea escribir sus propias historias.<\/p>\n<p>Se pueden solicitar m\u00e1s informes <a href=\"https:\/\/www.lashistorias.com.mx\/index.php\/contacto\/\">aqu\u00ed<\/a>.<\/p>\n","protected":false},"excerpt":{"rendered":"<p>En septiembre, como cada mes, el taller integral de cuento abre inscripciones en el Centro Cultural Donceles 66. Este taller es abierto, es decir, no tiene un programa fijo ni una duraci\u00f3n determinada, y las personas interesadas pueden inscribirse y asistir tantos meses (o tan pocos) como consideren necesario. El taller sesiona todos los s\u00e1bados&#8230;<\/p>\n","protected":false},"author":1,"featured_media":0,"comment_status":"open","ping_status":"open","sticky":false,"template":"","format":"standard","meta":{"advanced_seo_description":"","jetpack_seo_html_title":"","jetpack_seo_noindex":false,"jetpack_post_was_ever_published":false,"_jetpack_newsletter_access":"","_jetpack_dont_email_post_to_subs":true,"_jetpack_newsletter_tier_id":0,"_jetpack_memberships_contains_paywalled_content":false,"_jetpack_memberships_contains_paid_content":false,"footnotes":"","jetpack_publicize_message":"","jetpack_publicize_feature_enabled":true,"jetpack_social_post_already_shared":false,"jetpack_social_options":{"image_generator_settings":{"template":"highway","default_image_id":0,"font":"","enabled":false},"version":2}},"categories":[23],"tags":[137,560,817,2855,816],"class_list":["post-677","post","type-post","status-publish","format-standard","hentry","category-cursos-y-talleres","tag-donceles-66","tag-especiales","tag-inscripciones","tag-literatura","tag-taller-integral-de-cuento"],"jetpack_publicize_connections":[],"jetpack_featured_media_url":"","jetpack_shortlink":"https:\/\/wp.me\/pjEhq-aV","jetpack_sharing_enabled":true,"_links":{"self":[{"href":"https:\/\/www.lashistorias.com.mx\/index.php\/wp-json\/wp\/v2\/posts\/677","targetHints":{"allow":["GET"]}}],"collection":[{"href":"https:\/\/www.lashistorias.com.mx\/index.php\/wp-json\/wp\/v2\/posts"}],"about":[{"href":"https:\/\/www.lashistorias.com.mx\/index.php\/wp-json\/wp\/v2\/types\/post"}],"author":[{"embeddable":true,"href":"https:\/\/www.lashistorias.com.mx\/index.php\/wp-json\/wp\/v2\/users\/1"}],"replies":[{"embeddable":true,"href":"https:\/\/www.lashistorias.com.mx\/index.php\/wp-json\/wp\/v2\/comments?post=677"}],"version-history":[{"count":2,"href":"https:\/\/www.lashistorias.com.mx\/index.php\/wp-json\/wp\/v2\/posts\/677\/revisions"}],"predecessor-version":[{"id":5330,"href":"https:\/\/www.lashistorias.com.mx\/index.php\/wp-json\/wp\/v2\/posts\/677\/revisions\/5330"}],"wp:attachment":[{"href":"https:\/\/www.lashistorias.com.mx\/index.php\/wp-json\/wp\/v2\/media?parent=677"}],"wp:term":[{"taxonomy":"category","embeddable":true,"href":"https:\/\/www.lashistorias.com.mx\/index.php\/wp-json\/wp\/v2\/categories?post=677"},{"taxonomy":"post_tag","embeddable":true,"href":"https:\/\/www.lashistorias.com.mx\/index.php\/wp-json\/wp\/v2\/tags?post=677"}],"curies":[{"name":"wp","href":"https:\/\/api.w.org\/{rel}","templated":true}]}}