{"id":6711,"date":"2010-06-18T14:45:15","date_gmt":"2010-06-18T19:45:15","guid":{"rendered":"http:\/\/www.lashistorias.com.mx\/?p=6711"},"modified":"2019-06-25T11:30:05","modified_gmt":"2019-06-25T16:30:05","slug":"seudonimos","status":"publish","type":"post","link":"https:\/\/www.lashistorias.com.mx\/index.php\/seudonimos\/","title":{"rendered":"5 sugerencias para elegir un seud\u00f3nimo"},"content":{"rendered":"<p style=\"text-align: left;\">Una persona me pregunt\u00f3 acerca de c\u00f3mo elegir un seud\u00f3nimo; tomando de la experiencia de otros y de la m\u00eda (sobre la que escribir\u00e9 un poco m\u00e1s adelante), puedo decir lo siguiente:<\/p>\n<figure id=\"attachment_6712\" aria-describedby=\"caption-attachment-6712\" style=\"width: 400px\" class=\"wp-caption aligncenter\"><a ref=\"magnificPopup\" href=\"https:\/\/www.lashistorias.com.mx\/wp-content\/uploads\/2010\/06\/seudonimos.jpg\"><img loading=\"lazy\" decoding=\"async\" data-attachment-id=\"6712\" data-permalink=\"https:\/\/www.lashistorias.com.mx\/index.php\/seudonimos\/seudonimos-2\/\" data-orig-file=\"https:\/\/www.lashistorias.com.mx\/wp-content\/uploads\/2010\/06\/seudonimos.jpg\" data-orig-size=\"400,373\" data-comments-opened=\"1\" data-image-meta=\"{&quot;aperture&quot;:&quot;0&quot;,&quot;credit&quot;:&quot;&quot;,&quot;camera&quot;:&quot;&quot;,&quot;caption&quot;:&quot;&quot;,&quot;created_timestamp&quot;:&quot;0&quot;,&quot;copyright&quot;:&quot;&quot;,&quot;focal_length&quot;:&quot;0&quot;,&quot;iso&quot;:&quot;0&quot;,&quot;shutter_speed&quot;:&quot;0&quot;,&quot;title&quot;:&quot;&quot;}\" data-image-title=\"Seud\u00f3nimos\" data-image-description=\"\" data-image-caption=\"&lt;p&gt;Dos seud\u00f3nimos&lt;\/p&gt;\n\" data-large-file=\"https:\/\/www.lashistorias.com.mx\/wp-content\/uploads\/2010\/06\/seudonimos.jpg\" class=\"size-full wp-image-6712\" title=\"Seud\u00f3nimos\" src=\"https:\/\/www.lashistorias.com.mx\/wp-content\/uploads\/2010\/06\/seudonimos.jpg\" alt=\"\" width=\"400\" height=\"373\" srcset=\"https:\/\/www.lashistorias.com.mx\/wp-content\/uploads\/2010\/06\/seudonimos.jpg 400w, https:\/\/www.lashistorias.com.mx\/wp-content\/uploads\/2010\/06\/seudonimos-300x279.jpg 300w\" sizes=\"auto, (max-width: 400px) 100vw, 400px\" \/><\/a><figcaption id=\"caption-attachment-6712\" class=\"wp-caption-text\">Dos seud\u00f3nimos<\/figcaption><\/figure>\n<p>Hay muchas circunstancias en las que se llega a adoptar un nombre supuesto, diferente de aquel que se utiliza \u00abnormalmente\u00bb: una m\u00e1scara hecha de palabras. Los seud\u00f3nimos de artistas (y los literarios entre ellos) s\u00f3lo son m\u00e1s famosos: objeto de m\u00e1s an\u00e9cdotas.<\/p>\n<p>Ejemplos: el escritor a quien conocemos como <a href=\"https:\/\/www.lashistorias.com.mx\/index.php\/archivo\/patriotismo\/\">Yukio Mishima<\/a>, y cuyo nombre verdadero era Kimitake Hiraoka, buscaba en principio desligarse de esas dos palabras, que (se dice) no suenan bien en japon\u00e9s y para \u00e9l representaban, adem\u00e1s, una infancia infeliz; <a href=\"http:\/\/www.scribd.com\/doc\/4606235\/Stendhal-Rojo-y-negro\">Stendhal<\/a> se llamaba Marie-Henri Beyle y us\u00f3, adem\u00e1s del que se recuerda, muchos otros seud\u00f3nimos, acaso para mantenerse oculto por una especie de temor paranoico, como cre\u00eda <a href=\"http:\/\/www.stendhalforever.com\/hb.html\">Prosper M\u00e9rim\u00e9e<\/a>; Flannery O&#8217;Connor omit\u00eda su nombre propio &#8211;Mary&#8211; para publicar m\u00e1s f\u00e1cilmente en un medio literario machista, como tuvieron que hacer tambi\u00e9n Carson McCullers, Harper Lee, George Eliot, J. H. Riddell, James Tiptree y muchas otras escritoras. (El caso de <a href=\"https:\/\/www.nytimes.com\/es\/2016\/10\/09\/quien-es-la-verdadera-elena-ferrante-un-periodista-italiano-revelo-su-identidad\/\">Elena Ferrante<\/a>, seud\u00f3nimo de una escritora muy famosa de la actualidad, es diferente y, desde luego, posterior.)<\/p>\n<figure id=\"attachment_6716\" aria-describedby=\"caption-attachment-6716\" style=\"width: 231px\" class=\"wp-caption aligncenter\"><a ref=\"magnificPopup\" href=\"https:\/\/www.lashistorias.com.mx\/wp-content\/uploads\/2010\/06\/mishima.jpg\"><img loading=\"lazy\" decoding=\"async\" data-attachment-id=\"6716\" data-permalink=\"https:\/\/www.lashistorias.com.mx\/index.php\/seudonimos\/mishima\/\" data-orig-file=\"https:\/\/www.lashistorias.com.mx\/wp-content\/uploads\/2010\/06\/mishima.jpg\" data-orig-size=\"467,605\" data-comments-opened=\"1\" data-image-meta=\"{&quot;aperture&quot;:&quot;0&quot;,&quot;credit&quot;:&quot;&quot;,&quot;camera&quot;:&quot;&quot;,&quot;caption&quot;:&quot;&quot;,&quot;created_timestamp&quot;:&quot;0&quot;,&quot;copyright&quot;:&quot;&quot;,&quot;focal_length&quot;:&quot;0&quot;,&quot;iso&quot;:&quot;0&quot;,&quot;shutter_speed&quot;:&quot;0&quot;,&quot;title&quot;:&quot;&quot;}\" data-image-title=\"Yukio Mishima\" data-image-description=\"\" data-image-caption=\"&lt;p&gt;Yukio Mishima. Clic para ampliar&lt;\/p&gt;\n\" data-large-file=\"https:\/\/www.lashistorias.com.mx\/wp-content\/uploads\/2010\/06\/mishima.jpg\" class=\"size-medium wp-image-6716\" title=\"Yukio Mishima\" src=\"https:\/\/www.lashistorias.com.mx\/wp-content\/uploads\/2010\/06\/mishima-231x300.jpg\" alt=\"\" width=\"231\" height=\"300\" srcset=\"https:\/\/www.lashistorias.com.mx\/wp-content\/uploads\/2010\/06\/mishima-231x300.jpg 231w, https:\/\/www.lashistorias.com.mx\/wp-content\/uploads\/2010\/06\/mishima.jpg 467w\" sizes=\"auto, (max-width: 231px) 100vw, 231px\" \/><\/a><figcaption id=\"caption-attachment-6716\" class=\"wp-caption-text\">Yukio Mishima. Clic para ampliar<\/figcaption><\/figure>\n<p>En todos los casos, por otra parte, el adoptar un seud\u00f3nimo implica crear un matiz, una influencia que cae sobre los textos. A veces esta influencia es peque\u00f1a, otras no es deliberada, pero est\u00e1 presente siempre. El nombre de quien escribe siempre termina siendo parte del proyecto de escritura, y no necesariamente porque sirva de \u00abmarca\u00bb, como dir\u00edan algunos ahora; m\u00e1s a\u00fan &#8211;y m\u00e1s importante&#8211;, tiene la posibilidad de otorgarle una identidad <em>deliberada<\/em> a lo escrito: de contribuir al sentido de la \u00abobra\u00bb, por grande o peque\u00f1a que pueda ser, desde la firma.<\/p>\n<figure id=\"attachment_6719\" aria-describedby=\"caption-attachment-6719\" style=\"width: 331px\" class=\"wp-caption aligncenter\"><img loading=\"lazy\" decoding=\"async\" data-attachment-id=\"6719\" data-permalink=\"https:\/\/www.lashistorias.com.mx\/index.php\/seudonimos\/flannery\/\" data-orig-file=\"https:\/\/www.lashistorias.com.mx\/wp-content\/uploads\/2010\/06\/flannery.jpg\" data-orig-size=\"331,250\" data-comments-opened=\"1\" data-image-meta=\"{&quot;aperture&quot;:&quot;0&quot;,&quot;credit&quot;:&quot;&quot;,&quot;camera&quot;:&quot;&quot;,&quot;caption&quot;:&quot;&quot;,&quot;created_timestamp&quot;:&quot;0&quot;,&quot;copyright&quot;:&quot;&quot;,&quot;focal_length&quot;:&quot;0&quot;,&quot;iso&quot;:&quot;0&quot;,&quot;shutter_speed&quot;:&quot;0&quot;,&quot;title&quot;:&quot;&quot;}\" data-image-title=\"Flannery O&amp;#8217;Connor\" data-image-description=\"\" data-image-caption=\"&lt;p&gt;Flannery O&amp;#8217;Connor&lt;\/p&gt;\n\" data-large-file=\"https:\/\/www.lashistorias.com.mx\/wp-content\/uploads\/2010\/06\/flannery.jpg\" class=\"size-full wp-image-6719\" title=\"Flannery O'Connor\" src=\"https:\/\/www.lashistorias.com.mx\/wp-content\/uploads\/2010\/06\/flannery.jpg\" alt=\"\" width=\"331\" height=\"250\" srcset=\"https:\/\/www.lashistorias.com.mx\/wp-content\/uploads\/2010\/06\/flannery.jpg 331w, https:\/\/www.lashistorias.com.mx\/wp-content\/uploads\/2010\/06\/flannery-300x226.jpg 300w\" sizes=\"auto, (max-width: 331px) 100vw, 331px\" \/><figcaption id=\"caption-attachment-6719\" class=\"wp-caption-text\">Flannery O&#8217;Connor<\/figcaption><\/figure>\n<p>Esto puede ser importante para algunos escritores a la hora de comenzar a buscar la publicaci\u00f3n. Si su propio nombre no les parece suficiente por cualquier raz\u00f3n, pueden inventarse otro m\u00e1s de su agrado.<\/p>\n<p>1. El seud\u00f3nimo debe aspirar a ser memorable. Si se va a hacer el esfuerzo de inventarlo, hay que procurar que suene bien, sea contundente y, de preferencia, no resulte dif\u00edcil de recordar. En los pa\u00edses de habla inglesa se prefieren y hasta se obligan, en ocasiones, seud\u00f3nimos muy breves y claramente ingleses: Salvatore Albert Lombino, un conocido novelista policial, comenz\u00f3 a destacarse cuando utiliz\u00f3 sus dos seud\u00f3nimos m\u00e1s conocidos: Ed McBain y Evan Hunter (de hecho, se hizo cambiar el nombre legalmente para llamarse Evan Hunter)&#8230;, pero esto no es, evidentemente, una regla de aplicaci\u00f3n universal.<\/p>\n<p>2. El seud\u00f3nimo debe ser realmente una mejor alternativa que el nombre propio. No siempre es el caso. Dos arrepentimientos famosos: Julio Cort\u00e1zar public\u00f3 su primer libro (un poemario casi olvidado titulado <em>Presencia<\/em>) con el seud\u00f3nimo de Julio Denis; C\u00e9sar Vallejo consider\u00f3, por un tiempo, la posibilidad de hacerse llamar C\u00e9sar Per\u00fa, como un homenaje a Anatole France.<\/p>\n<p>3. El seud\u00f3nimo debe ser significativo, primero, para quien lo elige. No es necesario buscar algo que sugiera lo que se pretende escribir; el seud\u00f3nimo es un recipiente de lo que se escribir\u00e1 y no al rev\u00e9s.<\/p>\n<p>4. El seud\u00f3nimo debe pensarse con cuidado. Esto puede parecer una obviedad pero, al contrario de lo que sucede en algunos g\u00e9neros musicales, un escritor casi nunca tiene la oportunidad de sacar adelante m\u00e1s de un \u00abnombre\u00bb: m\u00e1s de un proyecto de escritura. De vez en cuando se sabe del caso de autores muy vendidos o reconocidos &#8211;como Stephen King, John Banville, J. K. Rowling o Anne Rice&#8211; que se dan \u00abpaseos\u00bb fuera de su nombre para escribir textos diferentes de los que acostumbran publicar, pero no s\u00f3lo es raro sino que los textos se conocen m\u00e1s cuando se revela a qui\u00e9n pertenec\u00eda el seud\u00f3nimo. Y el caso de <a href=\"http:\/\/www.con-versiones.com\/nota0319.htm\">los heter\u00f3nimos de Fernando Pessoa<\/a> es, en realidad, \u00fanico: no se dio por un proceso racional (o racional como podemos entenderlo) y no se puede replicar.<\/p>\n<figure id=\"attachment_6717\" aria-describedby=\"caption-attachment-6717\" style=\"width: 236px\" class=\"wp-caption aligncenter\"><a ref=\"magnificPopup\" href=\"https:\/\/www.lashistorias.com.mx\/wp-content\/uploads\/2010\/06\/Stendhal-consul-big.jpg\"><img loading=\"lazy\" decoding=\"async\" data-attachment-id=\"6717\" data-permalink=\"https:\/\/www.lashistorias.com.mx\/index.php\/seudonimos\/stendhal-consul-big\/\" data-orig-file=\"https:\/\/www.lashistorias.com.mx\/wp-content\/uploads\/2010\/06\/Stendhal-consul-big.jpg\" data-orig-size=\"472,600\" data-comments-opened=\"1\" data-image-meta=\"{&quot;aperture&quot;:&quot;0&quot;,&quot;credit&quot;:&quot;&quot;,&quot;camera&quot;:&quot;&quot;,&quot;caption&quot;:&quot;&quot;,&quot;created_timestamp&quot;:&quot;0&quot;,&quot;copyright&quot;:&quot;&quot;,&quot;focal_length&quot;:&quot;0&quot;,&quot;iso&quot;:&quot;0&quot;,&quot;shutter_speed&quot;:&quot;0&quot;,&quot;title&quot;:&quot;&quot;}\" data-image-title=\"Stendhal\" data-image-description=\"\" data-image-caption=\"&lt;p&gt;Stendhal. Clic para ampliar&lt;\/p&gt;\n\" data-large-file=\"https:\/\/www.lashistorias.com.mx\/wp-content\/uploads\/2010\/06\/Stendhal-consul-big.jpg\" class=\"size-medium wp-image-6717\" title=\"Stendhal\" src=\"https:\/\/www.lashistorias.com.mx\/wp-content\/uploads\/2010\/06\/Stendhal-consul-big-236x300.jpg\" alt=\"\" width=\"236\" height=\"300\" srcset=\"https:\/\/www.lashistorias.com.mx\/wp-content\/uploads\/2010\/06\/Stendhal-consul-big-236x300.jpg 236w, https:\/\/www.lashistorias.com.mx\/wp-content\/uploads\/2010\/06\/Stendhal-consul-big.jpg 472w\" sizes=\"auto, (max-width: 236px) 100vw, 236px\" \/><\/a><figcaption id=\"caption-attachment-6717\" class=\"wp-caption-text\">Stendhal. Clic para ampliar<\/figcaption><\/figure>\n<p>En cuanto a m\u00ed, \u00abAlberto Chimal\u00bb es un seud\u00f3nimo muy simple, que eleg\u00ed de adolescente: lo forman mi segundo nombre, el de mi padre (sobre todo, el que no se usaba para hablarme en la casa familiar), y mi apellido materno (que no se usaba a la hora de pasar lista en las escuelas). Es un intento t\u00edmido de independencia. Comenc\u00e9 a publicar pronto (fui escritor joven antes de los veinte y no a los treinta y tantos, como es la norma ahora) y la escasa carrera que pude hacer entonces fij\u00f3 muy pronto el nombre, cuando menos, en la idea que yo mismo ten\u00eda de mi trabajo. Ya no me anim\u00e9 a buscar otro. A veces creo que fue un error y deb\u00ed haber elegido algo m\u00e1s breve, m\u00e1s alejado del original.<\/p>\n<p>(Otras veces, de m\u00e1s des\u00e1nimo, pienso que mi pa\u00eds es terriblemente racista y que me hubiera ido mejor con mi apellido paterno, Mart\u00ednez, que no proviene &#8211;como Chimal&#8211; de la lengua n\u00e1huatl. Pero ese es un asunto aparte.)<\/p>\n<p>En todo caso, por supuesto, hace falta considerar que<\/p>\n<p>5. El mejor seud\u00f3nimo no suple el escribir bien (interesante, bello, atrayente, como se quiera definir).\u00a0Se dir\u00e1 que en esta \u00e9poca, que es la de Kim Kardashian, puede importar m\u00e1s la\u00a0marca que el producto, la superficie que el interior, la forma que el contenido. Pero el camino de cultivar la propia celebridad, si bien no es ilegal, tampoco es el de la escritura, y requiere otras habilidades y esfuerzos que no vienen al caso en esta nota.<\/p>\n<p>Espero que esto pueda ser \u00fatil.<\/p>\n<p><em>[Esta nota fue ligeramente revisada en agosto de 2017.]<\/em><\/p>\n","protected":false},"excerpt":{"rendered":"<p>\u00bfElegir un seud\u00f3nimo para escribir? \u00bfC\u00f3mo? \u00bfCu\u00e1l? Y sobre todo, \u00bfpor qu\u00e9?<\/p>\n","protected":false},"author":1,"featured_media":6712,"comment_status":"open","ping_status":"open","sticky":false,"template":"","format":"standard","meta":{"advanced_seo_description":"","jetpack_seo_html_title":"","jetpack_seo_noindex":false,"jetpack_post_was_ever_published":false,"_jetpack_newsletter_access":"","_jetpack_dont_email_post_to_subs":true,"_jetpack_newsletter_tier_id":0,"_jetpack_memberships_contains_paywalled_content":false,"_jetpack_memberships_contains_paid_content":false,"footnotes":"","jetpack_publicize_message":"","jetpack_publicize_feature_enabled":true,"jetpack_social_post_already_shared":false,"jetpack_social_options":{"image_generator_settings":{"template":"highway","default_image_id":0,"font":"","enabled":false},"version":2}},"categories":[15],"tags":[3008,1937,1929,1936,1935,1938,3182,185,25,205,1939,1076,232,1931,1930,1932,1933,3183,1065,2531,2855,11,436,1249,1940,1922,1923,2969,2858,1108],"class_list":["post-6711","post","type-post","status-publish","format-standard","has-post-thumbnail","hentry","category-taller-literario","tag-5-sugerencias-para-elegir-seudonimos","tag-anatole-france","tag-carson-mccullers","tag-cesar-peru","tag-cesar-vallejo","tag-ed-mcbain","tag-elena-ferrante","tag-escritoras","tag-escritores","tag-escritura-y-vida","tag-evan-hunter","tag-fernando-pessoa","tag-flannery-oconnor","tag-george-eliot","tag-harper-lee","tag-j-h-riddell","tag-james-tiptree","tag-john-banville","tag-julio-cortazar","tag-listas","tag-literatura","tag-opiniones","tag-personalidad","tag-poeticas","tag-salvatore-albert-lombino","tag-seudonimos","tag-stendhal","tag-sugerencias","tag-taller-literario","tag-yukio-mishima"],"jetpack_publicize_connections":[],"jetpack_featured_media_url":"https:\/\/www.lashistorias.com.mx\/wp-content\/uploads\/2010\/06\/seudonimos.jpg","jetpack_shortlink":"https:\/\/wp.me\/pjEhq-1Kf","jetpack_sharing_enabled":true,"_links":{"self":[{"href":"https:\/\/www.lashistorias.com.mx\/index.php\/wp-json\/wp\/v2\/posts\/6711","targetHints":{"allow":["GET"]}}],"collection":[{"href":"https:\/\/www.lashistorias.com.mx\/index.php\/wp-json\/wp\/v2\/posts"}],"about":[{"href":"https:\/\/www.lashistorias.com.mx\/index.php\/wp-json\/wp\/v2\/types\/post"}],"author":[{"embeddable":true,"href":"https:\/\/www.lashistorias.com.mx\/index.php\/wp-json\/wp\/v2\/users\/1"}],"replies":[{"embeddable":true,"href":"https:\/\/www.lashistorias.com.mx\/index.php\/wp-json\/wp\/v2\/comments?post=6711"}],"version-history":[{"count":51,"href":"https:\/\/www.lashistorias.com.mx\/index.php\/wp-json\/wp\/v2\/posts\/6711\/revisions"}],"predecessor-version":[{"id":13989,"href":"https:\/\/www.lashistorias.com.mx\/index.php\/wp-json\/wp\/v2\/posts\/6711\/revisions\/13989"}],"wp:featuredmedia":[{"embeddable":true,"href":"https:\/\/www.lashistorias.com.mx\/index.php\/wp-json\/wp\/v2\/media\/6712"}],"wp:attachment":[{"href":"https:\/\/www.lashistorias.com.mx\/index.php\/wp-json\/wp\/v2\/media?parent=6711"}],"wp:term":[{"taxonomy":"category","embeddable":true,"href":"https:\/\/www.lashistorias.com.mx\/index.php\/wp-json\/wp\/v2\/categories?post=6711"},{"taxonomy":"post_tag","embeddable":true,"href":"https:\/\/www.lashistorias.com.mx\/index.php\/wp-json\/wp\/v2\/tags?post=6711"}],"curies":[{"name":"wp","href":"https:\/\/api.w.org\/{rel}","templated":true}]}}