{"id":660,"date":"2008-09-10T07:23:48","date_gmt":"2008-09-10T12:23:48","guid":{"rendered":"http:\/\/www.lashistorias.com.mx\/?p=660"},"modified":"2016-10-26T10:23:47","modified_gmt":"2016-10-26T15:23:47","slug":"temas-y-variaciones-ii","status":"publish","type":"post","link":"https:\/\/www.lashistorias.com.mx\/index.php\/temas-y-variaciones-ii\/","title":{"rendered":"Temas y variaciones (II)"},"content":{"rendered":"<p>Siguen los ejercicios dobles: ahora, dos propuestas de interpretaci\u00f3n:<\/p>\n<p>Escribir un episodio cualquiera de un personaje y luego, de modo plausible, explicarlo como definitivo (\u00abun hito\u00bb, \u201cun parteaguas\u201d) en la vida de un personaje debido al car\u00e1cter e historia de \u00e9ste. Sin mucho ruido, Cervantes hizo esto en las primeras p\u00e1ginas del <em>Quijote<\/em>, por supuesto.<\/p>\n<p>Y la variaci\u00f3n: que el mismo episodio, el mismo conjunto de sucesos del mismo personaje, sea explicado como el cumplimiento de una profec\u00eda milenaria o el signo de un acontecimiento c\u00f3smico sin recurrir a la parodia. (\u00bfC\u00f3mo habr\u00eda descrito el propio don Quijote, digamos, lo que le pas\u00f3? Un ejemplo a\u00fan mejor y que ya ha aparecido en esta bit\u00e1cora, es la locura de Daniel Paul Schreber; Elias Canetti le dedica un cap\u00edtulo magn\u00edfico de su libro <em>Masa y poder<\/em>.)<\/p>\n","protected":false},"excerpt":{"rendered":"<p>Siguen los ejercicios dobles: ahora, propuestas para episodios. Esta secci\u00f3n se actualiza (casi sin fallar) los mi\u00e9rcoles.<\/p>\n","protected":false},"author":1,"featured_media":0,"comment_status":"open","ping_status":"open","sticky":false,"template":"","format":"standard","meta":{"advanced_seo_description":"","jetpack_seo_html_title":"","jetpack_seo_noindex":false,"jetpack_post_was_ever_published":false,"_jetpack_newsletter_access":"","_jetpack_dont_email_post_to_subs":true,"_jetpack_newsletter_tier_id":0,"_jetpack_memberships_contains_paywalled_content":false,"_jetpack_memberships_contains_paid_content":false,"footnotes":"","jetpack_publicize_message":"","jetpack_publicize_feature_enabled":true,"jetpack_social_post_already_shared":false,"jetpack_social_options":{"image_generator_settings":{"template":"highway","default_image_id":0,"font":"","enabled":false},"version":2}},"categories":[15],"tags":[128,814,815,2858,810,813],"class_list":["post-660","post","type-post","status-publish","format-standard","hentry","category-taller-literario","tag-descripcion","tag-interpretacion","tag-simbolos","tag-taller-literario","tag-temas-y-variaciones","tag-voz-autoral"],"jetpack_publicize_connections":[],"jetpack_featured_media_url":"","jetpack_shortlink":"https:\/\/wp.me\/pjEhq-aE","jetpack_sharing_enabled":true,"_links":{"self":[{"href":"https:\/\/www.lashistorias.com.mx\/index.php\/wp-json\/wp\/v2\/posts\/660","targetHints":{"allow":["GET"]}}],"collection":[{"href":"https:\/\/www.lashistorias.com.mx\/index.php\/wp-json\/wp\/v2\/posts"}],"about":[{"href":"https:\/\/www.lashistorias.com.mx\/index.php\/wp-json\/wp\/v2\/types\/post"}],"author":[{"embeddable":true,"href":"https:\/\/www.lashistorias.com.mx\/index.php\/wp-json\/wp\/v2\/users\/1"}],"replies":[{"embeddable":true,"href":"https:\/\/www.lashistorias.com.mx\/index.php\/wp-json\/wp\/v2\/comments?post=660"}],"version-history":[{"count":9,"href":"https:\/\/www.lashistorias.com.mx\/index.php\/wp-json\/wp\/v2\/posts\/660\/revisions"}],"predecessor-version":[{"id":769,"href":"https:\/\/www.lashistorias.com.mx\/index.php\/wp-json\/wp\/v2\/posts\/660\/revisions\/769"}],"wp:attachment":[{"href":"https:\/\/www.lashistorias.com.mx\/index.php\/wp-json\/wp\/v2\/media?parent=660"}],"wp:term":[{"taxonomy":"category","embeddable":true,"href":"https:\/\/www.lashistorias.com.mx\/index.php\/wp-json\/wp\/v2\/categories?post=660"},{"taxonomy":"post_tag","embeddable":true,"href":"https:\/\/www.lashistorias.com.mx\/index.php\/wp-json\/wp\/v2\/tags?post=660"}],"curies":[{"name":"wp","href":"https:\/\/api.w.org\/{rel}","templated":true}]}}