{"id":6579,"date":"2010-06-08T11:39:20","date_gmt":"2010-06-08T16:39:20","guid":{"rendered":"http:\/\/www.lashistorias.com.mx\/?p=6579"},"modified":"2017-08-28T13:33:15","modified_gmt":"2017-08-28T18:33:15","slug":"cuento-mutante","status":"publish","type":"post","link":"https:\/\/www.lashistorias.com.mx\/index.php\/cuento-mutante\/","title":{"rendered":"Cuento mutante"},"content":{"rendered":"<p>Una persona me dijo que mis cuentos le parec\u00edan excelentes. Inmediatamente despu\u00e9s coment\u00f3 que por otro lado, bueno, el cuento es un g\u00e9nero muerto, que nadie lee y a nadie interesa. Un arte obsoleto y un desperdicio de tiempo y dinero. \u00bfYo no escrib\u00eda novelas por terquedad?, me pregunt\u00f3. \u00bfO m\u00e1s bien era que lo hab\u00eda intentado y no me sal\u00edan?<br \/>\n&nbsp;&nbsp;&nbsp;&nbsp;&nbsp;&nbsp;Inmediatamente despu\u00e9s, esa persona entendi\u00f3 que hab\u00eda metido la pata: <em>vi<\/em> su pensamiento. Y puso cara de no saber c\u00f3mo reparar la ofensa. Pero como segu\u00eda pensando lo mismo (se ve\u00eda) lo dej\u00e9 fingir un poco m\u00e1s (y no le dije que ya ten\u00eda una novela publicada; \u00bfpara qu\u00e9?).<\/p>\n<div align=center>* * *<\/p>\n<figure id=\"attachment_6582\" aria-describedby=\"caption-attachment-6582\" style=\"width: 199px\" class=\"wp-caption alignnone\"><a ref=\"magnificPopup\" href=\"https:\/\/www.lashistorias.com.mx\/wp-content\/uploads\/2010\/06\/luvina59.jpg\"><img loading=\"lazy\" decoding=\"async\" data-attachment-id=\"6582\" data-permalink=\"https:\/\/www.lashistorias.com.mx\/index.php\/cuento-mutante\/luvina59\/\" data-orig-file=\"https:\/\/www.lashistorias.com.mx\/wp-content\/uploads\/2010\/06\/luvina59.jpg\" data-orig-size=\"455,683\" data-comments-opened=\"1\" data-image-meta=\"{&quot;aperture&quot;:&quot;0&quot;,&quot;credit&quot;:&quot;&quot;,&quot;camera&quot;:&quot;&quot;,&quot;caption&quot;:&quot;&quot;,&quot;created_timestamp&quot;:&quot;0&quot;,&quot;copyright&quot;:&quot;&quot;,&quot;focal_length&quot;:&quot;0&quot;,&quot;iso&quot;:&quot;0&quot;,&quot;shutter_speed&quot;:&quot;0&quot;,&quot;title&quot;:&quot;&quot;}\" data-image-title=\"Luvina 59\" data-image-description=\"\" data-image-caption=\"\" data-large-file=\"https:\/\/www.lashistorias.com.mx\/wp-content\/uploads\/2010\/06\/luvina59.jpg\" src=\"https:\/\/www.lashistorias.com.mx\/wp-content\/uploads\/2010\/06\/luvina59-199x300.jpg\" alt=\"\" title=\"Luvina 59\" width=\"199\" height=\"300\" class=\"size-medium wp-image-6582\" srcset=\"https:\/\/www.lashistorias.com.mx\/wp-content\/uploads\/2010\/06\/luvina59-199x300.jpg 199w, https:\/\/www.lashistorias.com.mx\/wp-content\/uploads\/2010\/06\/luvina59.jpg 455w\" sizes=\"auto, (max-width: 199px) 100vw, 199px\" \/><\/a><figcaption id=\"caption-attachment-6582\" class=\"wp-caption-text\"><em>Luvina<\/em> 59. Clic para ampliar<\/figcaption><\/figure><\/div>\n<p>Tengo la idea de que todav\u00eda se puede hacer mucho con el cuento. No es por justificar algunos a\u00f1os de trabajo, que seg\u00fan la persona de la que escrib\u00ed arriba se habr\u00edan malgastado est\u00fapidamente: el equipo de la revista <em>Luvina<\/em>, de la Universidad de Guadalajara, la tiene tambi\u00e9n y la carrera de la revista ha sido brillante a lo largo de sus varias \u00e9pocas.<br \/>\n&nbsp;&nbsp;&nbsp;&nbsp;&nbsp;&nbsp;<em>Luvina<\/em>, dirigida por Silvia Eugenia Castillero, ha dedicado su n\u00famero m\u00e1s reciente (el 59, subtitulado <em>Cuento mutante<\/em>) al cuento. Es un n\u00famero extragrande, con m\u00e1s de doscientas p\u00e1ginas: una antolog\u00eda de la narrativa breve actual en espa\u00f1ol con muestras de una veintena de autores, desde Daniel Sada, Esther Seligson, Ana Mar\u00eda Shua y Edmundo Paz Sold\u00e1n hasta Antonio Ortu\u00f1o, Arturo Vallejo y <a href=\"http:\/\/cristinariveragarza.blogspot.com\/2010_06_01_archive.html#9070518718917130480\">Cristina Rivera Garza<\/a>.<\/p>\n<div align=center><figure id=\"attachment_6597\" aria-describedby=\"caption-attachment-6597\" style=\"width: 300px\" class=\"wp-caption alignnone\"><a ref=\"magnificPopup\" href=\"https:\/\/www.lashistorias.com.mx\/wp-content\/uploads\/2010\/06\/luvinaindice.jpg\"><img loading=\"lazy\" decoding=\"async\" data-attachment-id=\"6597\" data-permalink=\"https:\/\/www.lashistorias.com.mx\/index.php\/cuento-mutante\/luvinaindice\/\" data-orig-file=\"https:\/\/www.lashistorias.com.mx\/wp-content\/uploads\/2010\/06\/luvinaindice.jpg\" data-orig-size=\"719,538\" data-comments-opened=\"1\" data-image-meta=\"{&quot;aperture&quot;:&quot;0&quot;,&quot;credit&quot;:&quot;&quot;,&quot;camera&quot;:&quot;&quot;,&quot;caption&quot;:&quot;&quot;,&quot;created_timestamp&quot;:&quot;0&quot;,&quot;copyright&quot;:&quot;&quot;,&quot;focal_length&quot;:&quot;0&quot;,&quot;iso&quot;:&quot;0&quot;,&quot;shutter_speed&quot;:&quot;0&quot;,&quot;title&quot;:&quot;&quot;}\" data-image-title=\"luvinaindice\" data-image-description=\"\" data-image-caption=\"&lt;p&gt;Parte del \u00edndice de Luvina 59. Clic para ampliar&lt;\/p&gt;\n\" data-large-file=\"https:\/\/www.lashistorias.com.mx\/wp-content\/uploads\/2010\/06\/luvinaindice.jpg\" src=\"https:\/\/www.lashistorias.com.mx\/wp-content\/uploads\/2010\/06\/luvinaindice-300x224.jpg\" alt=\"\" title=\"luvinaindice\" width=\"300\" height=\"224\" class=\"size-medium wp-image-6597\" srcset=\"https:\/\/www.lashistorias.com.mx\/wp-content\/uploads\/2010\/06\/luvinaindice-300x224.jpg 300w, https:\/\/www.lashistorias.com.mx\/wp-content\/uploads\/2010\/06\/luvinaindice.jpg 719w\" sizes=\"auto, (max-width: 300px) 100vw, 300px\" \/><\/a><figcaption id=\"caption-attachment-6597\" class=\"wp-caption-text\">Parte del \u00edndice de <em>Luvina<\/em> 59.<br \/>Clic para ampliar<\/figcaption><\/figure><\/div>\n<p>Tengo el gusto curioso de haber dado nombre a este n\u00famero: el \u00fanico ensayo publicado en \u00e9l lo escrib\u00ed yo, se titula \u00abManifiesto del cuento mutante\u00bb y apunta al modo en el que el cuento se transforma en la \u00e9poca presente, como no ha dejado de hacerlo en toda su historia (la novela como la entendemos ahora, de hecho, se deriva en parte de las colecciones de cuentos de la Edad Media: el cuento es <em>muy anterior<\/em> a la novela, y no al rev\u00e9s como creen algunos).<br \/>\n&nbsp;&nbsp;&nbsp;&nbsp;&nbsp;&nbsp;Pronto publicar\u00e9 el \u00abManifiesto\u00bb entero aqu\u00ed en <em>Las Historias<\/em>; mientras &#8211;para que se animen a conseguir la revista completa: a tener el objeto en sus manos&#8211;, una muestra:<\/p>\n<div align=center><figure id=\"attachment_6602\" aria-describedby=\"caption-attachment-6602\" style=\"width: 300px\" class=\"wp-caption alignnone\"><a ref=\"magnificPopup\" href=\"https:\/\/www.lashistorias.com.mx\/wp-content\/uploads\/2010\/06\/cuentomutante.jpg\"><img loading=\"lazy\" decoding=\"async\" data-attachment-id=\"6602\" data-permalink=\"https:\/\/www.lashistorias.com.mx\/index.php\/cuento-mutante\/cuentomutante\/\" data-orig-file=\"https:\/\/www.lashistorias.com.mx\/wp-content\/uploads\/2010\/06\/cuentomutante.jpg\" data-orig-size=\"719,538\" data-comments-opened=\"1\" data-image-meta=\"{&quot;aperture&quot;:&quot;0&quot;,&quot;credit&quot;:&quot;&quot;,&quot;camera&quot;:&quot;&quot;,&quot;caption&quot;:&quot;&quot;,&quot;created_timestamp&quot;:&quot;0&quot;,&quot;copyright&quot;:&quot;&quot;,&quot;focal_length&quot;:&quot;0&quot;,&quot;iso&quot;:&quot;0&quot;,&quot;shutter_speed&quot;:&quot;0&quot;,&quot;title&quot;:&quot;&quot;}\" data-image-title=\"cuentomutante\" data-image-description=\"\" data-image-caption=\"&lt;p&gt;Primera p\u00e1gina del Manifiesto del cuento mutante. Clic para ampliar&lt;\/p&gt;\n\" data-large-file=\"https:\/\/www.lashistorias.com.mx\/wp-content\/uploads\/2010\/06\/cuentomutante.jpg\" src=\"https:\/\/www.lashistorias.com.mx\/wp-content\/uploads\/2010\/06\/cuentomutante-300x224.jpg\" alt=\"\" title=\"cuentomutante\" width=\"300\" height=\"224\" class=\"size-medium wp-image-6602\" srcset=\"https:\/\/www.lashistorias.com.mx\/wp-content\/uploads\/2010\/06\/cuentomutante-300x224.jpg 300w, https:\/\/www.lashistorias.com.mx\/wp-content\/uploads\/2010\/06\/cuentomutante.jpg 719w\" sizes=\"auto, (max-width: 300px) 100vw, 300px\" \/><\/a><figcaption id=\"caption-attachment-6602\" class=\"wp-caption-text\">Primera p\u00e1gina del <em>Manifiesto del cuento mutante<\/em>.<br \/>Clic para ampliar<\/figcaption><\/figure><\/div>\n<p><em>Actualizaci\u00f3n: No es lo mismo, realmente no es lo mismo, pero <a href=\"http:\/\/www.luvina.com.mx\/AJUSTES\/descargas\/portada\/59\/Luvina59.pdf\"><\/em>Luvina<em> 59 se puede leer entera aqu\u00ed<\/a>.<\/em><\/p>\n<div align=center>* * *<\/div>\n<p>Todas estas cuestiones desde luego, no s\u00f3lo son literarias (es decir, ajenas a lo que un pa\u00eds como \u00e9ste considera realmente importante) sino que implican un trayecto cuesta arriba y entre piedras dentro del propio mundo literario. Dos ejemplos recientes:<\/p>\n<p>1. Mi querido amigo Bernardo Fern\u00e1ndez (Bef) ha publicado en su blog un <a href=\"http:\/\/monorama.blogspot.com\/2010\/05\/las-cinco-reglas-de-heinlein-y-el-anexo.html\">resumen de las reglas<\/a> para escritores propuestas por Robert A. Heinlein y modificadas por Robert Sawyer. Si bien los consejos son \u00fatiles, uno de los comentarios al margen sugiere que para ser escritor profesional en el pa\u00eds es necesario escribir novelas. Ese comentario necesita discutirse porque implica much\u00edsimo m\u00e1s (y much\u00edsimo con lo que, ni modo, disiento).<\/p>\n<p>2. Por <a href=\"http:\/\/twitter.com\/ernestopriego\">Ernesto Priego<\/a> he sabido de la nueva editorial <a href=\"http:\/\/www.underwoodstories.com\/\">Underwood<\/a>, cuyo fin es difundir cuentos en un tirajes limitado y un formato rar\u00edsimo: <em>retro-audiolibros<\/em>, grabaciones en discos de vinil de los autores leyendo sus textos. La editorial toma su nombre, claro, de la empresa centenaria de m\u00e1quinas de escribir. Y si su idea de un libro-objeto que descansa por completo en una base material cuya realidad es ineludible (\u00bfcu\u00e1ntas personas podr\u00e1n escuchar los cuentos en sus tornamesas?) me parece admirable, tambi\u00e9n se pueden prever los chistes f\u00e1ciles sobre caducidad y obsolescencia.<\/p>\n<p>Todas estas cuestiones implican dificultades pero no importa, desde luego.<\/p>\n<div align=center><figure id=\"attachment_6581\" aria-describedby=\"caption-attachment-6581\" style=\"width: 475px\" class=\"wp-caption alignnone\"><img loading=\"lazy\" decoding=\"async\" data-attachment-id=\"6581\" data-permalink=\"https:\/\/www.lashistorias.com.mx\/index.php\/cuento-mutante\/inabsentia\/\" data-orig-file=\"https:\/\/www.lashistorias.com.mx\/wp-content\/uploads\/2010\/06\/inabsentia.jpg\" data-orig-size=\"475,267\" data-comments-opened=\"1\" data-image-meta=\"{&quot;aperture&quot;:&quot;0&quot;,&quot;credit&quot;:&quot;&quot;,&quot;camera&quot;:&quot;&quot;,&quot;caption&quot;:&quot;&quot;,&quot;created_timestamp&quot;:&quot;0&quot;,&quot;copyright&quot;:&quot;&quot;,&quot;focal_length&quot;:&quot;0&quot;,&quot;iso&quot;:&quot;0&quot;,&quot;shutter_speed&quot;:&quot;0&quot;,&quot;title&quot;:&quot;&quot;}\" data-image-title=\"Fotograma de In Absentia\" data-image-description=\"\" data-image-caption=\"&lt;p&gt;Fotograma de In Absentia (2001) de Stephen y Timothy Quay&lt;\/p&gt;\n\" data-large-file=\"https:\/\/www.lashistorias.com.mx\/wp-content\/uploads\/2010\/06\/inabsentia.jpg\" src=\"https:\/\/www.lashistorias.com.mx\/wp-content\/uploads\/2010\/06\/inabsentia.jpg\" alt=\"\" title=\"Fotograma de In Absentia\" width=\"475\" height=\"267\" class=\"size-full wp-image-6581\" srcset=\"https:\/\/www.lashistorias.com.mx\/wp-content\/uploads\/2010\/06\/inabsentia.jpg 475w, https:\/\/www.lashistorias.com.mx\/wp-content\/uploads\/2010\/06\/inabsentia-300x168.jpg 300w\" sizes=\"auto, (max-width: 475px) 100vw, 475px\" \/><figcaption id=\"caption-attachment-6581\" class=\"wp-caption-text\">Fotograma de In Absentia (2001) de Stephen y Timothy Quay<\/figcaption><\/figure><\/div>\n","protected":false},"excerpt":{"rendered":"<p>Notas sobre el cuento en una revista mexicana y otros lugares.<\/p>\n","protected":false},"author":1,"featured_media":0,"comment_status":"open","ping_status":"open","sticky":false,"template":"","format":"standard","meta":{"advanced_seo_description":"","jetpack_seo_html_title":"","jetpack_seo_noindex":false,"jetpack_post_was_ever_published":false,"_jetpack_newsletter_access":"","_jetpack_dont_email_post_to_subs":true,"_jetpack_newsletter_tier_id":0,"_jetpack_memberships_contains_paywalled_content":false,"_jetpack_memberships_contains_paid_content":false,"footnotes":"","jetpack_publicize_message":"","jetpack_publicize_feature_enabled":true,"jetpack_social_post_already_shared":false,"jetpack_social_options":{"image_generator_settings":{"template":"highway","default_image_id":0,"font":"","enabled":false},"version":2}},"categories":[1520],"tags":[48,55,1630,18,1293,22,1919,124,1278,25,207,2855,1623,1920,10,11,1918,1098],"class_list":["post-6579","post","type-post","status-publish","format-standard","hentry","category-cuaderno","tag-ana-maria-shua","tag-antonio-ortuno","tag-arturo-vallejo","tag-blogosfera","tag-cristina-rivera-garza","tag-cuento","tag-cuento-mutante","tag-daniel-sada","tag-edmundo-paz-soldan","tag-escritores","tag-esther-seligson","tag-literatura","tag-luvina","tag-manifiesto-del-cuento-mutante","tag-novela","tag-opiniones","tag-silvia-eugenia-castillero","tag-universidad-de-guadalajara"],"jetpack_publicize_connections":[],"jetpack_featured_media_url":"","jetpack_shortlink":"https:\/\/wp.me\/pjEhq-1I7","jetpack_sharing_enabled":true,"_links":{"self":[{"href":"https:\/\/www.lashistorias.com.mx\/index.php\/wp-json\/wp\/v2\/posts\/6579","targetHints":{"allow":["GET"]}}],"collection":[{"href":"https:\/\/www.lashistorias.com.mx\/index.php\/wp-json\/wp\/v2\/posts"}],"about":[{"href":"https:\/\/www.lashistorias.com.mx\/index.php\/wp-json\/wp\/v2\/types\/post"}],"author":[{"embeddable":true,"href":"https:\/\/www.lashistorias.com.mx\/index.php\/wp-json\/wp\/v2\/users\/1"}],"replies":[{"embeddable":true,"href":"https:\/\/www.lashistorias.com.mx\/index.php\/wp-json\/wp\/v2\/comments?post=6579"}],"version-history":[{"count":28,"href":"https:\/\/www.lashistorias.com.mx\/index.php\/wp-json\/wp\/v2\/posts\/6579\/revisions"}],"predecessor-version":[{"id":14046,"href":"https:\/\/www.lashistorias.com.mx\/index.php\/wp-json\/wp\/v2\/posts\/6579\/revisions\/14046"}],"wp:attachment":[{"href":"https:\/\/www.lashistorias.com.mx\/index.php\/wp-json\/wp\/v2\/media?parent=6579"}],"wp:term":[{"taxonomy":"category","embeddable":true,"href":"https:\/\/www.lashistorias.com.mx\/index.php\/wp-json\/wp\/v2\/categories?post=6579"},{"taxonomy":"post_tag","embeddable":true,"href":"https:\/\/www.lashistorias.com.mx\/index.php\/wp-json\/wp\/v2\/tags?post=6579"}],"curies":[{"name":"wp","href":"https:\/\/api.w.org\/{rel}","templated":true}]}}