{"id":6384,"date":"2010-05-22T14:15:50","date_gmt":"2010-05-22T19:15:50","guid":{"rendered":"http:\/\/www.lashistorias.com.mx\/?p=6384"},"modified":"2016-10-26T10:22:10","modified_gmt":"2016-10-26T15:22:10","slug":"espejo","status":"publish","type":"post","link":"https:\/\/www.lashistorias.com.mx\/index.php\/espejo\/","title":{"rendered":"Espejo"},"content":{"rendered":"<div align=center>[fusion_builder_container hundred_percent=\u00bbyes\u00bb overflow=\u00bbvisible\u00bb][fusion_builder_row][fusion_builder_column type=\u00bb1_1&#8243; background_position=\u00bbleft top\u00bb background_color=\u00bb\u00bb border_size=\u00bb\u00bb border_color=\u00bb\u00bb border_style=\u00bbsolid\u00bb spacing=\u00bbyes\u00bb background_image=\u00bb\u00bb background_repeat=\u00bbno-repeat\u00bb padding=\u00bb\u00bb margin_top=\u00bb0px\u00bb margin_bottom=\u00bb0px\u00bb class=\u00bb\u00bb id=\u00bb\u00bb animation_type=\u00bb\u00bb animation_speed=\u00bb0.3&#8243; animation_direction=\u00bbleft\u00bb hide_on_mobile=\u00bbno\u00bb center_content=\u00bbno\u00bb min_height=\u00bbnone\u00bb]<figure id=\"attachment_6383\" aria-describedby=\"caption-attachment-6383\" style=\"width: 300px\" class=\"wp-caption alignnone\"><a ref=\"magnificPopup\" href=\"https:\/\/www.lashistorias.com.mx\/wp-content\/uploads\/2010\/05\/foto2.jpg\"><img loading=\"lazy\" decoding=\"async\" data-attachment-id=\"6383\" data-permalink=\"https:\/\/www.lashistorias.com.mx\/index.php\/espejo\/foto2\/\" data-orig-file=\"https:\/\/www.lashistorias.com.mx\/wp-content\/uploads\/2010\/05\/foto2.jpg\" data-orig-size=\"800,600\" data-comments-opened=\"1\" data-image-meta=\"{&quot;aperture&quot;:&quot;2.8&quot;,&quot;credit&quot;:&quot;&quot;,&quot;camera&quot;:&quot;iPhone 3GS&quot;,&quot;caption&quot;:&quot;&quot;,&quot;created_timestamp&quot;:&quot;1273708518&quot;,&quot;copyright&quot;:&quot;&quot;,&quot;focal_length&quot;:&quot;3.85&quot;,&quot;iso&quot;:&quot;731&quot;,&quot;shutter_speed&quot;:&quot;0.1&quot;,&quot;title&quot;:&quot;&quot;}\" data-image-title=\"foto2\" data-image-description=\"\" data-image-caption=\"\" data-large-file=\"https:\/\/www.lashistorias.com.mx\/wp-content\/uploads\/2010\/05\/foto2.jpg\" src=\"https:\/\/www.lashistorias.com.mx\/wp-content\/uploads\/2010\/05\/foto2-300x225.jpg\" alt=\" \" title=\" \" width=\"300\" height=\"225\" class=\"size-medium wp-image-6383\" srcset=\"https:\/\/www.lashistorias.com.mx\/wp-content\/uploads\/2010\/05\/foto2-300x225.jpg 300w, https:\/\/www.lashistorias.com.mx\/wp-content\/uploads\/2010\/05\/foto2.jpg 800w\" sizes=\"auto, (max-width: 300px) 100vw, 300px\" \/><\/a><figcaption id=\"caption-attachment-6383\" class=\"wp-caption-text\">(clic para ampliar)<\/figcaption><\/figure><\/div>\n<p>En 2003 me propusieron dar un curso en la Escuela de Escritores de la SOGEM. Ese a\u00f1o vi, en el espejo de un ba\u00f1o de la escuela, esa calavera blanca y negra, como de una estaci\u00f3n del metro de la l\u00ednea de los muertos. <\/p>\n<div align=center>[\/fusion_builder_column][fusion_builder_column type=\u00bb1_1&#8243; background_position=\u00bbleft top\u00bb background_color=\u00bb\u00bb border_size=\u00bb\u00bb border_color=\u00bb\u00bb border_style=\u00bbsolid\u00bb spacing=\u00bbyes\u00bb background_image=\u00bb\u00bb background_repeat=\u00bbno-repeat\u00bb padding=\u00bb\u00bb margin_top=\u00bb0px\u00bb margin_bottom=\u00bb0px\u00bb class=\u00bb\u00bb id=\u00bb\u00bb animation_type=\u00bb\u00bb animation_speed=\u00bb0.3&#8243; animation_direction=\u00bbleft\u00bb hide_on_mobile=\u00bbno\u00bb center_content=\u00bbno\u00bb min_height=\u00bbnone\u00bb]<figure id=\"attachment_6392\" aria-describedby=\"caption-attachment-6392\" style=\"width: 300px\" class=\"wp-caption alignnone\"><a ref=\"magnificPopup\" href=\"https:\/\/www.lashistorias.com.mx\/wp-content\/uploads\/2010\/05\/foto6.jpg\"><img loading=\"lazy\" decoding=\"async\" data-attachment-id=\"6392\" data-permalink=\"https:\/\/www.lashistorias.com.mx\/index.php\/espejo\/foto6\/\" data-orig-file=\"https:\/\/www.lashistorias.com.mx\/wp-content\/uploads\/2010\/05\/foto6.jpg\" data-orig-size=\"800,600\" data-comments-opened=\"1\" data-image-meta=\"{&quot;aperture&quot;:&quot;2.8&quot;,&quot;credit&quot;:&quot;&quot;,&quot;camera&quot;:&quot;iPhone 3GS&quot;,&quot;caption&quot;:&quot;&quot;,&quot;created_timestamp&quot;:&quot;1273708477&quot;,&quot;copyright&quot;:&quot;&quot;,&quot;focal_length&quot;:&quot;3.85&quot;,&quot;iso&quot;:&quot;596&quot;,&quot;shutter_speed&quot;:&quot;0.0833333333333&quot;,&quot;title&quot;:&quot;&quot;}\" data-image-title=\"foto6\" data-image-description=\"\" data-image-caption=\"&lt;p&gt;Los insanos, n\u00famero 0&lt;\/p&gt;\n\" data-large-file=\"https:\/\/www.lashistorias.com.mx\/wp-content\/uploads\/2010\/05\/foto6.jpg\" src=\"https:\/\/www.lashistorias.com.mx\/wp-content\/uploads\/2010\/05\/foto6-300x225.jpg\" alt=\"\" title=\"foto6\" width=\"300\" height=\"225\" class=\"size-medium wp-image-6392\" srcset=\"https:\/\/www.lashistorias.com.mx\/wp-content\/uploads\/2010\/05\/foto6-300x225.jpg 300w, https:\/\/www.lashistorias.com.mx\/wp-content\/uploads\/2010\/05\/foto6.jpg 800w\" sizes=\"auto, (max-width: 300px) 100vw, 300px\" \/><\/a><figcaption id=\"caption-attachment-6392\" class=\"wp-caption-text\"><em>Subterr\u00e1neo<\/em>, n\u00famero 0<\/figcaption><\/figure><\/div>\n<p>Siempre que he vuelto a la escuela he vuelto a ver la calavera, impresa en su calcoman\u00eda. La idea es rara: <em>Subterr\u00e1neo<\/em>, de la editorial Los Insanos, parece proponerse como una especie de \u00abrevista\u00bb adherible, para ser colocada donde bien se pueda, pero nunca la ha visto en ning\u00fan otro sitio ni hubo, hasta donde s\u00e9, m\u00e1s que esos dos \u00abn\u00fameros\u00bb: un p\u00e1rrafo de Juan Miguel de Mora y un poema de Eduardo Lizalde.<\/p>\n<div align=center>[\/fusion_builder_column][fusion_builder_column type=\u00bb1_1&#8243; background_position=\u00bbleft top\u00bb background_color=\u00bb\u00bb border_size=\u00bb\u00bb border_color=\u00bb\u00bb border_style=\u00bbsolid\u00bb spacing=\u00bbyes\u00bb background_image=\u00bb\u00bb background_repeat=\u00bbno-repeat\u00bb padding=\u00bb\u00bb margin_top=\u00bb0px\u00bb margin_bottom=\u00bb0px\u00bb class=\u00bb\u00bb id=\u00bb\u00bb animation_type=\u00bb\u00bb animation_speed=\u00bb0.3&#8243; animation_direction=\u00bbleft\u00bb hide_on_mobile=\u00bbno\u00bb center_content=\u00bbno\u00bb min_height=\u00bbnone\u00bb]<figure id=\"attachment_6393\" aria-describedby=\"caption-attachment-6393\" style=\"width: 300px\" class=\"wp-caption alignnone\"><a ref=\"magnificPopup\" href=\"https:\/\/www.lashistorias.com.mx\/wp-content\/uploads\/2010\/05\/foto4.jpg\"><img loading=\"lazy\" decoding=\"async\" data-attachment-id=\"6393\" data-permalink=\"https:\/\/www.lashistorias.com.mx\/index.php\/espejo\/foto4\/\" data-orig-file=\"https:\/\/www.lashistorias.com.mx\/wp-content\/uploads\/2010\/05\/foto4.jpg\" data-orig-size=\"800,600\" data-comments-opened=\"1\" data-image-meta=\"{&quot;aperture&quot;:&quot;2.8&quot;,&quot;credit&quot;:&quot;&quot;,&quot;camera&quot;:&quot;iPhone 3GS&quot;,&quot;caption&quot;:&quot;&quot;,&quot;created_timestamp&quot;:&quot;1273708487&quot;,&quot;copyright&quot;:&quot;&quot;,&quot;focal_length&quot;:&quot;3.85&quot;,&quot;iso&quot;:&quot;600&quot;,&quot;shutter_speed&quot;:&quot;0.0769230769231&quot;,&quot;title&quot;:&quot;&quot;}\" data-image-title=\"foto4\" data-image-description=\"\" data-image-caption=\"&lt;p&gt;Un texto de Juan Miguel de Mora&lt;\/p&gt;\n\" data-large-file=\"https:\/\/www.lashistorias.com.mx\/wp-content\/uploads\/2010\/05\/foto4.jpg\" src=\"https:\/\/www.lashistorias.com.mx\/wp-content\/uploads\/2010\/05\/foto4-300x225.jpg\" alt=\"\" title=\"foto4\" width=\"300\" height=\"225\" class=\"size-medium wp-image-6393\" srcset=\"https:\/\/www.lashistorias.com.mx\/wp-content\/uploads\/2010\/05\/foto4-300x225.jpg 300w, https:\/\/www.lashistorias.com.mx\/wp-content\/uploads\/2010\/05\/foto4.jpg 800w\" sizes=\"auto, (max-width: 300px) 100vw, 300px\" \/><\/a><figcaption id=\"caption-attachment-6393\" class=\"wp-caption-text\">Un texto de Juan Miguel de Mora<\/figcaption><\/figure>\n[\/fusion_builder_column][fusion_builder_column type=\u00bb1_1&#8243; background_position=\u00bbleft top\u00bb background_color=\u00bb\u00bb border_size=\u00bb\u00bb border_color=\u00bb\u00bb border_style=\u00bbsolid\u00bb spacing=\u00bbyes\u00bb background_image=\u00bb\u00bb background_repeat=\u00bbno-repeat\u00bb padding=\u00bb\u00bb margin_top=\u00bb0px\u00bb margin_bottom=\u00bb0px\u00bb class=\u00bb\u00bb id=\u00bb\u00bb animation_type=\u00bb\u00bb animation_speed=\u00bb0.3&#8243; animation_direction=\u00bbleft\u00bb hide_on_mobile=\u00bbno\u00bb center_content=\u00bbno\u00bb min_height=\u00bbnone\u00bb]<figure id=\"attachment_6394\" aria-describedby=\"caption-attachment-6394\" style=\"width: 225px\" class=\"wp-caption alignnone\"><a ref=\"magnificPopup\" href=\"https:\/\/www.lashistorias.com.mx\/wp-content\/uploads\/2010\/05\/foto3.jpg\"><img loading=\"lazy\" decoding=\"async\" data-attachment-id=\"6394\" data-permalink=\"https:\/\/www.lashistorias.com.mx\/index.php\/espejo\/foto3\/\" data-orig-file=\"https:\/\/www.lashistorias.com.mx\/wp-content\/uploads\/2010\/05\/foto3.jpg\" data-orig-size=\"600,800\" data-comments-opened=\"1\" data-image-meta=\"{&quot;aperture&quot;:&quot;2.8&quot;,&quot;credit&quot;:&quot;&quot;,&quot;camera&quot;:&quot;iPhone 3GS&quot;,&quot;caption&quot;:&quot;&quot;,&quot;created_timestamp&quot;:&quot;1273708502&quot;,&quot;copyright&quot;:&quot;&quot;,&quot;focal_length&quot;:&quot;3.85&quot;,&quot;iso&quot;:&quot;611&quot;,&quot;shutter_speed&quot;:&quot;0.1&quot;,&quot;title&quot;:&quot;&quot;}\" data-image-title=\"foto3\" data-image-description=\"\" data-image-caption=\"&lt;p&gt;El final de un poema de Eduardo Lizalde&lt;\/p&gt;\n\" data-large-file=\"https:\/\/www.lashistorias.com.mx\/wp-content\/uploads\/2010\/05\/foto3.jpg\" src=\"https:\/\/www.lashistorias.com.mx\/wp-content\/uploads\/2010\/05\/foto3-225x300.jpg\" alt=\"\" title=\"foto3\" width=\"225\" height=\"300\" class=\"size-medium wp-image-6394\" srcset=\"https:\/\/www.lashistorias.com.mx\/wp-content\/uploads\/2010\/05\/foto3-225x300.jpg 225w, https:\/\/www.lashistorias.com.mx\/wp-content\/uploads\/2010\/05\/foto3.jpg 600w\" sizes=\"auto, (max-width: 225px) 100vw, 225px\" \/><\/a><figcaption id=\"caption-attachment-6394\" class=\"wp-caption-text\">El final de un poema de Eduardo Lizalde<\/figcaption><\/figure><\/div>\n<p>No s\u00e9 por qu\u00e9, pero durante mucho tiempo no pens\u00e9 en las personas que deben haber estado detr\u00e1s de ese proyecto. \u00bfHabr\u00e1n sido alumnos de la propia escuela? No ser\u00eda imposible: Juan Miguel de Mora, un profesor muy erudito y comprometido, fue de los m\u00e1s populares entre los maestros de la escuela durante muchos a\u00f1os. Y en las escuelas de escritura, como es natural, se dan constantemente proyectos de revistas y dem\u00e1s.<\/p>\n<div align=center>[\/fusion_builder_column][fusion_builder_column type=\u00bb1_1&#8243; background_position=\u00bbleft top\u00bb background_color=\u00bb\u00bb border_size=\u00bb\u00bb border_color=\u00bb\u00bb border_style=\u00bbsolid\u00bb spacing=\u00bbyes\u00bb background_image=\u00bb\u00bb background_repeat=\u00bbno-repeat\u00bb padding=\u00bb\u00bb margin_top=\u00bb0px\u00bb margin_bottom=\u00bb0px\u00bb class=\u00bb\u00bb id=\u00bb\u00bb animation_type=\u00bb\u00bb animation_speed=\u00bb0.3&#8243; animation_direction=\u00bbleft\u00bb hide_on_mobile=\u00bbno\u00bb center_content=\u00bbno\u00bb min_height=\u00bbnone\u00bb]<figure id=\"attachment_6402\" aria-describedby=\"caption-attachment-6402\" style=\"width: 300px\" class=\"wp-caption alignnone\"><a ref=\"magnificPopup\" href=\"https:\/\/www.lashistorias.com.mx\/wp-content\/uploads\/2010\/05\/foto5.jpg\"><img loading=\"lazy\" decoding=\"async\" data-attachment-id=\"6402\" data-permalink=\"https:\/\/www.lashistorias.com.mx\/index.php\/espejo\/foto5\/\" data-orig-file=\"https:\/\/www.lashistorias.com.mx\/wp-content\/uploads\/2010\/05\/foto5.jpg\" data-orig-size=\"800,600\" data-comments-opened=\"1\" data-image-meta=\"{&quot;aperture&quot;:&quot;2.8&quot;,&quot;credit&quot;:&quot;&quot;,&quot;camera&quot;:&quot;iPhone 3GS&quot;,&quot;caption&quot;:&quot;&quot;,&quot;created_timestamp&quot;:&quot;1273104817&quot;,&quot;copyright&quot;:&quot;&quot;,&quot;focal_length&quot;:&quot;3.85&quot;,&quot;iso&quot;:&quot;93&quot;,&quot;shutter_speed&quot;:&quot;0.0588235294118&quot;,&quot;title&quot;:&quot;&quot;}\" data-image-title=\"foto5\" data-image-description=\"\" data-image-caption=\"&lt;p&gt;\u00bfAlguien conoce a Los Insanos?&lt;\/p&gt;\n\" data-large-file=\"https:\/\/www.lashistorias.com.mx\/wp-content\/uploads\/2010\/05\/foto5.jpg\" src=\"https:\/\/www.lashistorias.com.mx\/wp-content\/uploads\/2010\/05\/foto5-300x225.jpg\" alt=\"\" title=\"foto5\" width=\"300\" height=\"225\" class=\"size-medium wp-image-6402\" srcset=\"https:\/\/www.lashistorias.com.mx\/wp-content\/uploads\/2010\/05\/foto5-300x225.jpg 300w, https:\/\/www.lashistorias.com.mx\/wp-content\/uploads\/2010\/05\/foto5.jpg 800w\" sizes=\"auto, (max-width: 300px) 100vw, 300px\" \/><\/a><figcaption id=\"caption-attachment-6402\" class=\"wp-caption-text\">\u00bfAlguien conoce a Los Insanos?<\/figcaption><\/figure><\/div>\n<p>El que la mayor parte de los proyectos no deje siquiera la huella que ha dejado <em>Subterr\u00e1neo<\/em> tambi\u00e9n es com\u00fan. Pensando en esto, pens\u00e9 tambi\u00e9n que \u00e9ste podr\u00eda ser el \u00fanico rastro que cierto n\u00famero de escritores &#8211;o de aspirantes a escritor&#8211; va a dejar en el mundo. \u00bfSe podr\u00edan convertir en personajes legendarios &#8211;como los poetas de <em>Los detectives salvajes<\/em>, basados en personas reales y en el propio autor de la novela, Roberto Bola\u00f1o&#8211; con evidencia tan escasa, tan poco arrogante como dos homenajes a dos autores que no eran ellos mismos?<br \/>\n&nbsp;&nbsp;&nbsp;&nbsp;&nbsp;&nbsp;Pens\u00e9 que no, y de inmediato escrib\u00ed al correo electr\u00f3nico citado en las calcoman\u00edas. Ten\u00eda que saber. Por supuesto, lo \u00fanico que obtuve fue un mensaje de error del servidor de correo, avis\u00e1ndome que la cuenta ya no exist\u00eda.<br \/>\n&nbsp;&nbsp;&nbsp;&nbsp;&nbsp;&nbsp;Hay que mirarse en ese espejo, pens\u00e9.<\/p>\n<div align=center>[\/fusion_builder_column][fusion_builder_column type=\u00bb1_1&#8243; background_position=\u00bbleft top\u00bb background_color=\u00bb\u00bb border_size=\u00bb\u00bb border_color=\u00bb\u00bb border_style=\u00bbsolid\u00bb spacing=\u00bbyes\u00bb background_image=\u00bb\u00bb background_repeat=\u00bbno-repeat\u00bb padding=\u00bb\u00bb margin_top=\u00bb0px\u00bb margin_bottom=\u00bb0px\u00bb class=\u00bb\u00bb id=\u00bb\u00bb animation_type=\u00bb\u00bb animation_speed=\u00bb0.3&#8243; animation_direction=\u00bbleft\u00bb hide_on_mobile=\u00bbno\u00bb center_content=\u00bbno\u00bb min_height=\u00bbnone\u00bb]<figure id=\"attachment_6386\" aria-describedby=\"caption-attachment-6386\" style=\"width: 225px\" class=\"wp-caption alignnone\"><a ref=\"magnificPopup\" href=\"https:\/\/www.lashistorias.com.mx\/wp-content\/uploads\/2010\/05\/foto1.jpg\"><img loading=\"lazy\" decoding=\"async\" data-attachment-id=\"6386\" data-permalink=\"https:\/\/www.lashistorias.com.mx\/index.php\/espejo\/foto1\/\" data-orig-file=\"https:\/\/www.lashistorias.com.mx\/wp-content\/uploads\/2010\/05\/foto1.jpg\" data-orig-size=\"600,800\" data-comments-opened=\"1\" data-image-meta=\"{&quot;aperture&quot;:&quot;2.8&quot;,&quot;credit&quot;:&quot;&quot;,&quot;camera&quot;:&quot;iPhone 3GS&quot;,&quot;caption&quot;:&quot;&quot;,&quot;created_timestamp&quot;:&quot;1273708530&quot;,&quot;copyright&quot;:&quot;&quot;,&quot;focal_length&quot;:&quot;3.85&quot;,&quot;iso&quot;:&quot;1016&quot;,&quot;shutter_speed&quot;:&quot;0.1&quot;,&quot;title&quot;:&quot;&quot;}\" data-image-title=\"La foto del espejo\" data-image-description=\"\" data-image-caption=\"&lt;p&gt;La foto del espejo&lt;\/p&gt;\n\" data-large-file=\"https:\/\/www.lashistorias.com.mx\/wp-content\/uploads\/2010\/05\/foto1.jpg\" src=\"https:\/\/www.lashistorias.com.mx\/wp-content\/uploads\/2010\/05\/foto1-225x300.jpg\" alt=\"\" title=\"La foto del espejo\" width=\"225\" height=\"300\" class=\"size-medium wp-image-6386\" srcset=\"https:\/\/www.lashistorias.com.mx\/wp-content\/uploads\/2010\/05\/foto1-225x300.jpg 225w, https:\/\/www.lashistorias.com.mx\/wp-content\/uploads\/2010\/05\/foto1.jpg 600w\" sizes=\"auto, (max-width: 225px) 100vw, 225px\" \/><\/a><figcaption id=\"caption-attachment-6386\" class=\"wp-caption-text\">La foto del espejo<\/figcaption><\/figure><\/div>\n[\/fusion_builder_column][\/fusion_builder_row][\/fusion_builder_container]\n","protected":false},"excerpt":{"rendered":"<p>[fusion_builder_container hundred_percent=\u00bbyes\u00bb overflow=\u00bbvisible\u00bb][fusion_builder_row][fusion_builder_column type=\u00bb1_1&#8243; background_position=\u00bbleft top\u00bb background_color=\u00bb\u00bb border_size=\u00bb\u00bb border_color=\u00bb\u00bb border_style=\u00bbsolid\u00bb spacing=\u00bbyes\u00bb background_image=\u00bb\u00bb background_repeat=\u00bbno-repeat\u00bb padding=\u00bb\u00bb margin_top=\u00bb0px\u00bb margin_bottom=\u00bb0px\u00bb class=\u00bb\u00bb id=\u00bb\u00bb animation_type=\u00bb\u00bb animation_speed=\u00bb0.3&#8243; animation_direction=\u00bbleft\u00bb hide_on_mobile=\u00bbno\u00bb center_content=\u00bbno\u00bb min_height=\u00bbnone\u00bb] En 2003 me propusieron dar un curso en la Escuela de Escritores de la SOGEM. Ese a\u00f1o vi, en el espejo de un ba\u00f1o de la escuela, esa calavera blanca y&#8230;<\/p>\n","protected":false},"author":1,"featured_media":0,"comment_status":"open","ping_status":"open","sticky":false,"template":"","format":"standard","meta":{"advanced_seo_description":"","jetpack_seo_html_title":"","jetpack_seo_noindex":false,"jetpack_post_was_ever_published":false,"_jetpack_newsletter_access":"","_jetpack_dont_email_post_to_subs":true,"_jetpack_newsletter_tier_id":0,"_jetpack_memberships_contains_paywalled_content":false,"_jetpack_memberships_contains_paid_content":false,"footnotes":"","jetpack_publicize_message":"","jetpack_publicize_feature_enabled":true,"jetpack_social_post_already_shared":false,"jetpack_social_options":{"image_generator_settings":{"template":"highway","default_image_id":0,"font":"","enabled":false},"version":2}},"categories":[1520],"tags":[68,1908,25,205,26,1907,2855,1139,1904,390,1905,11,440,2864,482,505,1906],"class_list":["post-6384","post","type-post","status-publish","format-standard","hentry","category-cuaderno","tag-autobiografia","tag-eduardo-lizalde","tag-escritores","tag-escritura-y-vida","tag-historia-y-testimonio","tag-juan-miguel-de-mora","tag-literatura","tag-los-detectives-salvajes","tag-los-insanos","tag-memoria","tag-olvido","tag-opiniones","tag-poesia","tag-revistas","tag-roberto-bolano","tag-sogem","tag-subterraneo"],"jetpack_publicize_connections":[],"jetpack_featured_media_url":"","jetpack_shortlink":"https:\/\/wp.me\/sjEhq-espejo","jetpack_sharing_enabled":true,"_links":{"self":[{"href":"https:\/\/www.lashistorias.com.mx\/index.php\/wp-json\/wp\/v2\/posts\/6384","targetHints":{"allow":["GET"]}}],"collection":[{"href":"https:\/\/www.lashistorias.com.mx\/index.php\/wp-json\/wp\/v2\/posts"}],"about":[{"href":"https:\/\/www.lashistorias.com.mx\/index.php\/wp-json\/wp\/v2\/types\/post"}],"author":[{"embeddable":true,"href":"https:\/\/www.lashistorias.com.mx\/index.php\/wp-json\/wp\/v2\/users\/1"}],"replies":[{"embeddable":true,"href":"https:\/\/www.lashistorias.com.mx\/index.php\/wp-json\/wp\/v2\/comments?post=6384"}],"version-history":[{"count":23,"href":"https:\/\/www.lashistorias.com.mx\/index.php\/wp-json\/wp\/v2\/posts\/6384\/revisions"}],"predecessor-version":[{"id":12779,"href":"https:\/\/www.lashistorias.com.mx\/index.php\/wp-json\/wp\/v2\/posts\/6384\/revisions\/12779"}],"wp:attachment":[{"href":"https:\/\/www.lashistorias.com.mx\/index.php\/wp-json\/wp\/v2\/media?parent=6384"}],"wp:term":[{"taxonomy":"category","embeddable":true,"href":"https:\/\/www.lashistorias.com.mx\/index.php\/wp-json\/wp\/v2\/categories?post=6384"},{"taxonomy":"post_tag","embeddable":true,"href":"https:\/\/www.lashistorias.com.mx\/index.php\/wp-json\/wp\/v2\/tags?post=6384"}],"curies":[{"name":"wp","href":"https:\/\/api.w.org\/{rel}","templated":true}]}}