{"id":635,"date":"2008-08-25T16:43:51","date_gmt":"2008-08-25T21:43:51","guid":{"rendered":"http:\/\/albertochimal.wordpress.com\/?p=436"},"modified":"2011-10-20T15:54:46","modified_gmt":"2011-10-20T20:54:46","slug":"cuando-me-muera-y-me-tengan-que-enterrar","status":"publish","type":"post","link":"https:\/\/www.lashistorias.com.mx\/index.php\/cuando-me-muera-y-me-tengan-que-enterrar\/","title":{"rendered":"Cuando me muera y me tengan que enterrar&#8230;"},"content":{"rendered":"<p style=\"text-align:left;\">&#8230; quiero que sea, m\u00ednimo, con un ejemplar de la <em>Danza macabra<\/em> de los que presentaremos el mi\u00e9rcoles. Si pueden ir me alegrar\u00e1 verlos. Si no, ojal\u00e1 puedan dar algo de difusi\u00f3n por correo electr\u00f3nico o de otra manera a esta noticia. El proyecto de La Guillotina es de lo m\u00e1s interesante: libros cl\u00e1sicos y raros hechos con sobrantes de papel y pensados para distribuirse tan cerca de \u00abgratis\u00bb como sea posible (y varios lectores ya saben que, muchas veces, s\u00ed es literalmente gratis). Va invitaci\u00f3n y datos; hasta pronto.<\/p>\n<div style=\"text-align:center;\"><img loading=\"lazy\" decoding=\"async\" src=\"https:\/\/www.lashistorias.com.mx\/wp-content\/uploads\/2008\/08\/invitacion-danza.jpg\" alt=\"Elegia y danza\" width=\"400\" height=\"248\" \/><\/div>\n<p style=\"text-align:center;\">Presentaci\u00f3n de los libros<\/p>\n<p style=\"text-align:center;\"><em>La Danza Macabra<br \/>\ndel Cementerio de los Santos Inocentes de Par\u00eds<br \/>\n<\/em>(an\u00f3nimo)<br \/>\n<em>Danza general de la muerte<br \/>\n<\/em>(an\u00f3nimo)<br \/>\n<em>Coplas por la muerte de su padre<br \/>\n<\/em>(Jorge Manrique)<\/p>\n<p style=\"text-align:center;\">presentan<br \/>\nElsa Malvido \/ Erika Mergruen<\/p>\n<p style=\"text-align:center;\">lectura en atril<br \/>\nAlberto Chimal \/ Luis Felipe Hern\u00e1ndez<\/p>\n<p style=\"text-align:center;\"><strong>mi\u00e9rcoles 27 de agosto de 2008<br \/>\n19:00 horas<br \/>\nSala Adamo Boari, Palacio de Bellas Artes<br \/>\nEje Central y Ju\u00e1rez, Centro Hist\u00f3rico<br \/>\nCiudad de M\u00e9xico<\/strong><\/p>\n","protected":false},"excerpt":{"rendered":"<p>&#8230; quiero que sea, m\u00ednimo, con un ejemplar de la Danza macabra de los que presentaremos el mi\u00e9rcoles. Si pueden ir me alegrar\u00e1 verlos. Si no, ojal\u00e1 puedan dar algo de difusi\u00f3n por correo electr\u00f3nico o de otra manera a esta noticia. El proyecto de La Guillotina es de lo m\u00e1s interesante: libros cl\u00e1sicos y&#8230;<\/p>\n","protected":false},"author":1,"featured_media":0,"comment_status":"open","ping_status":"open","sticky":false,"template":"","format":"standard","meta":{"advanced_seo_description":"","jetpack_seo_html_title":"","jetpack_seo_noindex":false,"jetpack_post_was_ever_published":false,"_jetpack_newsletter_access":"","_jetpack_dont_email_post_to_subs":false,"_jetpack_newsletter_tier_id":0,"_jetpack_memberships_contains_paywalled_content":false,"_jetpack_memberships_contains_paid_content":false,"footnotes":"","jetpack_publicize_message":"","jetpack_publicize_feature_enabled":true,"jetpack_social_post_already_shared":false,"jetpack_social_options":{"image_generator_settings":{"template":"highway","default_image_id":0,"font":"","enabled":false},"version":2}},"categories":[3],"tags":[78,636,637,655,182,6,693,705,2855,440,12],"class_list":["post-635","post","type-post","status-publish","format-standard","hentry","category-lo-nuevo","tag-bellas-artes","tag-danza-general-de-la-muerte","tag-danza-macabra","tag-elsa-malvido","tag-erika-mergruen","tag-general","tag-jorge-manrique","tag-la-guillotina","tag-literatura","tag-poesia","tag-presentaciones"],"jetpack_publicize_connections":[],"jetpack_featured_media_url":"","jetpack_shortlink":"https:\/\/wp.me\/pjEhq-af","jetpack_sharing_enabled":true,"_links":{"self":[{"href":"https:\/\/www.lashistorias.com.mx\/index.php\/wp-json\/wp\/v2\/posts\/635","targetHints":{"allow":["GET"]}}],"collection":[{"href":"https:\/\/www.lashistorias.com.mx\/index.php\/wp-json\/wp\/v2\/posts"}],"about":[{"href":"https:\/\/www.lashistorias.com.mx\/index.php\/wp-json\/wp\/v2\/types\/post"}],"author":[{"embeddable":true,"href":"https:\/\/www.lashistorias.com.mx\/index.php\/wp-json\/wp\/v2\/users\/1"}],"replies":[{"embeddable":true,"href":"https:\/\/www.lashistorias.com.mx\/index.php\/wp-json\/wp\/v2\/comments?post=635"}],"version-history":[{"count":3,"href":"https:\/\/www.lashistorias.com.mx\/index.php\/wp-json\/wp\/v2\/posts\/635\/revisions"}],"predecessor-version":[{"id":8452,"href":"https:\/\/www.lashistorias.com.mx\/index.php\/wp-json\/wp\/v2\/posts\/635\/revisions\/8452"}],"wp:attachment":[{"href":"https:\/\/www.lashistorias.com.mx\/index.php\/wp-json\/wp\/v2\/media?parent=635"}],"wp:term":[{"taxonomy":"category","embeddable":true,"href":"https:\/\/www.lashistorias.com.mx\/index.php\/wp-json\/wp\/v2\/categories?post=635"},{"taxonomy":"post_tag","embeddable":true,"href":"https:\/\/www.lashistorias.com.mx\/index.php\/wp-json\/wp\/v2\/tags?post=635"}],"curies":[{"name":"wp","href":"https:\/\/api.w.org\/{rel}","templated":true}]}}