{"id":6308,"date":"2010-04-30T10:06:06","date_gmt":"2010-04-30T15:06:06","guid":{"rendered":"http:\/\/www.lashistorias.com.mx\/?p=6308"},"modified":"2016-10-26T10:22:15","modified_gmt":"2016-10-26T15:22:15","slug":"ganadores-del-concurso-conjunto","status":"publish","type":"post","link":"https:\/\/www.lashistorias.com.mx\/index.php\/ganadores-del-concurso-conjunto\/","title":{"rendered":"Ganadores del concurso conjunto"},"content":{"rendered":"<p>A pesar de la interrupci\u00f3n de este mes, el concurso convocado por este blog y el <a href=\"http:\/\/diariodeunchicotrabajador.com\/\">Diario de un chico trabajador<\/a> de Alejandro Carrillo se llev\u00f3 a cabo sin dificultades y ya est\u00e1n aqu\u00ed los ganadores:<\/p>\n<p><em>Primer lugar:<\/em><br \/>\nEl cuento \u00abLetraheridos\u00bb de <strong>Elisa de Armas<\/strong> la hace ganadora de<br \/>\n1. <em>Obras escogidas<\/em> de Jean Ray<br \/>\n2. <em>El viaje<\/em> de Juan Manuel Torres<br \/>\n3. <em>C\u00f3mo escribir literatura<\/em> de viajes de Morag Campbell<\/p>\n<p><em>Segundo Lugar:<\/em><br \/>\n<strong>Karla M. Solano<\/strong> gana, por su cuento sin t\u00edtulo,<br \/>\n1. <em>Mona Lisa acelerada<\/em> de Wiliam Gibson<br \/>\n2. Una aventura de Harry Dickson (<em>La casa de la cabeza perdida<\/em>) de Jean Ray<br \/>\n3. <em>C\u00f3mo escribir literatura de viajes<\/em> de Morag Campbell<\/p>\n<p><em>Tercer lugar:<\/em><br \/>\n<strong>Asmara Gay<\/strong>, por \u00abLas ficciones de Alfredo Harve\u00bb, gana<br \/>\n1. <em>Y ma\u00f1ana ser\u00e1n clones<\/em> de John Varley<br \/>\n2. Una revista de Ciencia y Fantas\u00eda de 1957 con cuentos de Paul Anderson y Robert Bloch, entre otros.<\/p>\n<div align=center><a ref=\"magnificPopup\" href=\"https:\/\/www.lashistorias.com.mx\/wp-content\/uploads\/2010\/03\/libros.jpg\"><img loading=\"lazy\" decoding=\"async\" data-attachment-id=\"6170\" data-permalink=\"https:\/\/www.lashistorias.com.mx\/libros\/\" data-orig-file=\"https:\/\/www.lashistorias.com.mx\/wp-content\/uploads\/2010\/03\/libros.jpg\" data-orig-size=\"600,368\" data-comments-opened=\"1\" data-image-meta=\"{&quot;aperture&quot;:&quot;0&quot;,&quot;credit&quot;:&quot;&quot;,&quot;camera&quot;:&quot;&quot;,&quot;caption&quot;:&quot;&quot;,&quot;created_timestamp&quot;:&quot;0&quot;,&quot;copyright&quot;:&quot;&quot;,&quot;focal_length&quot;:&quot;0&quot;,&quot;iso&quot;:&quot;0&quot;,&quot;shutter_speed&quot;:&quot;0&quot;,&quot;title&quot;:&quot;&quot;}\" data-image-title=\"libros\" data-image-description=\"\" data-image-caption=\"\" data-large-file=\"https:\/\/www.lashistorias.com.mx\/wp-content\/uploads\/2010\/03\/libros.jpg\" src=\"https:\/\/www.lashistorias.com.mx\/wp-content\/uploads\/2010\/03\/libros-300x184.jpg\" alt=\"libros\" title=\"libros\" width=\"300\" height=\"184\" class=\"alignnone size-medium wp-image-6170\" srcset=\"https:\/\/www.lashistorias.com.mx\/wp-content\/uploads\/2010\/03\/libros-300x184.jpg 300w, https:\/\/www.lashistorias.com.mx\/wp-content\/uploads\/2010\/03\/libros.jpg 600w\" sizes=\"auto, (max-width: 300px) 100vw, 300px\" \/><\/a><\/div>\n<p>Muchas felicidades a las ganadoras y, por mi parte, tambi\u00e9n a Alejandro, quien est\u00e1 donando los libros que se dar\u00e1n como premio. Y gracias a todos.<\/p>\n","protected":false},"excerpt":{"rendered":"<p>El concurso especial de este blog y el <em>Diario de un chico trabajador<\/em> tiene ganadores&#8230;<\/p>\n","protected":false},"author":1,"featured_media":0,"comment_status":"open","ping_status":"open","sticky":false,"template":"","format":"standard","meta":{"advanced_seo_description":"","jetpack_seo_html_title":"","jetpack_seo_noindex":false,"jetpack_post_was_ever_published":false,"_jetpack_newsletter_access":"","_jetpack_dont_email_post_to_subs":true,"_jetpack_newsletter_tier_id":0,"_jetpack_memberships_contains_paywalled_content":false,"_jetpack_memberships_contains_paid_content":false,"footnotes":"","jetpack_publicize_message":"","jetpack_publicize_feature_enabled":true,"jetpack_social_post_already_shared":false,"jetpack_social_options":{"image_generator_settings":{"template":"highway","default_image_id":0,"font":"","enabled":false},"version":2}},"categories":[3],"tags":[1849,2855],"class_list":["post-6308","post","type-post","status-publish","format-standard","hentry","category-lo-nuevo","tag-diario-de-un-chico-trabajador","tag-literatura"],"jetpack_publicize_connections":[],"jetpack_featured_media_url":"","jetpack_shortlink":"https:\/\/wp.me\/pjEhq-1DK","jetpack_sharing_enabled":true,"_links":{"self":[{"href":"https:\/\/www.lashistorias.com.mx\/index.php\/wp-json\/wp\/v2\/posts\/6308","targetHints":{"allow":["GET"]}}],"collection":[{"href":"https:\/\/www.lashistorias.com.mx\/index.php\/wp-json\/wp\/v2\/posts"}],"about":[{"href":"https:\/\/www.lashistorias.com.mx\/index.php\/wp-json\/wp\/v2\/types\/post"}],"author":[{"embeddable":true,"href":"https:\/\/www.lashistorias.com.mx\/index.php\/wp-json\/wp\/v2\/users\/1"}],"replies":[{"embeddable":true,"href":"https:\/\/www.lashistorias.com.mx\/index.php\/wp-json\/wp\/v2\/comments?post=6308"}],"version-history":[{"count":2,"href":"https:\/\/www.lashistorias.com.mx\/index.php\/wp-json\/wp\/v2\/posts\/6308\/revisions"}],"predecessor-version":[{"id":12784,"href":"https:\/\/www.lashistorias.com.mx\/index.php\/wp-json\/wp\/v2\/posts\/6308\/revisions\/12784"}],"wp:attachment":[{"href":"https:\/\/www.lashistorias.com.mx\/index.php\/wp-json\/wp\/v2\/media?parent=6308"}],"wp:term":[{"taxonomy":"category","embeddable":true,"href":"https:\/\/www.lashistorias.com.mx\/index.php\/wp-json\/wp\/v2\/categories?post=6308"},{"taxonomy":"post_tag","embeddable":true,"href":"https:\/\/www.lashistorias.com.mx\/index.php\/wp-json\/wp\/v2\/tags?post=6308"}],"curies":[{"name":"wp","href":"https:\/\/api.w.org\/{rel}","templated":true}]}}