{"id":6300,"date":"2010-04-22T14:03:50","date_gmt":"2010-04-22T19:03:50","guid":{"rendered":"http:\/\/www.lashistorias.com.mx\/?p=6300"},"modified":"2016-10-26T10:22:15","modified_gmt":"2016-10-26T15:22:15","slug":"dos-mas-para-el-dia-mundial-del-libro","status":"publish","type":"post","link":"https:\/\/www.lashistorias.com.mx\/index.php\/dos-mas-para-el-dia-mundial-del-libro\/","title":{"rendered":"Dos m\u00e1s para el D\u00eda Mundial del Libro"},"content":{"rendered":"<p>Por supuesto, siguen en pie <a href=\"https:\/\/www.lashistorias.com.mx\/index.php\/archivo\/dos-para-el-dia-mundial-del-libro\/\">las invitaciones de la nota anterior<\/a> para conocer los libros gratuitos de la Biblioteca Alas y Ra\u00edces y participar en la escritura del cuento colectivo que se har\u00e1 ma\u00f1ana, celebrando el D\u00eda del Libro. Pero hay m\u00e1s:<\/p>\n<p>1. La UNAM celebrar\u00e1 ma\u00f1ana la <a href=\"http:\/\/www.cultura.unam.mx\/fiesta\/site\/actividades.html\">Fiesta del Libro y la Rosa<\/a> en el Centro Cultural Universitario (todos los datos de ubicaci\u00f3n y la cartelera completa est\u00e1n en el enlace). Habr\u00e1 muchas actividades, incluyendo venta y trueque de libros, intercambios, conferencias, talleres, entrevistas y m\u00e1s desde las 9:30 de la ma\u00f1ana. Si tienen ocasi\u00f3n de ir (o de sintonizar la transmisi\u00f3n por radio o web, v\u00eda <a href=\"http:\/\/www.radiounam.unam.mx\/site\/index.php?option=com_content&#038;view=article&#038;id=12&#038;Itemid=11\">Radio UNAM, 96.1 de FM<\/a>), me encontrar\u00e1n a eso de las 12:30 conversando de libros con Rosa Beltr\u00e1n.<\/p>\n<p>2. En la explanada del Museo de Antropolog\u00eda (sobre el Paseo de la Reforma), junton con las actividades que ya menci\u00f3n\u00e9 <a href=\"http:\/\/salasdelectura.conaculta.gob.mx\/espanol\/agenda.php?Submit=VerRegistro&#038;Ref=147&#038;TipoArticulo=10\">y muchas otras<\/a>, habr\u00e1 a las 20:00 horas una proyecci\u00f3n al aire libre de <em>Blade Runner<\/em> (1982), la gran pel\u00edcula de Ridley Scott a partir del libro <em>\u00bfSue\u00f1an los androides con ovejas el\u00e9ctricas?<\/em> (1968) de Philip K. Dick. Antes de la funci\u00f3n tendr\u00e9 el gusto (realmente enorme) de dar un breve comentario inicial sobre el autor y el director&#8230;, pero lo importante, en todo caso, es que no se pierdan la oportunidad de ver un filme excelente. Si no lo conocen, estoy seguro de que los sorprender\u00e1. Y si s\u00ed, tambi\u00e9n.<\/p>\n<div align=center>[fusion_builder_container hundred_percent=\u00bbyes\u00bb overflow=\u00bbvisible\u00bb][fusion_builder_row][fusion_builder_column type=\u00bb1_1&#8243; background_position=\u00bbleft top\u00bb background_color=\u00bb\u00bb border_size=\u00bb\u00bb border_color=\u00bb\u00bb border_style=\u00bbsolid\u00bb spacing=\u00bbyes\u00bb background_image=\u00bb\u00bb background_repeat=\u00bbno-repeat\u00bb padding=\u00bb\u00bb margin_top=\u00bb0px\u00bb margin_bottom=\u00bb0px\u00bb class=\u00bb\u00bb id=\u00bb\u00bb animation_type=\u00bb\u00bb animation_speed=\u00bb0.3&#8243; animation_direction=\u00bbleft\u00bb hide_on_mobile=\u00bbno\u00bb center_content=\u00bbno\u00bb min_height=\u00bbnone\u00bb]<figure id=\"attachment_6305\" aria-describedby=\"caption-attachment-6305\" style=\"width: 420px\" class=\"wp-caption alignnone\"><img loading=\"lazy\" decoding=\"async\" data-attachment-id=\"6305\" data-permalink=\"https:\/\/www.lashistorias.com.mx\/index.php\/dos-mas-para-el-dia-mundial-del-libro\/eye\/\" data-orig-file=\"https:\/\/www.lashistorias.com.mx\/wp-content\/uploads\/2010\/04\/eye.jpg\" data-orig-size=\"420,278\" data-comments-opened=\"1\" data-image-meta=\"{&quot;aperture&quot;:&quot;0&quot;,&quot;credit&quot;:&quot;&quot;,&quot;camera&quot;:&quot;&quot;,&quot;caption&quot;:&quot;&quot;,&quot;created_timestamp&quot;:&quot;0&quot;,&quot;copyright&quot;:&quot;&quot;,&quot;focal_length&quot;:&quot;0&quot;,&quot;iso&quot;:&quot;0&quot;,&quot;shutter_speed&quot;:&quot;0&quot;,&quot;title&quot;:&quot;&quot;}\" data-image-title=\"Un fotograma de Blade Runner\" data-image-description=\"\" data-image-caption=\"&lt;p&gt;Un fotograma de Blade Runner&lt;\/p&gt;\n\" data-large-file=\"https:\/\/www.lashistorias.com.mx\/wp-content\/uploads\/2010\/04\/eye.jpg\" src=\"https:\/\/www.lashistorias.com.mx\/wp-content\/uploads\/2010\/04\/eye.jpg\" alt=\"\" title=\"Un fotograma de Blade Runner\" width=\"420\" height=\"278\" class=\"size-full wp-image-6305\" srcset=\"https:\/\/www.lashistorias.com.mx\/wp-content\/uploads\/2010\/04\/eye.jpg 420w, https:\/\/www.lashistorias.com.mx\/wp-content\/uploads\/2010\/04\/eye-300x198.jpg 300w\" sizes=\"auto, (max-width: 420px) 100vw, 420px\" \/><figcaption id=\"caption-attachment-6305\" class=\"wp-caption-text\">Un fotograma de <em>Blade Runner<\/em><\/figcaption><\/figure><\/div>\n[\/fusion_builder_column][\/fusion_builder_row][\/fusion_builder_container]\n","protected":false},"excerpt":{"rendered":"<p>Muchas actividades en el Museo de Arte Contempor\u00e1neo de la UNAM. Adem\u00e1s, cine (y libros) gratis.<\/p>\n","protected":false},"author":1,"featured_media":0,"comment_status":"open","ping_status":"open","sticky":false,"template":"","format":"standard","meta":{"advanced_seo_description":"","jetpack_seo_html_title":"","jetpack_seo_noindex":false,"jetpack_post_was_ever_published":false,"_jetpack_newsletter_access":"","_jetpack_dont_email_post_to_subs":true,"_jetpack_newsletter_tier_id":0,"_jetpack_memberships_contains_paywalled_content":false,"_jetpack_memberships_contains_paid_content":false,"footnotes":"","jetpack_publicize_message":"","jetpack_publicize_feature_enabled":true,"jetpack_social_post_already_shared":false,"jetpack_social_options":{"image_generator_settings":{"template":"highway","default_image_id":0,"font":"","enabled":false},"version":2}},"categories":[3],"tags":[580,1874,2860,1878,660,25,1876,8,2855,1877,438,12,1875,535],"class_list":["post-6300","post","type-post","status-publish","format-standard","hentry","category-lo-nuevo","tag-adaptacion","tag-blade-runner","tag-cine","tag-cine-al-aire-libre","tag-entrevistas","tag-escritores","tag-feria-del-libro-y-la-rosa","tag-internet","tag-literatura","tag-museo-de-antropologia","tag-philip-k-dick","tag-presentaciones","tag-ridley-scott","tag-unam"],"jetpack_publicize_connections":[],"jetpack_featured_media_url":"","jetpack_shortlink":"https:\/\/wp.me\/pjEhq-1DC","jetpack_sharing_enabled":true,"_links":{"self":[{"href":"https:\/\/www.lashistorias.com.mx\/index.php\/wp-json\/wp\/v2\/posts\/6300","targetHints":{"allow":["GET"]}}],"collection":[{"href":"https:\/\/www.lashistorias.com.mx\/index.php\/wp-json\/wp\/v2\/posts"}],"about":[{"href":"https:\/\/www.lashistorias.com.mx\/index.php\/wp-json\/wp\/v2\/types\/post"}],"author":[{"embeddable":true,"href":"https:\/\/www.lashistorias.com.mx\/index.php\/wp-json\/wp\/v2\/users\/1"}],"replies":[{"embeddable":true,"href":"https:\/\/www.lashistorias.com.mx\/index.php\/wp-json\/wp\/v2\/comments?post=6300"}],"version-history":[{"count":6,"href":"https:\/\/www.lashistorias.com.mx\/index.php\/wp-json\/wp\/v2\/posts\/6300\/revisions"}],"predecessor-version":[{"id":12785,"href":"https:\/\/www.lashistorias.com.mx\/index.php\/wp-json\/wp\/v2\/posts\/6300\/revisions\/12785"}],"wp:attachment":[{"href":"https:\/\/www.lashistorias.com.mx\/index.php\/wp-json\/wp\/v2\/media?parent=6300"}],"wp:term":[{"taxonomy":"category","embeddable":true,"href":"https:\/\/www.lashistorias.com.mx\/index.php\/wp-json\/wp\/v2\/categories?post=6300"},{"taxonomy":"post_tag","embeddable":true,"href":"https:\/\/www.lashistorias.com.mx\/index.php\/wp-json\/wp\/v2\/tags?post=6300"}],"curies":[{"name":"wp","href":"https:\/\/api.w.org\/{rel}","templated":true}]}}