{"id":6283,"date":"2010-04-20T13:12:27","date_gmt":"2010-04-20T18:12:27","guid":{"rendered":"http:\/\/www.lashistorias.com.mx\/?p=6283"},"modified":"2016-10-26T10:22:17","modified_gmt":"2016-10-26T15:22:17","slug":"dos-para-el-dia-mundial-del-libro","status":"publish","type":"post","link":"https:\/\/www.lashistorias.com.mx\/index.php\/dos-para-el-dia-mundial-del-libro\/","title":{"rendered":"Dos para el D\u00eda Mundial del Libro"},"content":{"rendered":"<p>Una invitaci\u00f3n. Para celebrar el D\u00eda Mundial del Libro, el pr\u00f3ximo viernes 23 de abril habr\u00e1 diversas actividades y yo estar\u00e9 en dos organizadas por la Direcci\u00f3n de Publicaciones de Conaculta (cuyo programa completo para el Distrito Federal se puede leer <a href=\"http:\/\/salasdelectura.conaculta.gob.mx\/espanol\/agenda.php?Submit=VerRegistro&#038;Ref=147&#038;TipoArticulo=10\">aqu\u00ed<\/a>).<br \/>\n&nbsp;&nbsp;&nbsp;&nbsp;&nbsp;&nbsp;La primera ser\u00e1 la escritura de un cuento colectivo que tendr\u00e1 lugar durante todo el d\u00eda a partir de las 10:00 de la ma\u00f1ana y en la que todos los interesados podr\u00e1n participar. El escritor Xavier Velasco empezar\u00e1 la historia y cualquiera que lo desee podr\u00e1 ir agregando a ese comienzo. La cita es en el Sendero Reforma (Paseo de la Reforma, a la altura del Museo Nacional de Antropolog\u00eda).<br \/>\n&nbsp;&nbsp;&nbsp;&nbsp;&nbsp;&nbsp;La segunda ser\u00e1 la presentaci\u00f3n de la Biblioteca Alas y Ra\u00edces, dedicada a ofrecer textos \u00abcl\u00e1sicos contempor\u00e1neos\u00bb totalmente <em>gratis<\/em>. Entre otros que estar\u00e1n disponibles (y que van desde <em>\u00bfSue\u00f1an los androides con ovejas el\u00e9ctricas?<\/em> de Philip K. Dick hasta <em>El guardi\u00e1n entre el centeno<\/em> de J. D. Salinger y <em>Cuentos por tel\u00e9fono<\/em> del gran Gianni Rodari), se publicar\u00e1 tambi\u00e9n una edici\u00f3n conmemorativa de <em>La tumba<\/em> de Jos\u00e9 Agust\u00edn, celebrando los 45 a\u00f1os de su publicaci\u00f3n original, y \u00e9l mismo estar\u00e1 all\u00ed para comentar el libro. Todo esto ser\u00e1 en la explanada del Museo de Antropolog\u00eda a las 18:00 horas.<br \/>\n&nbsp;&nbsp;&nbsp;&nbsp;&nbsp;&nbsp;El programa que enlac\u00e9 arriba contiene, adem\u00e1s, muchas otras presentaciones as\u00ed como talleres, lecturas para ni\u00f1os y m\u00e1s. Ojal\u00e1 se animen a ir.<\/p>\n<div align=center>[fusion_builder_container hundred_percent=\u00bbyes\u00bb overflow=\u00bbvisible\u00bb][fusion_builder_row][fusion_builder_column type=\u00bb1_1&#8243; background_position=\u00bbleft top\u00bb background_color=\u00bb\u00bb border_size=\u00bb\u00bb border_color=\u00bb\u00bb border_style=\u00bbsolid\u00bb spacing=\u00bbyes\u00bb background_image=\u00bb\u00bb background_repeat=\u00bbno-repeat\u00bb padding=\u00bb\u00bb margin_top=\u00bb0px\u00bb margin_bottom=\u00bb0px\u00bb class=\u00bb\u00bb id=\u00bb\u00bb animation_type=\u00bb\u00bb animation_speed=\u00bb0.3&#8243; animation_direction=\u00bbleft\u00bb hide_on_mobile=\u00bbno\u00bb center_content=\u00bbno\u00bb min_height=\u00bbnone\u00bb]<figure id=\"attachment_6286\" aria-describedby=\"caption-attachment-6286\" style=\"width: 172px\" class=\"wp-caption alignnone\"><a ref=\"magnificPopup\" href=\"https:\/\/www.lashistorias.com.mx\/wp-content\/uploads\/2010\/04\/latumba.jpg\"><img loading=\"lazy\" decoding=\"async\" data-attachment-id=\"6286\" data-permalink=\"https:\/\/www.lashistorias.com.mx\/index.php\/dos-para-el-dia-mundial-del-libro\/latumba\/\" data-orig-file=\"https:\/\/www.lashistorias.com.mx\/wp-content\/uploads\/2010\/04\/latumba.jpg\" data-orig-size=\"456,794\" data-comments-opened=\"1\" data-image-meta=\"{&quot;aperture&quot;:&quot;0&quot;,&quot;credit&quot;:&quot;&quot;,&quot;camera&quot;:&quot;&quot;,&quot;caption&quot;:&quot;&quot;,&quot;created_timestamp&quot;:&quot;0&quot;,&quot;copyright&quot;:&quot;&quot;,&quot;focal_length&quot;:&quot;0&quot;,&quot;iso&quot;:&quot;0&quot;,&quot;shutter_speed&quot;:&quot;0&quot;,&quot;title&quot;:&quot;&quot;}\" data-image-title=\"Una edici\u00f3n de La tumba\" data-image-description=\"\" data-image-caption=\"&lt;p&gt;Una edici\u00f3n de La tumba&lt;\/p&gt;\n\" data-large-file=\"https:\/\/www.lashistorias.com.mx\/wp-content\/uploads\/2010\/04\/latumba.jpg\" src=\"https:\/\/www.lashistorias.com.mx\/wp-content\/uploads\/2010\/04\/latumba-172x300.jpg\" alt=\"Una edici\u00f3n de La tumba\" title=\"Una edici\u00f3n de La tumba\" width=\"172\" height=\"300\" class=\"size-medium wp-image-6286\" srcset=\"https:\/\/www.lashistorias.com.mx\/wp-content\/uploads\/2010\/04\/latumba-172x300.jpg 172w, https:\/\/www.lashistorias.com.mx\/wp-content\/uploads\/2010\/04\/latumba.jpg 456w\" sizes=\"auto, (max-width: 172px) 100vw, 172px\" \/><\/a><figcaption id=\"caption-attachment-6286\" class=\"wp-caption-text\">Una edici\u00f3n de <em>La tumba<\/em><\/figcaption><\/figure><\/div>\n[\/fusion_builder_column][\/fusion_builder_row][\/fusion_builder_container]\n","protected":false},"excerpt":{"rendered":"<p>Para el viernes 23 de abril, la convocatoria a escribir un cuento colectivo y la presentaci\u00f3n de una colecci\u00f3n entera de libros <em>gratuitos<\/em>.<\/p>\n","protected":false},"author":1,"featured_media":0,"comment_status":"open","ping_status":"open","sticky":false,"template":"","format":"standard","meta":{"advanced_seo_description":"","jetpack_seo_html_title":"","jetpack_seo_noindex":false,"jetpack_post_was_ever_published":false,"_jetpack_newsletter_access":"","_jetpack_dont_email_post_to_subs":true,"_jetpack_newsletter_tier_id":0,"_jetpack_memberships_contains_paywalled_content":false,"_jetpack_memberships_contains_paid_content":false,"footnotes":"","jetpack_publicize_message":"","jetpack_publicize_feature_enabled":true,"jetpack_social_post_already_shared":false,"jetpack_social_options":{"image_generator_settings":{"template":"highway","default_image_id":0,"font":"","enabled":false},"version":2}},"categories":[3],"tags":[1870,570,1866,22,1869,1873,1865,1705,25,198,251,1704,321,1868,1871,2855,438,12,556,1872],"class_list":["post-6283","post","type-post","status-publish","format-standard","hentry","category-lo-nuevo","tag-biblioteca-alas-y-raices","tag-breves","tag-conaculta","tag-cuento","tag-cuento-colectivo","tag-cuentos-por-telefono","tag-dia-mundial-del-libro","tag-el-guardian-entre-el-centeno","tag-escritores","tag-escritores-mexicanos","tag-gianni-rodari","tag-j-d-salinger","tag-jose-agustin","tag-la-tumba","tag-libros-gratis","tag-literatura","tag-philip-k-dick","tag-presentaciones","tag-xavier-velasco","tag-suenan-los-androides-con-ovejas-electricas"],"jetpack_publicize_connections":[],"jetpack_featured_media_url":"","jetpack_shortlink":"https:\/\/wp.me\/pjEhq-1Dl","jetpack_sharing_enabled":true,"_links":{"self":[{"href":"https:\/\/www.lashistorias.com.mx\/index.php\/wp-json\/wp\/v2\/posts\/6283","targetHints":{"allow":["GET"]}}],"collection":[{"href":"https:\/\/www.lashistorias.com.mx\/index.php\/wp-json\/wp\/v2\/posts"}],"about":[{"href":"https:\/\/www.lashistorias.com.mx\/index.php\/wp-json\/wp\/v2\/types\/post"}],"author":[{"embeddable":true,"href":"https:\/\/www.lashistorias.com.mx\/index.php\/wp-json\/wp\/v2\/users\/1"}],"replies":[{"embeddable":true,"href":"https:\/\/www.lashistorias.com.mx\/index.php\/wp-json\/wp\/v2\/comments?post=6283"}],"version-history":[{"count":16,"href":"https:\/\/www.lashistorias.com.mx\/index.php\/wp-json\/wp\/v2\/posts\/6283\/revisions"}],"predecessor-version":[{"id":12786,"href":"https:\/\/www.lashistorias.com.mx\/index.php\/wp-json\/wp\/v2\/posts\/6283\/revisions\/12786"}],"wp:attachment":[{"href":"https:\/\/www.lashistorias.com.mx\/index.php\/wp-json\/wp\/v2\/media?parent=6283"}],"wp:term":[{"taxonomy":"category","embeddable":true,"href":"https:\/\/www.lashistorias.com.mx\/index.php\/wp-json\/wp\/v2\/categories?post=6283"},{"taxonomy":"post_tag","embeddable":true,"href":"https:\/\/www.lashistorias.com.mx\/index.php\/wp-json\/wp\/v2\/tags?post=6283"}],"curies":[{"name":"wp","href":"https:\/\/api.w.org\/{rel}","templated":true}]}}