{"id":6200,"date":"2010-03-19T14:44:45","date_gmt":"2010-03-19T20:44:45","guid":{"rendered":"http:\/\/www.lashistorias.com.mx\/?p=6200"},"modified":"2016-10-26T10:22:19","modified_gmt":"2016-10-26T15:22:19","slug":"ix-concurso-nacional-de-cuento-juan-jose-arreola","status":"publish","type":"post","link":"https:\/\/www.lashistorias.com.mx\/index.php\/ix-concurso-nacional-de-cuento-juan-jose-arreola\/","title":{"rendered":"IX Concurso Nacional de Cuento \u201cJuan Jos\u00e9 Arreola\u201d"},"content":{"rendered":"<p><em>Todos los interesados podr\u00e1n enviar sus trabajos hasta el 30 de abril de 2010. M\u00e1s informes sobre este concurso en la Coordinaci\u00f3n de Producci\u00f3n y Difusi\u00f3n de Artes Esc\u00e9nicas y Literatura, Sim\u00f3n Bol\u00edvar 194, col. Americana, 44140 Guadalajara Jalisco. Tel\u00e9fonos: (0133) 30 44 43 20, con terminaciones del 21 al 23.<\/em><\/p>\n<div align=center><strong>Convocatoria al  IX<br \/>\nConcurso Nacional de Cuento<br \/>\n\u201cJUAN JOS\u00c9 ARREOLA\u201d<br \/>\n2010<\/strong><\/div>\n<p><strong>Bases:<\/strong><br \/>\n1.\tPodr\u00e1n participar todos los escritores mexicanos por nacimiento que residan en el pa\u00eds y que env\u00eden un volumen  in\u00e9dito de cuentos en espa\u00f1ol, con una extensi\u00f3n m\u00ednima de 80 (ochenta) cuartillas y una m\u00e1xima de 120 (ciento veinte). <\/p>\n<p>2.\tEl premio es \u00fanico e indivisible y consta de $ 75,000 (setenta y cinco mil pesos 00\/100 MN) en efectivo y un diploma,  as\u00ed como la publicaci\u00f3n del libro por la Universidad de Guadalajara.<\/p>\n<p>3.\tLos trabajos deber\u00e1n presentarse por triplicado, firmados con seud\u00f3nimo, escritos a m\u00e1quina o computadora con letra de doce puntos con fuente Times, a doble espacio, en papel tama\u00f1o carta y por una sola cara. Los manuscritos deber\u00e1n presentarse sin im\u00e1genes y engargolados.<\/p>\n<p>4.\tAdjunto al trabajo, un sobre cerrado e identificado con el nombre de la obra y el seud\u00f3nimo, deber\u00e1n enviar su nombre, domicilio, n\u00famero telef\u00f3nico, n\u00famero de celular y direcci\u00f3n de correo electr\u00f3nico, as\u00ed como una ficha curricular.<\/p>\n<p>5.\tLos trabajos deber\u00e1n ser enviados a alguna de las siguientes direcciones: Centro Universitario del Sur. Coordinaci\u00f3n de Extensi\u00f3n, edificio \u201cD\u201d Rector\u00eda, Planta Baja, Prolongaci\u00f3n Col\u00f3n S\/N o a Casa del Arte, Col\u00f3n 143, centro, ambas en Cd. Guzm\u00e1n, Mpio. de Zapotl\u00e1n el Grande Jalisco C.P. 49000 Tel\u00e9fono (01 341) 575 22 22. Extensiones: 6019, 6096, Fax: 6076 o a la Coordinaci\u00f3n de Producci\u00f3n y Difusi\u00f3n de Artes Esc\u00e9nicas y Literatura, Sim\u00f3n Bol\u00edvar 194 C.P. 44140 col. Americana, Guadalajara Jalisco. Tel\u00e9fonos (0133) 30 44 43 20, con terminaciones del 21 al 23.<\/p>\n<p>6.\tEl periodo de recepci\u00f3n de los trabajos queda abierto a partir de la publicaci\u00f3n de la presente convocatoria y cierra el d\u00eda 30 de abril de 2010 a las 19:00 horas. En el caso de aquellos remitidos por correo, se aceptar\u00e1n solamente en los que se acrediten que el matasellos de la oficina postal de origen, no exceda la fecha de cierre de la convocatoria.<\/p>\n<p>7.\tSe contar\u00e1 con un jurado de preselecci\u00f3n integrado por acad\u00e9micos y escritores de distinguida trayectoria, quienes seleccionar\u00e1n los trabajos que se pasar\u00e1n a manos del jurado final.<\/p>\n<p>8.\tEl jurado final estar\u00e1 integrado por tres escritores de reconocido prestigio a nivel nacional y sus nombres ser\u00e1n dados a conocer en el momento de emitirse el fallo.<\/p>\n<p>9.\tNo podr\u00e1n participar: a) Trabajos que se encuentren participando en otros concursos en espera de dictamen, b) Autores que hayan recibido el premio en emisiones pasadas, c) Obras que hayan sido premiadas en otros concursos, d) Personal adscrito a la Secretar\u00eda de Vinculaci\u00f3n y Difusi\u00f3n Cultural del CUAAD.<\/p>\n<p>10.\tEl comit\u00e9 organizador estar\u00e1 facultado para descalificar cualquier trabajo que no cumpla con los requisitos requeridos en la presente convocatoria.<\/p>\n<p>11.\tNo se devolver\u00e1n los originales ni las copias de los trabajos no premiados, los cuales ser\u00e1n destruidos, con el objeto de proteger los derechos de autor.<\/p>\n<p>12.\tEl trabajo que resulte ganador ser\u00e1 publicado por la Universidad de Guadalajara.<\/p>\n<p>13.\tUna vez que el jurado haya deliberado y emitido el fallo, que ser\u00e1 inapelable, se proceder\u00e1 a la apertura de la plica de identificaci\u00f3n de quien resulte ganador, el d\u00eda 28 de agosto de 2010, y de inmediato le ser\u00e1 notificado, as\u00ed como divulgado a trav\u00e9s de la prensa local y nacional.<\/p>\n<p>14.\tEl premio puede ser declarado desierto si el jurado final considera que los trabajos no re\u00fanen los requisitos de calidad.<\/p>\n<p>15.\tLos organizadores cubrir\u00e1n los gastos de transportaci\u00f3n, hospedaje y alimentaci\u00f3n del ganador para que asista a la ceremonia de premiaci\u00f3n en el Centro Universitario del Sur, en Cd. Guzm\u00e1n Mpio. de Zapotl\u00e1n el Grande, Jalisco, el d\u00eda 23 de septiembre de 2010 y,  posteriormente, la presentaci\u00f3n del libro en el marco de la Feria Internacional del Libro, en Guadalajara, Jalisco.<\/p>\n<p>16.\tEl comit\u00e9 organizador est\u00e1 facultado para resolver los casos no previstos en la presente convocatoria.<\/p>\n<p><em>Guadalajara, Jalisco, diciembre de 2009<\/em><\/p>\n<div align=center>[fusion_builder_container hundred_percent=\u00bbyes\u00bb overflow=\u00bbvisible\u00bb][fusion_builder_row][fusion_builder_column type=\u00bb1_1&#8243; background_position=\u00bbleft top\u00bb background_color=\u00bb\u00bb border_size=\u00bb\u00bb border_color=\u00bb\u00bb border_style=\u00bbsolid\u00bb spacing=\u00bbyes\u00bb background_image=\u00bb\u00bb background_repeat=\u00bbno-repeat\u00bb padding=\u00bb\u00bb margin_top=\u00bb0px\u00bb margin_bottom=\u00bb0px\u00bb class=\u00bb\u00bb id=\u00bb\u00bb animation_type=\u00bb\u00bb animation_speed=\u00bb0.3&#8243; animation_direction=\u00bbleft\u00bb hide_on_mobile=\u00bbno\u00bb center_content=\u00bbno\u00bb min_height=\u00bbnone\u00bb]<figure id=\"attachment_6202\" aria-describedby=\"caption-attachment-6202\" style=\"width: 194px\" class=\"wp-caption alignnone\"><a ref=\"magnificPopup\" href=\"https:\/\/www.lashistorias.com.mx\/wp-content\/uploads\/2010\/03\/convocatoria-IX.jpg\"><img loading=\"lazy\" decoding=\"async\" data-attachment-id=\"6202\" data-permalink=\"https:\/\/www.lashistorias.com.mx\/index.php\/ix-concurso-nacional-de-cuento-juan-jose-arreola\/convocatoria-ix\/\" data-orig-file=\"https:\/\/www.lashistorias.com.mx\/wp-content\/uploads\/2010\/03\/convocatoria-IX.jpg\" data-orig-size=\"792,1224\" data-comments-opened=\"1\" data-image-meta=\"{&quot;aperture&quot;:&quot;0&quot;,&quot;credit&quot;:&quot;&quot;,&quot;camera&quot;:&quot;&quot;,&quot;caption&quot;:&quot;&quot;,&quot;created_timestamp&quot;:&quot;0&quot;,&quot;copyright&quot;:&quot;&quot;,&quot;focal_length&quot;:&quot;0&quot;,&quot;iso&quot;:&quot;0&quot;,&quot;shutter_speed&quot;:&quot;0&quot;,&quot;title&quot;:&quot;&quot;}\" data-image-title=\"Cartel de la convocatoria. Clic para ampliar.\" data-image-description=\"\" data-image-caption=\"&lt;p&gt;Cartel de la convocatoria. Clic para ampliar.&lt;\/p&gt;\n\" data-large-file=\"https:\/\/www.lashistorias.com.mx\/wp-content\/uploads\/2010\/03\/convocatoria-IX-662x1024.jpg\" src=\"https:\/\/www.lashistorias.com.mx\/wp-content\/uploads\/2010\/03\/convocatoria-IX-194x300.jpg\" alt=\"Cartel de la convocatoria. Clic para ampliar.\" title=\"Cartel de la convocatoria. Clic para ampliar.\" width=\"194\" height=\"300\" class=\"size-medium wp-image-6202\" srcset=\"https:\/\/www.lashistorias.com.mx\/wp-content\/uploads\/2010\/03\/convocatoria-IX-194x300.jpg 194w, https:\/\/www.lashistorias.com.mx\/wp-content\/uploads\/2010\/03\/convocatoria-IX-662x1024.jpg 662w, https:\/\/www.lashistorias.com.mx\/wp-content\/uploads\/2010\/03\/convocatoria-IX.jpg 792w\" sizes=\"auto, (max-width: 194px) 100vw, 194px\" \/><\/a><figcaption id=\"caption-attachment-6202\" class=\"wp-caption-text\">Cartel de la convocatoria. Clic para ampliar.<\/figcaption><\/figure><\/div>\n[\/fusion_builder_column][\/fusion_builder_row][\/fusion_builder_container]\n","protected":false},"excerpt":{"rendered":"<p>El concurso est\u00e1 abierto para escritores mexicanos, que pueden enviar trabajos hasta el 30 de abril. Las bases completas est\u00e1n en la nota.<\/p>\n","protected":false},"author":1,"featured_media":0,"comment_status":"open","ping_status":"open","sticky":false,"template":"","format":"standard","meta":{"advanced_seo_description":"","jetpack_seo_html_title":"","jetpack_seo_noindex":false,"jetpack_post_was_ever_published":false,"_jetpack_newsletter_access":"","_jetpack_dont_email_post_to_subs":true,"_jetpack_newsletter_tier_id":0,"_jetpack_memberships_contains_paywalled_content":false,"_jetpack_memberships_contains_paid_content":false,"footnotes":"","jetpack_publicize_message":"","jetpack_publicize_feature_enabled":true,"jetpack_social_post_already_shared":false,"jetpack_social_options":{"image_generator_settings":{"template":"highway","default_image_id":0,"font":"","enabled":false},"version":2}},"categories":[3],"tags":[1638,21,22,2855,1097],"class_list":["post-6200","post","type-post","status-publish","format-standard","hentry","category-lo-nuevo","tag-concursos-de-cuento","tag-convocatorias","tag-cuento","tag-literatura","tag-premio-juan-jose-arreola"],"jetpack_publicize_connections":[],"jetpack_featured_media_url":"","jetpack_shortlink":"https:\/\/wp.me\/pjEhq-1C0","jetpack_sharing_enabled":true,"_links":{"self":[{"href":"https:\/\/www.lashistorias.com.mx\/index.php\/wp-json\/wp\/v2\/posts\/6200","targetHints":{"allow":["GET"]}}],"collection":[{"href":"https:\/\/www.lashistorias.com.mx\/index.php\/wp-json\/wp\/v2\/posts"}],"about":[{"href":"https:\/\/www.lashistorias.com.mx\/index.php\/wp-json\/wp\/v2\/types\/post"}],"author":[{"embeddable":true,"href":"https:\/\/www.lashistorias.com.mx\/index.php\/wp-json\/wp\/v2\/users\/1"}],"replies":[{"embeddable":true,"href":"https:\/\/www.lashistorias.com.mx\/index.php\/wp-json\/wp\/v2\/comments?post=6200"}],"version-history":[{"count":7,"href":"https:\/\/www.lashistorias.com.mx\/index.php\/wp-json\/wp\/v2\/posts\/6200\/revisions"}],"predecessor-version":[{"id":12792,"href":"https:\/\/www.lashistorias.com.mx\/index.php\/wp-json\/wp\/v2\/posts\/6200\/revisions\/12792"}],"wp:attachment":[{"href":"https:\/\/www.lashistorias.com.mx\/index.php\/wp-json\/wp\/v2\/media?parent=6200"}],"wp:term":[{"taxonomy":"category","embeddable":true,"href":"https:\/\/www.lashistorias.com.mx\/index.php\/wp-json\/wp\/v2\/categories?post=6200"},{"taxonomy":"post_tag","embeddable":true,"href":"https:\/\/www.lashistorias.com.mx\/index.php\/wp-json\/wp\/v2\/tags?post=6200"}],"curies":[{"name":"wp","href":"https:\/\/api.w.org\/{rel}","templated":true}]}}