{"id":6185,"date":"2010-03-20T11:30:20","date_gmt":"2010-03-20T17:30:20","guid":{"rendered":"http:\/\/www.lashistorias.com.mx\/?p=6185"},"modified":"2016-10-26T10:22:18","modified_gmt":"2016-10-26T15:22:18","slug":"dos-escritores-chilenos-y-la-realidad","status":"publish","type":"post","link":"https:\/\/www.lashistorias.com.mx\/index.php\/dos-escritores-chilenos-y-la-realidad\/","title":{"rendered":"Dos escritores chilenos (y la realidad)"},"content":{"rendered":"<p>Le\u00ed parte del texto que sigue ayer, en la presentaci\u00f3n de <a href=\"http:\/\/diario.elmercurio.cl\/detalle\/index.asp?id={a2bdbea7-c01d-4377-8856-b0661784caa1}\">Nona Fern\u00e1ndez<\/a> y <a href=\"http:\/\/www.letras.s5.com\/archivomellado.htm\">Marcelo Mellado<\/a>, escritores chilenos, en la \u00faltima mesa del Encuentro Regeneraci\u00f3n, dedicado a promover en M\u00e9xico a autores y editoriales de ese pa\u00eds. Termin\u00e9 de escribir a las tres y media del viernes, mientras se abr\u00edan paso &#8211;estrictamente al margen de los grandes medios&#8211; las noticias de la <a href=\"http:\/\/www.jornada.unam.mx\/ultimas\/2010\/03\/19\/enfrentamiento-con-militares-deja-dos-sicarios-muertos-en-monterrey\">balacera de Monterrey<\/a>. Para mal, los hechos no dejan de atraves\u00e1rsenos.<br \/>\n&nbsp;&nbsp;&nbsp;&nbsp;&nbsp;&nbsp;El texto incluye algunos enlaces al trabajo de Fern\u00e1ndez y de Mellado, que les recomiendo. Ambos merecen m\u00e1s lectores fuera de su pa\u00eds y, mientras sus libros se reeditan ac\u00e1, estas muestras pueden resultar interesantes. Ambos, como el resto de sus compa\u00f1eros en el encuentro, son representantes de una literatura de lo m\u00e1s vivo.<\/p>\n<div align=center><img loading=\"lazy\" decoding=\"async\" data-attachment-id=\"6190\" data-permalink=\"https:\/\/www.lashistorias.com.mx\/index.php\/dos-escritores-chilenos-y-la-realidad\/mella2\/\" data-orig-file=\"https:\/\/www.lashistorias.com.mx\/wp-content\/uploads\/2010\/03\/mella2.jpg\" data-orig-size=\"132,329\" data-comments-opened=\"1\" data-image-meta=\"{&quot;aperture&quot;:&quot;0&quot;,&quot;credit&quot;:&quot;&quot;,&quot;camera&quot;:&quot;&quot;,&quot;caption&quot;:&quot;&quot;,&quot;created_timestamp&quot;:&quot;0&quot;,&quot;copyright&quot;:&quot;&quot;,&quot;focal_length&quot;:&quot;0&quot;,&quot;iso&quot;:&quot;0&quot;,&quot;shutter_speed&quot;:&quot;0&quot;,&quot;title&quot;:&quot;&quot;}\" data-image-title=\"mella2\" data-image-description=\"\" data-image-caption=\"\" data-large-file=\"https:\/\/www.lashistorias.com.mx\/wp-content\/uploads\/2010\/03\/mella2.jpg\" src=\"https:\/\/www.lashistorias.com.mx\/wp-content\/uploads\/2010\/03\/mella2.jpg\" alt=\"Marcelo Mellado. fuente: zona.cl\" title=\"Marcelo Mellado. fuente: zona.cl\" width=\"132\" height=\"329\" class=\"alignnone size-full wp-image-6190\" srcset=\"https:\/\/www.lashistorias.com.mx\/wp-content\/uploads\/2010\/03\/mella2.jpg 132w, https:\/\/www.lashistorias.com.mx\/wp-content\/uploads\/2010\/03\/mella2-120x300.jpg 120w\" sizes=\"auto, (max-width: 132px) 100vw, 132px\" \/><\/div>\n<blockquote><p>Seg\u00fan se nos dice, \u201clo real\u201d es una categor\u00eda cada vez m\u00e1s elusiva. Ya estar\u00eda para siempre un poco m\u00e1s all\u00e1 de todo lo que intentamos para aprehenderla. En cuanto a la ficci\u00f3n, la simple narrativa, ser\u00eda un arte burgu\u00e9s en franca decadencia, ya habr\u00eda demostrado que no puede m\u00e1s y estar\u00eda condenada a ceder terreno a la escritura hacia adentro: la indagaci\u00f3n en el yo, y en la lectura desde el yo, como maneras de aceptar esta derrota del lenguaje: de repensar o acotar lo real y dejarlo como la percepci\u00f3n de esos pocos fragmentos.<br \/>\n&nbsp;&nbsp;&nbsp;&nbsp;&nbsp;&nbsp;Por desgracia, todav\u00eda se nos atraviesan los hechos: hoy, por ejemplo, podremos escuchar aqu\u00ed algo del trabajo de dos narradores chilenos que siguen hablando de la realidad, tal cual, sin tantos asegunes y vacilaciones. No es para indignarse: algo que convencionalmente llam\u00e1bamos lo real sigue toc\u00e1ndonos, sacudi\u00e9ndonos, cay\u00e9ndonos encima, dispar\u00e1ndonos. Eso real sigue pesando. Por otra parte nosotros podemos seguir pes\u00e1ndolo: pens\u00e1ndolo. Tal vez hasta es in\u00fatil el esfuerzo general de contagiarlo de nuestra esquizofrenia y dividirlo en compartimientos: el yo por un lado, el otro por otro, lo artificial aqu\u00ed, lo tangible y lo intangible en ninguna parte. Todas esas otras etiquetas son invenciones que mantienen a raya algo todav\u00eda m\u00e1s enorme y m\u00e1s tremendo. Eso m\u00e1s tremendo se entrev\u00e9 en la obra de estos dos escritores.<br \/>\n&nbsp;&nbsp;&nbsp;&nbsp;&nbsp;&nbsp;Las ciudades \u2013donde se tocan las ideas universales y los fluidos corporales, la arquitectura y el caos, etc\u00e9tera\u2013 son un territorio en el que se puede a\u00fan bastante bien la que Marcelo Mellado ha llamado, en alg\u00fan texto, \u201cla medici\u00f3n de los otros pulsos de la vida despierta\u201d: la de todo lo que el otro extremo de la discusi\u00f3n, que es el del circo de los medios y de los pol\u00edticos, nos hace pasar por alto. Mellado y Nona Fern\u00e1ndez abordan la ciudad de diferentes formas.<br \/>\n&nbsp;&nbsp;&nbsp;&nbsp;&nbsp;&nbsp;La ciudad de Nona Fern\u00e1ndez es Santiago, transfigurada en un territorio que linda con el horror inexpresable de lo que se vive de veras pero tambi\u00e9n con lo fant\u00e1stico. Por ejemplo, en su novela <em><a href=\"http:\/\/encuentroregeneracion.com\/nona-fernandez-av-10-de-julio-huamachuco\/\">Av. 10 de julio Huamachuco<\/a><\/em>, Fern\u00e1ndez muestra algo del presente y de <a href=\"http:\/\/www.scielo.cl\/scielo.php?pid=S0718-22952004000100002&#038;script=sci_arttext\">la historia<\/a> de Chile en las \u00faltimas d\u00e9cadas mediante un pu\u00f1ado de personajes, sus recuerdos comunes y privados y sus actos nimios: ninguno es providencial, ninguno influye en casi nada y, si alguno llega a verse envuelto en los \u201cgrandes acontecimientos\u201d, siempre termina dej\u00e1ndolos atr\u00e1s. La trama del libro no parece muy distinta, al comienzo, de la de muchas novelas de melancol\u00eda y desencanto que se han escrito durante los \u00faltimos veinte a\u00f1os, pero poco a poco se convierte en otra cosa. Sus claves no son la decepci\u00f3n y el tedio sino <a href=\"http:\/\/revistacontrafuerte.wordpress.com\/2009\/03\/23\/dos-fragmentos-de-av-10-de-julio-huamachuco\/\">la violencia<\/a> y <a href=\"http:\/\/www.lasiega.org\/index.php?title=Nona_Fern%C3%A1ndez\">la memoria<\/a>: la forma en la que los recuerdos de lo m\u00e1s terrible nos hacen gestos desde todas partes y son los que impulsan nuestros esfuerzos por comprender el mundo y continuar en \u00e9l. En el Santiago de esta novela resulta haber un limbo, un lugar donde habitan los muertos antes de tiempo pero tambi\u00e9n los vivos que no saben que lo est\u00e1n; luego de leer, tal vez, nos damos cuenta de que al menos pertenecemos a uno de esos dos grupos.<br \/>\n&nbsp;&nbsp;&nbsp;&nbsp;&nbsp;&nbsp;Por su parte, Marcelo Mellado parece haber escrito toda su obra como para describirla con el t\u00edtulo de su libro <em>Armas arrojadizas<\/em>: sus textos son siempre <a href=\"http:\/\/www.educarchile.cl\/Portal.Base\/Web\/VerContenido.aspx?ID=201887\">proyectiles<\/a>, hechos para perforar la realidad m\u00e1s que para describirla, y m\u00e1s a\u00fan para <a href=\"http:\/\/encuentroregeneracion.com\/marcelo-mellado-hamelin\/\">perforarnos a nosotros<\/a>. Casi todos apuntan a los absurdos cotidianos de la vida urbana, a la tonter\u00eda de los que mandan y de los que no, y destruyen toda seguridad y toda complacencia. <a href=\"http:\/\/www.zona.cl\/historicos\/2008\/04\/23\/memorystick.asp\">Agresivo<\/a>, <a href=\"http:\/\/www.theclinic.cl\/author\/mellado\/\">cr\u00edtico<\/a>, incapaz de creerse los rituales de la cultura oficial y muy capaz de denunciarlos con humor, Mellado es uno de esos autores inc\u00f3modos que siempre hacen falta, y adem\u00e1s uno que sigue proponiendo una resistencia total: no s\u00f3lo una mirada sino una acci\u00f3n sobre el mundo, que en sus escritos est\u00e1 bien cerca y no deja nunca de tocar, de sacudir, de disparar, de caernos encima.\n<\/p><\/blockquote>\n<div align=center><img loading=\"lazy\" decoding=\"async\" data-attachment-id=\"6195\" data-permalink=\"https:\/\/www.lashistorias.com.mx\/index.php\/dos-escritores-chilenos-y-la-realidad\/nonafernandez\/\" data-orig-file=\"https:\/\/www.lashistorias.com.mx\/wp-content\/uploads\/2010\/03\/nonafernandez.jpg\" data-orig-size=\"200,200\" data-comments-opened=\"1\" data-image-meta=\"{&quot;aperture&quot;:&quot;0&quot;,&quot;credit&quot;:&quot;&quot;,&quot;camera&quot;:&quot;&quot;,&quot;caption&quot;:&quot;&quot;,&quot;created_timestamp&quot;:&quot;0&quot;,&quot;copyright&quot;:&quot;&quot;,&quot;focal_length&quot;:&quot;0&quot;,&quot;iso&quot;:&quot;0&quot;,&quot;shutter_speed&quot;:&quot;0&quot;,&quot;title&quot;:&quot;&quot;}\" data-image-title=\"Nona Fern\u00e1ndez. Fuente: lapollera.cl\" data-image-description=\"\" data-image-caption=\"\" data-large-file=\"https:\/\/www.lashistorias.com.mx\/wp-content\/uploads\/2010\/03\/nonafernandez.jpg\" src=\"https:\/\/www.lashistorias.com.mx\/wp-content\/uploads\/2010\/03\/nonafernandez.jpg\" alt=\"Nona Fern\u00e1ndez. Fuente: lapollera.cl\" title=\"Nona Fern\u00e1ndez. Fuente: lapollera.cl\" width=\"200\" height=\"200\" class=\"alignnone size-full wp-image-6195\" srcset=\"https:\/\/www.lashistorias.com.mx\/wp-content\/uploads\/2010\/03\/nonafernandez.jpg 200w, https:\/\/www.lashistorias.com.mx\/wp-content\/uploads\/2010\/03\/nonafernandez-150x150.jpg 150w\" sizes=\"auto, (max-width: 200px) 100vw, 200px\" \/><\/div>\n","protected":false},"excerpt":{"rendered":"<p>Le\u00ed parte del texto que sigue ayer, en la presentaci\u00f3n de Nona Fern\u00e1ndez y Marcelo Mellado, escritores chilenos, en la \u00faltima mesa del Encuentro Regeneraci\u00f3n, dedicado a promover en M\u00e9xico a autores y editoriales de ese pa\u00eds. Termin\u00e9 de escribir a las tres y media del viernes, mientras se abr\u00edan paso &#8211;estrictamente al margen de&#8230;<\/p>\n","protected":false},"author":1,"featured_media":0,"comment_status":"open","ping_status":"open","sticky":false,"template":"","format":"standard","meta":{"advanced_seo_description":"","jetpack_seo_html_title":"","jetpack_seo_noindex":false,"jetpack_post_was_ever_published":false,"_jetpack_newsletter_access":"","_jetpack_dont_email_post_to_subs":true,"_jetpack_newsletter_tier_id":0,"_jetpack_memberships_contains_paywalled_content":false,"_jetpack_memberships_contains_paid_content":false,"footnotes":"","jetpack_publicize_message":"","jetpack_publicize_feature_enabled":true,"jetpack_social_post_already_shared":false,"jetpack_social_options":{"image_generator_settings":{"template":"highway","default_image_id":0,"font":"","enabled":false},"version":2}},"categories":[1520],"tags":[22,25,1830,663,205,2855,1838,1833,10,11,12],"class_list":["post-6185","post","type-post","status-publish","format-standard","hentry","category-cuaderno","tag-cuento","tag-escritores","tag-escritores-chilenos","tag-escritores-latinoamericanos","tag-escritura-y-vida","tag-literatura","tag-marcelo-mellado","tag-nona-fernandez","tag-novela","tag-opiniones","tag-presentaciones"],"jetpack_publicize_connections":[],"jetpack_featured_media_url":"","jetpack_shortlink":"https:\/\/wp.me\/pjEhq-1BL","jetpack_sharing_enabled":true,"_links":{"self":[{"href":"https:\/\/www.lashistorias.com.mx\/index.php\/wp-json\/wp\/v2\/posts\/6185","targetHints":{"allow":["GET"]}}],"collection":[{"href":"https:\/\/www.lashistorias.com.mx\/index.php\/wp-json\/wp\/v2\/posts"}],"about":[{"href":"https:\/\/www.lashistorias.com.mx\/index.php\/wp-json\/wp\/v2\/types\/post"}],"author":[{"embeddable":true,"href":"https:\/\/www.lashistorias.com.mx\/index.php\/wp-json\/wp\/v2\/users\/1"}],"replies":[{"embeddable":true,"href":"https:\/\/www.lashistorias.com.mx\/index.php\/wp-json\/wp\/v2\/comments?post=6185"}],"version-history":[{"count":19,"href":"https:\/\/www.lashistorias.com.mx\/index.php\/wp-json\/wp\/v2\/posts\/6185\/revisions"}],"predecessor-version":[{"id":12791,"href":"https:\/\/www.lashistorias.com.mx\/index.php\/wp-json\/wp\/v2\/posts\/6185\/revisions\/12791"}],"wp:attachment":[{"href":"https:\/\/www.lashistorias.com.mx\/index.php\/wp-json\/wp\/v2\/media?parent=6185"}],"wp:term":[{"taxonomy":"category","embeddable":true,"href":"https:\/\/www.lashistorias.com.mx\/index.php\/wp-json\/wp\/v2\/categories?post=6185"},{"taxonomy":"post_tag","embeddable":true,"href":"https:\/\/www.lashistorias.com.mx\/index.php\/wp-json\/wp\/v2\/tags?post=6185"}],"curies":[{"name":"wp","href":"https:\/\/api.w.org\/{rel}","templated":true}]}}