{"id":602,"date":"2008-08-19T18:52:48","date_gmt":"2008-08-19T23:52:48","guid":{"rendered":"http:\/\/albertochimal.wordpress.com\/?p=352"},"modified":"2016-10-26T10:23:51","modified_gmt":"2016-10-26T15:23:51","slug":"aviso-veloz","status":"publish","type":"post","link":"https:\/\/www.lashistorias.com.mx\/index.php\/aviso-veloz\/","title":{"rendered":"Aviso veloz"},"content":{"rendered":"<p>Ma\u00f1ana mi\u00e9rcoles, a las 19:00, <a href=\"http:\/\/www.conaculta.gob.mx\/Cartelera\/lacartelera_result.php?id_act=1873&amp;id_disc=6\">presentaremos<\/a> el primer libro de mi amiga <a href=\"http:\/\/miscelaneah.blogspot.com\/\">Eugenia Robleda<\/a>: su t\u00edtulo es <em>Bosque dorado te\u00f1ido de sangre<\/em> y la cita es en el Centro Cultural Donceles 66, en el Centro Hist\u00f3rico. Moderar\u00e1 Antonio Barquet y estaremos Bef (quien <a href=\"http:\/\/monorama.ciudaddeblogs.com\/2008\/08\/18\/desde-algun-lugar-del-desierto-de-coahuila\/\">presentar\u00e1 su propio libro<\/a> al d\u00eda siguiente), Eugenia y yo. Ojal\u00e1 puedan estar ustedes tambi\u00e9n.<\/p>\n<p><span style=\"text-decoration:line-through;\">Muy pronto, m\u00e1s invitaciones.<\/span> Mejor de una vez: no s\u00f3lo ya est\u00e1 disponible la versi\u00f3n en l\u00ednea (y de acceso totalmente gratuito) de la antolog\u00eda <a href=\"http:\/\/www.piedepagina.com\/redux\/category\/especiales\/el-futuro-no-es-nuestro\/\"><em>El futuro no es nuestro<\/em><\/a> de Diego Trelles Paz, con <a href=\"http:\/\/www.piedepagina.com\/redux\/04\/08\/2008\/el-futuro-no-es-nuestro-2\/\">pr\u00f3logo<\/a> de \u00e9l mismo y <a href=\"http:\/\/www.piedepagina.com\/redux\/04\/08\/2008\/dinamitar-la-propiedad-ajena\/\">texto introductorio<\/a> de Naief Yehya: adem\u00e1s, se ha creado un <a href=\"http:\/\/elfuturonoesnuestro.blogspot.com\/\">blog de prensa<\/a> en el que se ir\u00e1n recogiendo las reacciones que provoque la colecci\u00f3n y sus posteriores versiones impresas. El prop\u00f3sito del libro [fusion_builder_container hundred_percent=\u00bbyes\u00bb overflow=\u00bbvisible\u00bb][fusion_builder_row][fusion_builder_column type=\u00bb1_1&#8243; background_position=\u00bbleft top\u00bb background_color=\u00bb\u00bb border_size=\u00bb\u00bb border_color=\u00bb\u00bb border_style=\u00bbsolid\u00bb spacing=\u00bbyes\u00bb background_image=\u00bb\u00bb background_repeat=\u00bbno-repeat\u00bb padding=\u00bb\u00bb margin_top=\u00bb0px\u00bb margin_bottom=\u00bb0px\u00bb class=\u00bb\u00bb id=\u00bb\u00bb animation_type=\u00bb\u00bb animation_speed=\u00bb0.3&#8243; animation_direction=\u00bbleft\u00bb hide_on_mobile=\u00bbno\u00bb center_content=\u00bbno\u00bb min_height=\u00bbnone\u00bb][desdoblado por el momento en bits y una promesa de impresiones por venir] es ofrecer una muestra de lo mejor de la narrativa joven de Am\u00e9rica Latina, superando el aislamiento y la insularidad en la que han ca\u00eddo las literaturas de nuestros pa\u00edses. La antolog\u00eda tiene trabajos de, entre muchos otros, los mexicanos Vivian Abenshushan, David Miklos, Antonio Ortu\u00f1o, Mari\u00f1o Gonz\u00e1lez y Tryno Maldonado.<\/p>\n<p>Cito el final del pr\u00f3logo de Trelles Paz:<\/p>\n<p><!--more--><\/p>\n<blockquote><p>(&#8230;) una de las preocupaciones fundamentales de esta promoci\u00f3n formada por muchos internautas que utilizan el soporte electr\u00f3nico -los blogs, las p\u00e1ginas personales, las redes de contacto, las presentaciones virtuales, los canales de se\u00f1al abierta, el correo electr\u00f3nico, etc.- para combatir el aislamiento editorial interno en el que est\u00e1 sumido la regi\u00f3n (la imposibilidad que tiene un ecuatoriano o un uruguayo para leer en un libro impreso a un paraguayo o a un guatemalteco), es recuperar ese intercambio activo con el lector que le otorga a la literatura su \u00fanico fuego pertinente.<\/p>\n<p>Ahora que el mundo observa imp\u00e1vido la reducci\u00f3n compulsiva de la lectura. Ahora que la letra escrita pierde espacio y se extiende el culto apocal\u00edptico y falso de la muerte de la imprenta. Ahora que las editoriales, los agentes y los escritores se ven en la necesidad de adaptarse con medias sonrisas a la l\u00f3gica pragm\u00e1tica del mercado (habr\u00eda que preguntarle al gran Cormac McCarthy (1933) -\u00eddolo de muchos de nosotros- qu\u00e9 es lo que realmente piensa de Oprah Winfrey). Ahora, finalmente, que \u201cel mayor peligro para la novela no es el culto de las im\u00e1genes (que obliga en demasiados sitios a s\u00f3lo considerar novela a la telenovela), ni el desd\u00e9n tecnol\u00f3gico por la letra escrita, ni siquiera la incomunicaci\u00f3n cultural entre los pa\u00edses latinoamericanos, sino la cat\u00e1strofe educativa, robustecida por el desplome de las econom\u00edas y el desprecio neoliberal por las humanidades\u201d, como se\u00f1ala Carlos Monsiv\u00e1is (1938), <em>El futuro no es nuestro<\/em> aspira a volver sobre los pasos iniciales del di\u00e1logo productivo, de la alianza germinal, del pacto maravilloso entre escritor y lector que forjaron la madurez y la modernidad en el proceso creativo como un asunto abierto, interactivo, y rec\u00edproco.<\/p>\n<p>Queremos que nos lean, s\u00ed, pero sin los incentivos ni condicionamientos extra literarios impuestos por los intereses del mercado que estigmatizan y simplifican nuestras propias diferencias. Queremos que nos lean, cierto, pero sin permitir que pongan sobre nuestros hombros ese pasado literario estupendo y, sin duda, formativo, de los escritores del boom, nuestros querid\u00edsimos monstruos del aprendizaje. No esperamos, finalmente, su benevolencia o delicadeza sino la complicidad y el inter\u00e9s sincero a la hora del viaje, placentero o pesadillesco, de vuestra lectura.<\/p>\n<p>La ventana est\u00e1 abierta ahora: sin onomatopeyas ni prefijos pegajosos. Sin el marketing de las estrellas de rock ni la pose del escritor ultra cool que mira-pero-no-mira el destello de los flashes, lo invitamos a asomar por nuestra peque\u00f1a casa rob\u00e1ndole el t\u00edtulo a una de las pel\u00edculas (del horror) del olvidado maestro ruso Elem Klimov (1933-2003):<\/p>\n<p><em>Come and see<\/em>, querido lector; ven y mira que aqu\u00ed estamos: de espaldas al futuro, narrando el derrumbe.<\/p><\/blockquote>\n[\/fusion_builder_column][\/fusion_builder_row][\/fusion_builder_container]\n","protected":false},"excerpt":{"rendered":"<p>Ma\u00f1ana mi\u00e9rcoles, a las 19:00, presentaremos el primer libro de mi amiga Eugenia Robleda: su t\u00edtulo es Bosque dorado te\u00f1ido de sangre y la cita es en el Centro Cultural Donceles 66, en el Centro Hist\u00f3rico. Moderar\u00e1 Antonio Barquet y estaremos Bef (quien presentar\u00e1 su propio libro al d\u00eda siguiente), Eugenia y yo. Ojal\u00e1 puedan&#8230;<\/p>\n","protected":false},"author":1,"featured_media":0,"comment_status":"open","ping_status":"open","sticky":false,"template":"","format":"standard","meta":{"advanced_seo_description":"","jetpack_seo_html_title":"","jetpack_seo_noindex":false,"jetpack_post_was_ever_published":false,"_jetpack_newsletter_access":"","_jetpack_dont_email_post_to_subs":true,"_jetpack_newsletter_tier_id":0,"_jetpack_memberships_contains_paywalled_content":false,"_jetpack_memberships_contains_paid_content":false,"footnotes":"","jetpack_publicize_message":"","jetpack_publicize_feature_enabled":true,"jetpack_social_post_already_shared":false,"jetpack_social_options":{"image_generator_settings":{"template":"highway","default_image_id":0,"font":"","enabled":false},"version":2}},"categories":[14],"tags":[17,54,55,611,570,639,133,137,650,25,662,663,666,6,2855,723,734,12,790,802],"class_list":["post-602","post","type-post","status-publish","format-standard","hentry","category-sin-clasificar","tag-amistades","tag-antologias","tag-antonio-ortuno","tag-bosque-dorado-tenido-de-sangre","tag-breves","tag-david-miklos","tag-diego-trelles-paz","tag-donceles-66","tag-el-futuro-no-es-nuestro","tag-escritores","tag-escritores-jovenes","tag-escritores-latinoamericanos","tag-eugenia-robleda","tag-general","tag-literatura","tag-marino-gonzalez","tag-naief-yehya","tag-presentaciones","tag-tierra-adentro","tag-vivian-abenshushan"],"jetpack_publicize_connections":[],"jetpack_featured_media_url":"","jetpack_shortlink":"https:\/\/wp.me\/pjEhq-9I","jetpack_sharing_enabled":true,"_links":{"self":[{"href":"https:\/\/www.lashistorias.com.mx\/index.php\/wp-json\/wp\/v2\/posts\/602","targetHints":{"allow":["GET"]}}],"collection":[{"href":"https:\/\/www.lashistorias.com.mx\/index.php\/wp-json\/wp\/v2\/posts"}],"about":[{"href":"https:\/\/www.lashistorias.com.mx\/index.php\/wp-json\/wp\/v2\/types\/post"}],"author":[{"embeddable":true,"href":"https:\/\/www.lashistorias.com.mx\/index.php\/wp-json\/wp\/v2\/users\/1"}],"replies":[{"embeddable":true,"href":"https:\/\/www.lashistorias.com.mx\/index.php\/wp-json\/wp\/v2\/comments?post=602"}],"version-history":[{"count":10,"href":"https:\/\/www.lashistorias.com.mx\/index.php\/wp-json\/wp\/v2\/posts\/602\/revisions"}],"predecessor-version":[{"id":12889,"href":"https:\/\/www.lashistorias.com.mx\/index.php\/wp-json\/wp\/v2\/posts\/602\/revisions\/12889"}],"wp:attachment":[{"href":"https:\/\/www.lashistorias.com.mx\/index.php\/wp-json\/wp\/v2\/media?parent=602"}],"wp:term":[{"taxonomy":"category","embeddable":true,"href":"https:\/\/www.lashistorias.com.mx\/index.php\/wp-json\/wp\/v2\/categories?post=602"},{"taxonomy":"post_tag","embeddable":true,"href":"https:\/\/www.lashistorias.com.mx\/index.php\/wp-json\/wp\/v2\/tags?post=602"}],"curies":[{"name":"wp","href":"https:\/\/api.w.org\/{rel}","templated":true}]}}