{"id":58,"date":"2006-04-12T07:27:11","date_gmt":"2006-04-12T13:27:11","guid":{"rendered":"http:\/\/www.lashistorias.com.mx\/blog\/?p=71"},"modified":"2016-10-26T10:25:01","modified_gmt":"2016-10-26T15:25:01","slug":"taller-literario-prejuicios","status":"publish","type":"post","link":"https:\/\/www.lashistorias.com.mx\/index.php\/taller-literario-prejuicios\/","title":{"rendered":"Taller literario: prejuicios"},"content":{"rendered":"<p>A la hora de escribir una narraci\u00f3n, y en especial de crear un personaje, los prejuicios pueden atravesarse sin que se d\u00e9 cuenta quien est\u00e1 escribiendo; cuando ocurra, el texto se alejar\u00e1 de su control y, en vez de revelar las virtudes de su creador o creadora, revelar\u00e1 sus carencias. Por ejemplo, una historia sobre gente pobre escrita por alguien que desprecie a la gente pobre puede tratar de ser \u00abobjetiva\u00bb, aun de \u00abmirar con simpat\u00eda\u00bb a sus personajes, y en realidad ser una serie de insultos disfrazados (mal disfrazados) y mostrar, m\u00e1s que la realidad de la pobreza, la idea de \u00e9sta que tiene alguien que no la ha experimentado ni se ha molestado en investigar sobre ella. John Gardner menciona un caso opuesto al referirse a <em>Las uvas de la ira<\/em> de John Steinbeck, quien describi\u00f3 con minuciosidad las complejidades y contradicciones de sus \u00abbuenos\u00bb (una comunidad de agricultores explotados) pero no hizo lo propio con sus \u00abmalos\u00bb.<br \/>\n(Recu\u00e9rdese tambi\u00e9n la declaraci\u00f3n de aquella funcionaria que, para defenderse de acusaciones de elitismo, dijo haber conocido la pobreza con los peones de sus haciendas, con quienes convivi\u00f3 tanto que le \u00abpasaron los piojos\u00bb.)<br \/>\nPor otro lado, tambi\u00e9n es posible integrar prejuicios en la construcci\u00f3n de un personaje, para volverlo m\u00e1s rico, m\u00e1s lleno de matices. Un ejercicio entre muchos posibles a partir de esta idea: <!--more--> hacer un breve parlamento en el que un personaje critique algo &#8211;un libro, el modo en que est\u00e1 pintada una pared, la forma de bailar de alguien&#8211; de modo que se note que quien habla desprecia al responsable de lo que critica pero <em>sin decirlo de manera expl\u00edcita<\/em>. El m\u00e9rito estar\u00e1 en que, pese a todo, salga a relucir el prejuicio como un rasgo del car\u00e1cter del personaje que habla. Para hacer m\u00e1s interesante el reto, una restricci\u00f3n: no se debe mencionar qui\u00e9n est\u00e1 haciendo la cr\u00edtica ni cu\u00e1l es exactamente su prejuicio.<br \/>\nUn gran ejemplo est\u00e1 en el comienzo del cuento  <a href=\"http:\/\/www.literatura.us\/borges\/pierre.html\" target=\"_blank\">\u00abPierre Menard, autor del Quijote\u00bb<\/a> de Jorge Luis Borges. En el texto, un personaje innominado quiere hacer homenaje a un escritor de su conocencia, recientemente muerto, y lamenta que algunos periodistas lo malinterpreten:<\/p>\n<blockquote><p>La obra visible que ha dejado este novelista es de f\u00e1cil y breve enumeraci\u00f3n. Son, por lo tanto, imperdonables las omisiones y adiciones perpetradas por madame Henri Bachelier en un cat\u00e1logo falaz que cierto diario cuya tendencia <em>protestante <\/em>no es un secreto ha tenido la desconsideraci\u00f3n de inferir a sus deplorables lectores \u2014si bien estos son pocos y calvinistas, cuando no masones y circuncisos.<\/p><\/blockquote>\n<p>Sin que el personaje deba decirlo de forma expl\u00edcita, su creador lo presenta como antiprotestante y antisemita (y, desde luego, Borges no era ninguna de las dos cosas). La invitaci\u00f3n, como siempre, es a que los interesados en hacer el ejercicio lo publiquen en sus bit\u00e1coras (y avisen) o bien aqu\u00ed mismo.<\/p>\n","protected":false},"excerpt":{"rendered":"<p>A la hora de escribir una narraci\u00f3n, y en especial de crear un personaje, los prejuicios pueden atravesarse sin que se d\u00e9 cuenta quien est\u00e1 escribiendo; cuando ocurra, el texto se alejar\u00e1 de su control y, en vez de revelar las virtudes de su creador o creadora, revelar\u00e1 sus carencias. Por ejemplo, una historia sobre&#8230;<\/p>\n","protected":false},"author":1,"featured_media":0,"comment_status":"open","ping_status":"open","sticky":false,"template":"","format":"standard","meta":{"advanced_seo_description":"","jetpack_seo_html_title":"","jetpack_seo_noindex":false,"jetpack_post_was_ever_published":false,"_jetpack_newsletter_access":"","_jetpack_dont_email_post_to_subs":true,"_jetpack_newsletter_tier_id":0,"_jetpack_memberships_contains_paywalled_content":false,"_jetpack_memberships_contains_paid_content":false,"footnotes":"","jetpack_publicize_message":"","jetpack_publicize_feature_enabled":true,"jetpack_social_post_already_shared":false,"jetpack_social_options":{"image_generator_settings":{"template":"highway","default_image_id":0,"font":"","enabled":false},"version":2}},"categories":[15],"tags":[89,314,349,435,436,447],"class_list":["post-58","post","type-post","status-publish","format-standard","hentry","category-taller-literario","tag-caracterizacion","tag-john-steinbeck","tag-las-uvas-de-la-ira","tag-personajes","tag-personalidad","tag-prejuicios"],"jetpack_publicize_connections":[],"jetpack_featured_media_url":"","jetpack_shortlink":"https:\/\/wp.me\/pjEhq-W","jetpack_sharing_enabled":true,"_links":{"self":[{"href":"https:\/\/www.lashistorias.com.mx\/index.php\/wp-json\/wp\/v2\/posts\/58","targetHints":{"allow":["GET"]}}],"collection":[{"href":"https:\/\/www.lashistorias.com.mx\/index.php\/wp-json\/wp\/v2\/posts"}],"about":[{"href":"https:\/\/www.lashistorias.com.mx\/index.php\/wp-json\/wp\/v2\/types\/post"}],"author":[{"embeddable":true,"href":"https:\/\/www.lashistorias.com.mx\/index.php\/wp-json\/wp\/v2\/users\/1"}],"replies":[{"embeddable":true,"href":"https:\/\/www.lashistorias.com.mx\/index.php\/wp-json\/wp\/v2\/comments?post=58"}],"version-history":[{"count":1,"href":"https:\/\/www.lashistorias.com.mx\/index.php\/wp-json\/wp\/v2\/posts\/58\/revisions"}],"predecessor-version":[{"id":13002,"href":"https:\/\/www.lashistorias.com.mx\/index.php\/wp-json\/wp\/v2\/posts\/58\/revisions\/13002"}],"wp:attachment":[{"href":"https:\/\/www.lashistorias.com.mx\/index.php\/wp-json\/wp\/v2\/media?parent=58"}],"wp:term":[{"taxonomy":"category","embeddable":true,"href":"https:\/\/www.lashistorias.com.mx\/index.php\/wp-json\/wp\/v2\/categories?post=58"},{"taxonomy":"post_tag","embeddable":true,"href":"https:\/\/www.lashistorias.com.mx\/index.php\/wp-json\/wp\/v2\/tags?post=58"}],"curies":[{"name":"wp","href":"https:\/\/api.w.org\/{rel}","templated":true}]}}