{"id":543,"date":"2008-08-01T09:00:54","date_gmt":"2008-08-01T14:00:54","guid":{"rendered":"http:\/\/albertochimal.wordpress.com\/?p=187"},"modified":"2016-10-26T10:23:51","modified_gmt":"2016-10-26T15:23:51","slug":"concurso-34","status":"publish","type":"post","link":"https:\/\/www.lashistorias.com.mx\/index.php\/concurso-34\/","title":{"rendered":"Concurso #34"},"content":{"rendered":"<p>Una vez m\u00e1s, <em>Las historias<\/em> convoca a su concurso mensual. Los interesados pueden comenzar observando esta imagen:<\/p>\n<p><img loading=\"lazy\" decoding=\"async\" data-attachment-id=\"643\" data-permalink=\"https:\/\/www.lashistorias.com.mx\/index.php\/concurso-34\/mar_0073b\/\" data-orig-file=\"https:\/\/www.lashistorias.com.mx\/wp-content\/uploads\/2008\/08\/mar_0073b.jpg\" data-orig-size=\"455,371\" data-comments-opened=\"1\" data-image-meta=\"{&quot;aperture&quot;:&quot;11&quot;,&quot;credit&quot;:&quot;&quot;,&quot;camera&quot;:&quot;NIKON D200&quot;,&quot;caption&quot;:&quot;&quot;,&quot;created_timestamp&quot;:&quot;1198608358&quot;,&quot;copyright&quot;:&quot;&quot;,&quot;focal_length&quot;:&quot;112&quot;,&quot;iso&quot;:&quot;400&quot;,&quot;shutter_speed&quot;:&quot;0.002&quot;,&quot;title&quot;:&quot;&quot;}\" data-image-title=\"&amp;#8211;\" data-image-description=\"\" data-image-caption=\"\" data-large-file=\"https:\/\/www.lashistorias.com.mx\/wp-content\/uploads\/2008\/08\/mar_0073b.jpg\" class=\"aligncenter size-full wp-image-643\" title=\"-\" src=\"https:\/\/www.lashistorias.com.mx\/wp-content\/uploads\/2008\/08\/mar_0073b.jpg\" alt=\"\" width=\"455\" height=\"371\" srcset=\"https:\/\/www.lashistorias.com.mx\/wp-content\/uploads\/2008\/08\/mar_0073b.jpg 455w, https:\/\/www.lashistorias.com.mx\/wp-content\/uploads\/2008\/08\/mar_0073b-300x244.jpg 300w\" sizes=\"auto, (max-width: 455px) 100vw, 455px\" \/><\/p>\n<div style=\"text-align:center;\"><img decoding=\"async\" class=\"aligncenter\" src=\"https:\/\/www.lashistorias.com.mx\/blog\/wp-content\/2008\/05\/mar_0073b.JPG\" alt=\"\" \/><\/div>\n<p><strong>Instrucciones:<\/strong><br \/>\n<em>1)<\/em> Suponer que esta imagen ilustra una historia.<br \/>\n<em>2)<\/em> Imaginar cu\u00e1l es esa historia: qu\u00e9 est\u00e1 pasando all\u00ed, qu\u00e9 momento se anuncia, por qu\u00e9, qui\u00e9nes est\u00e1n all\u00ed, qu\u00e9 hacen.<br \/>\n<em>3)<\/em> Escribir la historia, en forma de cuento brev\u00edsimo (minificci\u00f3n), en los comentarios de esta misma nota.<\/p>\n<p>El ganador de cada mes ser\u00e1 elegido tomando en cuenta la opini\u00f3n de quienes decidan opinar, y recibir\u00e1 un trofeo virtual. (Los concursantes deben dejar una direcci\u00f3n v\u00e1lida de correo electr\u00f3nico, para poder recibir su premio.) La fecha l\u00edmite para hacer propuestas es el 24 de agosto.<\/p>\n<p>Quedan invitados&#8230;<\/p>\n","protected":false},"excerpt":{"rendered":"<p>Una vez m\u00e1s, Las historias convoca a su concurso mensual. Los interesados pueden comenzar observando esta imagen: Instrucciones: 1) Suponer que esta imagen ilustra una historia. 2) Imaginar cu\u00e1l es esa historia: qu\u00e9 est\u00e1 pasando all\u00ed, qu\u00e9 momento se anuncia, por qu\u00e9, qui\u00e9nes est\u00e1n all\u00ed, qu\u00e9 hacen. 3) Escribir la historia, en forma de cuento&#8230;<\/p>\n","protected":false},"author":1,"featured_media":0,"comment_status":"open","ping_status":"open","sticky":false,"template":"","format":"standard","meta":{"advanced_seo_description":"","jetpack_seo_html_title":"","jetpack_seo_noindex":false,"jetpack_post_was_ever_published":false,"_jetpack_newsletter_access":"","_jetpack_dont_email_post_to_subs":true,"_jetpack_newsletter_tier_id":0,"_jetpack_memberships_contains_paywalled_content":false,"_jetpack_memberships_contains_paid_content":false,"footnotes":"","jetpack_publicize_message":"","jetpack_publicize_feature_enabled":true,"jetpack_social_post_already_shared":false,"jetpack_social_options":{"image_generator_settings":{"template":"highway","default_image_id":0,"font":"","enabled":false},"version":2}},"categories":[557],"tags":[18,2865,632,21,2855,397],"class_list":["post-543","post","type-post","status-publish","format-standard","hentry","category-concurso","tag-blogosfera","tag-concurso","tag-concurso-34","tag-convocatorias","tag-literatura","tag-minificcion"],"jetpack_publicize_connections":[],"jetpack_featured_media_url":"","jetpack_shortlink":"https:\/\/wp.me\/pjEhq-8L","jetpack_sharing_enabled":true,"_links":{"self":[{"href":"https:\/\/www.lashistorias.com.mx\/index.php\/wp-json\/wp\/v2\/posts\/543","targetHints":{"allow":["GET"]}}],"collection":[{"href":"https:\/\/www.lashistorias.com.mx\/index.php\/wp-json\/wp\/v2\/posts"}],"about":[{"href":"https:\/\/www.lashistorias.com.mx\/index.php\/wp-json\/wp\/v2\/types\/post"}],"author":[{"embeddable":true,"href":"https:\/\/www.lashistorias.com.mx\/index.php\/wp-json\/wp\/v2\/users\/1"}],"replies":[{"embeddable":true,"href":"https:\/\/www.lashistorias.com.mx\/index.php\/wp-json\/wp\/v2\/comments?post=543"}],"version-history":[{"count":6,"href":"https:\/\/www.lashistorias.com.mx\/index.php\/wp-json\/wp\/v2\/posts\/543\/revisions"}],"predecessor-version":[{"id":6501,"href":"https:\/\/www.lashistorias.com.mx\/index.php\/wp-json\/wp\/v2\/posts\/543\/revisions\/6501"}],"wp:attachment":[{"href":"https:\/\/www.lashistorias.com.mx\/index.php\/wp-json\/wp\/v2\/media?parent=543"}],"wp:term":[{"taxonomy":"category","embeddable":true,"href":"https:\/\/www.lashistorias.com.mx\/index.php\/wp-json\/wp\/v2\/categories?post=543"},{"taxonomy":"post_tag","embeddable":true,"href":"https:\/\/www.lashistorias.com.mx\/index.php\/wp-json\/wp\/v2\/tags?post=543"}],"curies":[{"name":"wp","href":"https:\/\/api.w.org\/{rel}","templated":true}]}}