{"id":5096,"date":"2010-03-04T10:18:58","date_gmt":"2010-03-04T16:18:58","guid":{"rendered":"http:\/\/www.lashistorias.com.mx\/?p=5096"},"modified":"2016-10-26T10:22:26","modified_gmt":"2016-10-26T15:22:26","slug":"porciones-del-4-de-marzo","status":"publish","type":"post","link":"https:\/\/www.lashistorias.com.mx\/index.php\/porciones-del-4-de-marzo\/","title":{"rendered":"Porciones del 4 de marzo"},"content":{"rendered":"<p><a href=\"http:\/\/blogs.elespectador.com\/lauragarcia\/2010\/02\/el-terremoto-de-chile\/\">Laura Garc\u00eda<\/a> env\u00eda desde Chile las siguientes solicitudes de ayuda para las v\u00edctimas del terremoto reciente:<\/p>\n<blockquote><p>La fundaci\u00f3n \u00abUn Techo para Chile\u00bb, habilit\u00f3 un enlace que permite hacer donaciones a trav\u00e9s de tarjeta de cr\u00e9dito de forma sencilla. Tambi\u00e9n se pueden hacer transferencias desde el extranjero en los n\u00fameros de cuenta que all\u00ed aparecen. Este es un medio de colaboraci\u00f3n seguro y expedito.<\/p>\n<p>Enlace: <a href=\"http:\/\/www.untechoparachile.cl\/?page_id=999\">http:\/\/www.untechoparachile.cl\/?page_id=999<\/a><\/p>\n<p>Las siguientes son otras cuentas y formas seguras y oficiales para colaborar con las v\u00edctimas del terremoto que afect\u00f3 a Chile:<\/p>\n<p>Cuenta Cruz Roja Chilena en Nueva York:<br \/>\nCuenta corriente N\u00ba 9941973331 C\u00f3digo ABA:021000089<\/p>\n<p>O a trav\u00e9s de esta p\u00e1gina:<br \/>\n<a href=\"http:\/\/chileayuda.com\/international-donations\/\">http:\/\/chileayuda.com\/international-donations\/<\/a><\/p><\/blockquote>\n<p>Se agradecer\u00e1 toda colaboraci\u00f3n, incluyendo la de difundir estos datos.<\/p>\n<div align=center><img loading=\"lazy\" decoding=\"async\" data-attachment-id=\"5104\" data-permalink=\"https:\/\/www.lashistorias.com.mx\/index.php\/porciones-del-4-de-marzo\/ohiggins\/\" data-orig-file=\"https:\/\/www.lashistorias.com.mx\/wp-content\/uploads\/2010\/03\/ohiggins.jpg\" data-orig-size=\"500,329\" data-comments-opened=\"1\" data-image-meta=\"{&quot;aperture&quot;:&quot;0&quot;,&quot;credit&quot;:&quot;&quot;,&quot;camera&quot;:&quot;&quot;,&quot;caption&quot;:&quot;&quot;,&quot;created_timestamp&quot;:&quot;0&quot;,&quot;copyright&quot;:&quot;&quot;,&quot;focal_length&quot;:&quot;0&quot;,&quot;iso&quot;:&quot;0&quot;,&quot;shutter_speed&quot;:&quot;0&quot;,&quot;title&quot;:&quot;&quot;}\" data-image-title=\"Da\u00f1os por los terremotos en Chile. Fuente: La Jornada\" data-image-description=\"\" data-image-caption=\"\" data-large-file=\"https:\/\/www.lashistorias.com.mx\/wp-content\/uploads\/2010\/03\/ohiggins.jpg\" src=\"https:\/\/www.lashistorias.com.mx\/wp-content\/uploads\/2010\/03\/ohiggins.jpg\" alt=\"Da\u00f1os por los terremotos en Chile. Fuente: La Jornada\" title=\"Da\u00f1os por los terremotos en Chile. Fuente: La Jornada\" width=\"500\" height=\"329\" class=\"alignnone size-full wp-image-5104\" srcset=\"https:\/\/www.lashistorias.com.mx\/wp-content\/uploads\/2010\/03\/ohiggins.jpg 500w, https:\/\/www.lashistorias.com.mx\/wp-content\/uploads\/2010\/03\/ohiggins-300x197.jpg 300w\" sizes=\"auto, (max-width: 500px) 100vw, 500px\" \/><\/p>\n<p>* * *<\/p><\/div>\n<p>A fines del a\u00f1o pasado respond\u00ed varias preguntas de \u00d3scar Alarc\u00f3n que han aparecido reci\u00e9n como <a href=\"http:\/\/abartraba.blogspot.com\/2010\/02\/alberto-chimal.html\">entrevista en el sitio <em>Abartraba<\/em><\/a>. Mis respuestas son opiniones diversas sobre literatura mexicana y otros temas. Varias de las preguntas de \u00d3scar ten\u00edan que ver con \u00abEl s\u00edndrome de Golo\u00bb, una rese\u00f1a extensa y desfavorable de mi novela <em>Los esclavos<\/em>, y de <em>Temporada de caza para el le\u00f3n negro<\/em> de Tryno Maldonado, publicada por Ignacio S\u00e1nchez Prado en un n\u00famero del a\u00f1o pasado (el 160) de la revista <em>Tierra Adentro<\/em>.<br \/>\n&nbsp;&nbsp;&nbsp;&nbsp;&nbsp;&nbsp;Cuando le contest\u00e9 a \u00d3scar s\u00f3lo hab\u00eda le\u00eddo fragmentos de esa rese\u00f1a. Y luego trat\u00e9, lo reconozco, de no leer m\u00e1s. Pero ayer, s\u00fabitamente, me encontr\u00e9 con otra cita de ella en <a href=\"http:\/\/criticabuap.blogspot.com\/2010\/03\/narrativa-joven.html\">este ensayo de Gabriel Wolfson<\/a> (publicado apenas en el n\u00famero 136 de la revista <em>Cr\u00edtica<\/em>). Wolfson desemboca en <em>Metaficciones<\/em> &#8211;un excelente libro de Rafael Toriz&#8211; pero busca polemizar con S\u00e1nchez Prado respecto del consabido tema de la \u00abgeneraci\u00f3n\u00bb de los setenta. No pude evitar leer entera la rese\u00f1a; me encontr\u00e9 con m\u00e1s del rollo que se ha venido repitiendo sobre el asunto (el texto termina as\u00ed: \u00abquiz\u00e1 no quede m\u00e1s remedio que esperar diez a\u00f1os y rezar a los dioses laicos del Ateneo que la generaci\u00f3n de los ochenta sea la que finalmente renueve la literatura mexicana\u00bb) y tambi\u00e9n con este pasaje:<\/p>\n<blockquote><p>(&#8230;) si uno tomara en serio, como postura ideol\u00f3gico-cultural, lo que estas novelas sostienen, estar\u00edamos frente a algo alarmante: una literatura reaccionaria, nihilista en el mejor de los casos, protofascista en el peor. \u00bfDe qu\u00e9 otra manera se podr\u00eda percibir tanto una novela, la de Chimal, donde la esclavitud sexual parece elevada a estatuto de filosof\u00eda literaria, u otra, la de Maldonado, donde el genio incomprendido de Golo se presenta como apolog\u00eda suficiente de su profunda inhumanidad?<br \/>\n&nbsp;&nbsp;&nbsp;&nbsp;&nbsp;&nbsp;Asimismo, cualquier lector entrenado en un m\u00ednimo de teor\u00eda de g\u00e9nero se da cuenta de que, detr\u00e1s de las descripciones gr\u00e1ficas de la penetraci\u00f3n anal, puede subyacer una ideolog\u00eda profundamente conservadora, donde el valor transgresivo y amoral asignado al deseo homosexual puede interpretarse como una homofobia de facto.<\/p><\/blockquote>\n<p>Me alegra que un cr\u00edtico literario inteligente como Wolfson discuta y cuestione el texto de S\u00e1nchez Prado. Como yo no soy cr\u00edtico literario s\u00f3lo dir\u00e9 que, para el caso, perfectamente puedo (tambi\u00e9n) no ser inteligente ni talentoso; puedo estar llamado al fracaso y al olvido y mis libros pueden ser mediocres. Desde luego que s\u00ed. Ah, y definitivamente no soy joven: cumplo cuarenta a\u00f1os en pocos meses.<br \/>\n&nbsp;&nbsp;&nbsp;&nbsp;&nbsp;&nbsp;Pero ni mis textos, ni yo, somos fascistas ni hom\u00f3fobos. Esos son insultos y sobre todo son mentiras.<\/p>\n<div align=center>* * *<\/div>\n<p>Hace muchos a\u00f1os vi una hermosa versi\u00f3n de <em>El maquinista de la General<\/em> (m\u00e1s propiamente, <em>La General<\/em>: el t\u00edtulo original es \u00e9se, <em>The General<\/em>) de Buster Keaton. La pel\u00edcula ven\u00eda precedida por una introducci\u00f3n, muy afectuosa y entra\u00f1able, de Orson Welles, y ten\u00eda una banda sonora de piano especialmente compuesta por William P. Perry. Luego prest\u00e9 el video y nunca me lo devolvieron.<br \/>\n&nbsp;&nbsp;&nbsp;&nbsp;&nbsp;&nbsp;Ahora he vuelto a encontrar esa versi\u00f3n, sin la introducci\u00f3n de Welles pero con intert\u00edtulos en espa\u00f1ol; es la que aparece enseguida. \u00bfTienen algo de tiempo? Acomp\u00e1\u00f1enme a ver una gran pel\u00edcula.<\/p>\n<p><em>parte 1<\/em><\/p>\n<p><em>parte 2<\/em><\/p>\n<div align=center>* * *<\/div>\n<p>Enlaces varios:<br \/>\n&nbsp;&nbsp;&nbsp;&nbsp;&nbsp;&nbsp;Tengo una columna en la revista <em><a href=\"http:\/\/www.chilango.com\">Chilango<\/a><\/em>: \u00abDimensi\u00f3n desconocida\u00bb, que este mes trata sobre leyendas urbanas e incluye c\u00f3mo crear una. Esta entrega se puede <a href=\"http:\/\/www.chilango.com\/general\/nota\/2010\/03\/01\/dimension-desconocida\">leer en l\u00ednea aqu\u00ed<\/a>.<br \/>\n&nbsp;&nbsp;&nbsp;&nbsp;&nbsp;&nbsp;<a href=\"http:\/\/www.palabrasmalditas.net\/portada\/literatura\/libros\/582-la-ciudad-imaginada.html\">Aqu\u00ed hay una rese\u00f1a<\/a> de <em>La ciudad imaginada<\/em> que Joaqu\u00edn Guill\u00e9n public\u00f3 en <em>Palabras malditas<\/em> y <a href=\"http:\/\/duendecallejeroelemental.blogspot.com\/2010\/03\/sobre-el-dolor-el-deseo-la-ficcion-y.html\">otra de <em>Los esclavos<\/em><\/a> (ese libro sucio y perverso) en el blog <em>La filia y fobia del Duende Callejero<\/em> de Agust\u00edn Galv\u00e1n.<br \/>\n&nbsp;&nbsp;&nbsp;&nbsp;&nbsp;&nbsp;Por \u00faltimo, <a href=\"http:\/\/www.6columnas.com\/2010\/01\/11\/entrevistaalbertochimal\/\">\u00e9sta es una entrevista<\/a> que me hizo Laura Garc\u00eda, de quien les habl\u00e9 arriba (y que escribi\u00f3, por cierto, <a href=\"http:\/\/blogs.elespectador.com\/lauragarcia\/2010\/02\/el-terremoto-de-chile\/\">esta cr\u00f3nica imprescindible<\/a> sobre los sismos de Chile).<br \/>\n&nbsp;&nbsp;&nbsp;&nbsp;&nbsp;&nbsp;Hasta despu\u00e9s&#8230;<\/p>\n","protected":false},"excerpt":{"rendered":"<p>Laura Garc\u00eda env\u00eda desde Chile las siguientes solicitudes de ayuda para las v\u00edctimas del terremoto reciente: La fundaci\u00f3n \u00abUn Techo para Chile\u00bb, habilit\u00f3 un enlace que permite hacer donaciones a trav\u00e9s de tarjeta de cr\u00e9dito de forma sencilla. Tambi\u00e9n se pueden hacer transferencias desde el extranjero en los n\u00fameros de cuenta que all\u00ed aparecen. Este&#8230;<\/p>\n","protected":false},"author":1,"featured_media":0,"comment_status":"open","ping_status":"open","sticky":false,"template":"","format":"standard","meta":{"advanced_seo_description":"","jetpack_seo_html_title":"","jetpack_seo_noindex":false,"jetpack_post_was_ever_published":false,"_jetpack_newsletter_access":"","_jetpack_dont_email_post_to_subs":true,"_jetpack_newsletter_tier_id":0,"_jetpack_memberships_contains_paywalled_content":false,"_jetpack_memberships_contains_paid_content":false,"footnotes":"","jetpack_publicize_message":"","jetpack_publicize_feature_enabled":true,"jetpack_social_post_already_shared":false,"jetpack_social_options":{"image_generator_settings":{"template":"highway","default_image_id":0,"font":"","enabled":false},"version":2}},"categories":[1520],"tags":[1798,1808,18,613,625,1791,2860,1802,114,1324,1805,1801,660,25,1496,1549,26,1790,8,1807,1792,1794,2855,1055,1796,1795,10,11,422,1799,1806,1800,1793,1797,567,980,1804,1809,790,533,16,1803],"class_list":["post-5096","post","type-post","status-publish","format-standard","hentry","category-cuaderno","tag-abartraba","tag-agustin-galvan","tag-blogosfera","tag-buster-keaton","tag-chilango","tag-chile","tag-cine","tag-cine-mudo","tag-critica","tag-cronica","tag-duende-callejero","tag-el-maquinista-de-la-general","tag-entrevistas","tag-escritores","tag-gabriel-wolfson","tag-generacion-de-los-setenta","tag-historia-y-testimonio","tag-ignacio-sanchez-prado","tag-internet","tag-joaquin-guillen","tag-laura-garcia","tag-leyendas-urbanas","tag-literatura","tag-los-esclavos","tag-mala-critica","tag-malhumor","tag-novela","tag-opiniones","tag-orson-welles","tag-oscar-alarcon","tag-palabras-malditas","tag-pascual-borzelli","tag-peticiones-de-ayuda","tag-polemicas","tag-resenas","tag-temporada-de-caza-para-el-leon-negro","tag-terremoto-en-chile","tag-the-general","tag-tierra-adentro","tag-tryno-maldonado","tag-video","tag-william-p-perry"],"jetpack_publicize_connections":[],"jetpack_featured_media_url":"","jetpack_shortlink":"https:\/\/wp.me\/pjEhq-1kc","jetpack_sharing_enabled":true,"_links":{"self":[{"href":"https:\/\/www.lashistorias.com.mx\/index.php\/wp-json\/wp\/v2\/posts\/5096","targetHints":{"allow":["GET"]}}],"collection":[{"href":"https:\/\/www.lashistorias.com.mx\/index.php\/wp-json\/wp\/v2\/posts"}],"about":[{"href":"https:\/\/www.lashistorias.com.mx\/index.php\/wp-json\/wp\/v2\/types\/post"}],"author":[{"embeddable":true,"href":"https:\/\/www.lashistorias.com.mx\/index.php\/wp-json\/wp\/v2\/users\/1"}],"replies":[{"embeddable":true,"href":"https:\/\/www.lashistorias.com.mx\/index.php\/wp-json\/wp\/v2\/comments?post=5096"}],"version-history":[{"count":21,"href":"https:\/\/www.lashistorias.com.mx\/index.php\/wp-json\/wp\/v2\/posts\/5096\/revisions"}],"predecessor-version":[{"id":5998,"href":"https:\/\/www.lashistorias.com.mx\/index.php\/wp-json\/wp\/v2\/posts\/5096\/revisions\/5998"}],"wp:attachment":[{"href":"https:\/\/www.lashistorias.com.mx\/index.php\/wp-json\/wp\/v2\/media?parent=5096"}],"wp:term":[{"taxonomy":"category","embeddable":true,"href":"https:\/\/www.lashistorias.com.mx\/index.php\/wp-json\/wp\/v2\/categories?post=5096"},{"taxonomy":"post_tag","embeddable":true,"href":"https:\/\/www.lashistorias.com.mx\/index.php\/wp-json\/wp\/v2\/tags?post=5096"}],"curies":[{"name":"wp","href":"https:\/\/api.w.org\/{rel}","templated":true}]}}