{"id":5032,"date":"2010-02-19T18:28:07","date_gmt":"2010-02-20T00:28:07","guid":{"rendered":"http:\/\/www.lashistorias.com.mx\/?p=5032"},"modified":"2016-10-26T10:22:27","modified_gmt":"2016-10-26T15:22:27","slug":"homenaje-a-esther-seligson-este-domingo","status":"publish","type":"post","link":"https:\/\/www.lashistorias.com.mx\/index.php\/homenaje-a-esther-seligson-este-domingo\/","title":{"rendered":"Homenaje a Esther Seligson, este domingo"},"content":{"rendered":"<p>El 8 de febrero muri\u00f3 la escritora mexicana Esther Seligson (1941-2010). Su obra no recibi\u00f3, mientras viv\u00eda, suficiente reconocimiento, a pesar de su calidad enorme. Aunque tarde para ella, tal vez la situaci\u00f3n comience a cambiar ahora. Por lo pronto, el Instituto Nacional de Bellas Artes invita a un homenaje este domingo 21 de febrero, a las 12:00 horas, en la Sala Manuel M. Ponce del Palacio de Bellas Artes (Ju\u00e1rez y Eje Central, en el Centro Hist\u00f3rico de la ciudad de M\u00e9xico). La entrada ser\u00e1 libre. Qu\u00e9 habr\u00e1 se describe en el bolet\u00edn:<\/p>\n<blockquote><p><strong>TODA LA LUZ&#8230; ESTHER SELIGSON:  <em>IN MEMORIAM<\/em><\/strong><\/p>\n<div align=center>[fusion_builder_container hundred_percent=\u00bbyes\u00bb overflow=\u00bbvisible\u00bb][fusion_builder_row][fusion_builder_column type=\u00bb1_1&#8243; background_position=\u00bbleft top\u00bb background_color=\u00bb\u00bb border_size=\u00bb\u00bb border_color=\u00bb\u00bb border_style=\u00bbsolid\u00bb spacing=\u00bbyes\u00bb background_image=\u00bb\u00bb background_repeat=\u00bbno-repeat\u00bb padding=\u00bb\u00bb margin_top=\u00bb0px\u00bb margin_bottom=\u00bb0px\u00bb class=\u00bb\u00bb id=\u00bb\u00bb animation_type=\u00bb\u00bb animation_speed=\u00bb0.3&#8243; animation_direction=\u00bbleft\u00bb hide_on_mobile=\u00bbno\u00bb center_content=\u00bbno\u00bb min_height=\u00bbnone\u00bb]<figure id=\"attachment_5033\" aria-describedby=\"caption-attachment-5033\" style=\"width: 400px\" class=\"wp-caption alignnone\"><img loading=\"lazy\" decoding=\"async\" data-attachment-id=\"5033\" data-permalink=\"https:\/\/www.lashistorias.com.mx\/index.php\/homenaje-a-esther-seligson-este-domingo\/estherseligson\/\" data-orig-file=\"https:\/\/www.lashistorias.com.mx\/wp-content\/uploads\/2010\/02\/estherseligson.jpg\" data-orig-size=\"400,270\" data-comments-opened=\"1\" data-image-meta=\"{&quot;aperture&quot;:&quot;0&quot;,&quot;credit&quot;:&quot;&quot;,&quot;camera&quot;:&quot;&quot;,&quot;caption&quot;:&quot;&quot;,&quot;created_timestamp&quot;:&quot;0&quot;,&quot;copyright&quot;:&quot;&quot;,&quot;focal_length&quot;:&quot;0&quot;,&quot;iso&quot;:&quot;0&quot;,&quot;shutter_speed&quot;:&quot;0&quot;,&quot;title&quot;:&quot;&quot;}\" data-image-title=\"Esther Seligson\" data-image-description=\"\" data-image-caption=\"&lt;p&gt;Esther Seligson. Foto: Rogelio Cu\u00e9llar&lt;\/p&gt;\n\" data-large-file=\"https:\/\/www.lashistorias.com.mx\/wp-content\/uploads\/2010\/02\/estherseligson.jpg\" src=\"https:\/\/www.lashistorias.com.mx\/wp-content\/uploads\/2010\/02\/estherseligson.jpg\" alt=\"Esther Seligson. Foto: Rogelio Cu\u00e9llar\" title=\"Esther Seligson\" width=\"400\" height=\"270\" class=\"size-full wp-image-5033\" srcset=\"https:\/\/www.lashistorias.com.mx\/wp-content\/uploads\/2010\/02\/estherseligson.jpg 400w, https:\/\/www.lashistorias.com.mx\/wp-content\/uploads\/2010\/02\/estherseligson-300x202.jpg 300w\" sizes=\"auto, (max-width: 400px) 100vw, 400px\" \/><figcaption id=\"caption-attachment-5033\" class=\"wp-caption-text\">Esther Seligson. Foto: Rogelio Cu\u00e9llar<\/figcaption><\/figure><\/div>\n<p><em>Lectura de Laura Almela y concierto de violoncello, a cargo de Jimena Gim\u00e9nez Cacho, basado en textos de la escritora, entre otras actividades<\/em><\/p>\n<p>El Consejo Nacional para la Cultura y las Artes y el Instituto Nacional de Bellas Artes organizan el homenaje <em>in memoriam<\/em> \u00abToda la luz&#8230; Esther Seligson\u00bb, lectura dramatizada y concierto de violoncelo a partir de la obra de la escritora e investigadora mexicana, quien falleciera el 8 de febrero de 2010 en la ciudad de M\u00e9xico, a los 69 a\u00f1os de edad.<\/p>\n<p>Seligson, Premio Xavier Villaurrutia en 1973 por su novela <em>Otros son los sue\u00f1os<\/em>, fue una mujer apasionada por los viajes, la literatura, los mitos y el conocimiento. Su obra entera intenta aprehender la fugacidad. Los temas recurrentes en su producci\u00f3n son los sue\u00f1os, la iluminaci\u00f3n como intensidad de la experiencia,  el l\u00edmite de la existencia, el tiempo, el lenguaje y la espiritualidad.<\/p>\n<p>La novela <em>Sed de mar<\/em> (1984), considerada como una de las mejores de la segunda mitad del siglo XX mexicano, ser\u00e1 el texto rector de este encuentro con la obra ya m\u00edtica de Esther Seligson, que tendr\u00e1 lugar el domingo 21 de febrero a las 12:00 horas, en la Sala Manuel M. Ponce del Palacio de Bellas Artes, con la participaci\u00f3n de Laura Almela (lectura), en compa\u00f1\u00eda de Jimena Gim\u00e9nez Cacho, quien ofrecer\u00e1 un concierto de violoncello. <em>Sed de mar<\/em> es descrita como una obra personal y mitol\u00f3gica, producto de una voz llegada de las profundidades del abismo del tiempo vivido. En ella se relata de forma epistolar la verdadera historia de Ulises y Pen\u00e9lope. Esta mujer confronta a Ulises en una larga carta escrita a lo largo de su ausencia donde hilvana todos los hilos del abandono, la nostalgia del cuerpo adorado, la juventud perdida, el enigma. En esta novela hablan todas las mujeres, incluyendo la misma Esther Seligson, pero sobre todo la propia Pen\u00e9lope.<\/p>\n<p>Por su parte, alumnos del Centro Universitario de Teatro de la Universidad Nacional Aut\u00f3noma de M\u00e9xico  (UNAM) &#8211;donde la autora del libro <em>El teatro, fest\u00edn ef\u00edmero<\/em>, imparti\u00f3 clases por m\u00e1s de 25 a\u00f1os&#8211;, llevar\u00e1n a cabo una lectura dramatizada de diversas obras de la poeta, ensayista, traductora  y cr\u00edtica literaria y teatral. Alguna vez Esther Seligson so\u00f1\u00f3 en ser bailarina, nada sorprendente pues de todas las artes la danza es la disciplina m\u00e1s fugaz. Ahora ella es pura luz y como la escritora citaba en su obra, \u201cDecir adi\u00f3s, avisan los poetas, es el m\u00e1s fuerte de los asideros, la medida mayor de la resistencia a separarse\u201d.<\/p>\n<p>La tambi\u00e9n experta del I Ching, del tarot, de la C\u00e1bala y de la astrolog\u00eda, empez\u00f3 a publicar a los 24 a\u00f1os de edad, en los <em>Cuadernos del viento<\/em> de Huberto Batis. Retrat\u00f3 la vida cultural a trav\u00e9s de sus art\u00edculos, traducciones y ensayos en revistas de la \u00e9poca como<em> Revista mexicana de literatura, Revista de Bellas Artes<\/em> y suplementos como el del peri\u00f3dico <em>El Heraldo de M\u00e9xico<\/em>, dirigido por Luis Spota.<\/p>\n<p>Esther Seligson deja una obra s\u00f3lida en publicaciones como <em>Tras la ventana de un \u00e1rbol, Otros son los sue\u00f1os, Tr\u00e1nsito del cuerpo, Luz de dos, De sue\u00f1os, presagios y otras voces; La morada en el tiempo, Indicios y quimeras, Imorfismos, Tr\u00edptico, Hebras, Rescoldos, Toda la luz, Jard\u00edn de infancia, Apuntes sobre Cioran, Simiente, Alba marina<\/em> y <em>A campo traviesa<\/em>, entre otras.<\/p><\/blockquote>\n<p>Su \u00faltimo libro fue la colecci\u00f3n de cuentos <em>Cicatrices<\/em>, publicada en 2009 por P\u00e1ramo Editores.[\/fusion_builder_column][\/fusion_builder_row][\/fusion_builder_container]\n","protected":false},"excerpt":{"rendered":"<p>El 8 de febrero muri\u00f3 la escritora mexicana Esther Seligson (1941-2010). Su obra no recibi\u00f3, mientras viv\u00eda, suficiente reconocimiento, a pesar de su calidad enorme. Aunque tarde para ella, tal vez la situaci\u00f3n comience a cambiar ahora. Por lo pronto, el Instituto Nacional de Bellas Artes invita a un homenaje este domingo 21 de febrero,&#8230;<\/p>\n","protected":false},"author":1,"featured_media":0,"comment_status":"open","ping_status":"open","sticky":false,"template":"","format":"standard","meta":{"advanced_seo_description":"","jetpack_seo_html_title":"","jetpack_seo_noindex":false,"jetpack_post_was_ever_published":false,"_jetpack_newsletter_access":"","_jetpack_dont_email_post_to_subs":true,"_jetpack_newsletter_tier_id":0,"_jetpack_memberships_contains_paywalled_content":false,"_jetpack_memberships_contains_paid_content":false,"footnotes":"","jetpack_publicize_message":"","jetpack_publicize_feature_enabled":true,"jetpack_social_post_already_shared":false,"jetpack_social_options":{"image_generator_settings":{"template":"highway","default_image_id":0,"font":"","enabled":false},"version":2}},"categories":[3],"tags":[185,25,207,1264,2855,939,1767],"class_list":["post-5032","post","type-post","status-publish","format-standard","hentry","category-lo-nuevo","tag-escritoras","tag-escritores","tag-esther-seligson","tag-homenajes","tag-literatura","tag-palacio-de-bellas-artes","tag-sala-manuel-m-ponce"],"jetpack_publicize_connections":[],"jetpack_featured_media_url":"","jetpack_shortlink":"https:\/\/wp.me\/pjEhq-1ja","jetpack_sharing_enabled":true,"_links":{"self":[{"href":"https:\/\/www.lashistorias.com.mx\/index.php\/wp-json\/wp\/v2\/posts\/5032","targetHints":{"allow":["GET"]}}],"collection":[{"href":"https:\/\/www.lashistorias.com.mx\/index.php\/wp-json\/wp\/v2\/posts"}],"about":[{"href":"https:\/\/www.lashistorias.com.mx\/index.php\/wp-json\/wp\/v2\/types\/post"}],"author":[{"embeddable":true,"href":"https:\/\/www.lashistorias.com.mx\/index.php\/wp-json\/wp\/v2\/users\/1"}],"replies":[{"embeddable":true,"href":"https:\/\/www.lashistorias.com.mx\/index.php\/wp-json\/wp\/v2\/comments?post=5032"}],"version-history":[{"count":10,"href":"https:\/\/www.lashistorias.com.mx\/index.php\/wp-json\/wp\/v2\/posts\/5032\/revisions"}],"predecessor-version":[{"id":12800,"href":"https:\/\/www.lashistorias.com.mx\/index.php\/wp-json\/wp\/v2\/posts\/5032\/revisions\/12800"}],"wp:attachment":[{"href":"https:\/\/www.lashistorias.com.mx\/index.php\/wp-json\/wp\/v2\/media?parent=5032"}],"wp:term":[{"taxonomy":"category","embeddable":true,"href":"https:\/\/www.lashistorias.com.mx\/index.php\/wp-json\/wp\/v2\/categories?post=5032"},{"taxonomy":"post_tag","embeddable":true,"href":"https:\/\/www.lashistorias.com.mx\/index.php\/wp-json\/wp\/v2\/tags?post=5032"}],"curies":[{"name":"wp","href":"https:\/\/api.w.org\/{rel}","templated":true}]}}