{"id":4915,"date":"2010-02-11T19:48:30","date_gmt":"2010-02-12T01:48:30","guid":{"rendered":"http:\/\/www.lashistorias.com.mx\/?p=4915"},"modified":"2016-10-26T10:22:31","modified_gmt":"2016-10-26T15:22:31","slug":"argumentos-ironicos","status":"publish","type":"post","link":"https:\/\/www.lashistorias.com.mx\/index.php\/argumentos-ironicos\/","title":{"rendered":"Argumentos ir\u00f3nicos"},"content":{"rendered":"<p>La iron\u00eda est\u00e1 de moda: lograr la discrepancia entre lo que se dice y lo que entiende de lo dicho es facil\u00edsimo, como sabe cualquiera que ha visto un episodio de <em>Los Simpson<\/em> o de las otras, incontables historias que utilizan el mismo recurso una y otra vez. Pero todav\u00eda sirve ensayarla para ver c\u00f3mo funciona.<\/p>\n<p>Un ejercicio posible: imaginar un argumento ir\u00f3nico (un solo p\u00e1rrafo es suficiente) en el que un personaje dado se propone con todas sus fuerzas hacer algo y logra, despu\u00e9s de mucho esfuerzo, exactamente lo contrario. Un ejemplo r\u00e1pido:<\/p>\n<blockquote><p>Un poeta dedica su vida y su obra (se tiene por alguien comprometido con las necesidades de su momento hist\u00f3rico) a la promoci\u00f3n de una ideolog\u00eda progresista. Crea una obra copiosa y encendida; recibe grandes honores, es favorito de mucha gente, y al morir es recordado&#8230; como el gran autor de la derecha: el m\u00e1s l\u00facido y apasionado defensor del conservadurismo. Eso es lo que sus lectores, que tanto lo quieren, ha encontrado siempre en sus textos.<\/p><\/blockquote>\n<p>La secci\u00f3n de comentarios queda abierta, como siempre, para las propuestas de los lectores.<\/p>\n<div align=center>[fusion_builder_container hundred_percent=\u00bbyes\u00bb overflow=\u00bbvisible\u00bb][fusion_builder_row][fusion_builder_column type=\u00bb1_1&#8243; background_position=\u00bbleft top\u00bb background_color=\u00bb\u00bb border_size=\u00bb\u00bb border_color=\u00bb\u00bb border_style=\u00bbsolid\u00bb spacing=\u00bbyes\u00bb background_image=\u00bb\u00bb background_repeat=\u00bbno-repeat\u00bb padding=\u00bb\u00bb margin_top=\u00bb0px\u00bb margin_bottom=\u00bb0px\u00bb class=\u00bb\u00bb id=\u00bb\u00bb animation_type=\u00bb\u00bb animation_speed=\u00bb0.3&#8243; animation_direction=\u00bbleft\u00bb hide_on_mobile=\u00bbno\u00bb center_content=\u00bbno\u00bb min_height=\u00bbnone\u00bb]<figure id=\"attachment_511\" aria-describedby=\"caption-attachment-511\" style=\"width: 300px\" class=\"wp-caption alignnone\"><a ref=\"magnificPopup\" href=\"https:\/\/www.lashistorias.com.mx\/wp-content\/uploads\/2008\/07\/vlcsnap-00009.jpg\"><img loading=\"lazy\" decoding=\"async\" data-attachment-id=\"511\" data-permalink=\"https:\/\/www.lashistorias.com.mx\/index.php\/cineclub-y-taller\/vlcsnap-00009\/\" data-orig-file=\"https:\/\/www.lashistorias.com.mx\/wp-content\/uploads\/2008\/07\/vlcsnap-00009.jpg\" data-orig-size=\"640,496\" data-comments-opened=\"1\" data-image-meta=\"{&quot;aperture&quot;:&quot;0&quot;,&quot;credit&quot;:&quot;&quot;,&quot;camera&quot;:&quot;&quot;,&quot;caption&quot;:&quot;&quot;,&quot;created_timestamp&quot;:&quot;0&quot;,&quot;copyright&quot;:&quot;&quot;,&quot;focal_length&quot;:&quot;0&quot;,&quot;iso&quot;:&quot;0&quot;,&quot;shutter_speed&quot;:&quot;0&quot;,&quot;title&quot;:&quot;&quot;}\" data-image-title=\"Dimensiones del di\u00e1logo (1982)\" data-image-description=\"&lt;p&gt;Escena de un corto de Jan Svankmajer: Dimensiones del di\u00e1logo (1982)&lt;\/p&gt;\n\" data-image-caption=\"&lt;p&gt;Dimensiones del di\u00e1logo (1982)&lt;\/p&gt;\n\" data-large-file=\"https:\/\/www.lashistorias.com.mx\/wp-content\/uploads\/2008\/07\/vlcsnap-00009.jpg\" src=\"https:\/\/www.lashistorias.com.mx\/wp-content\/uploads\/2008\/07\/vlcsnap-00009-300x232.jpg\" alt=\"Dimensiones del di\u00e1logo (1982)\" title=\"Dimensiones del di\u00e1logo (1982)\" width=\"300\" height=\"232\" class=\"size-medium wp-image-511\" srcset=\"https:\/\/www.lashistorias.com.mx\/wp-content\/uploads\/2008\/07\/vlcsnap-00009-300x232.jpg 300w, https:\/\/www.lashistorias.com.mx\/wp-content\/uploads\/2008\/07\/vlcsnap-00009.jpg 640w\" sizes=\"auto, (max-width: 300px) 100vw, 300px\" \/><\/a><figcaption id=\"caption-attachment-511\" class=\"wp-caption-text\">Dimensiones del di\u00e1logo (1982)<\/figcaption><\/figure><\/div>\n[\/fusion_builder_column][\/fusion_builder_row][\/fusion_builder_container]\n","protected":false},"excerpt":{"rendered":"<p>Un ejercicio de creaci\u00f3n de argumentos, con miras a hacer tramas de novelas o cuentos.<\/p>\n","protected":false},"author":1,"featured_media":0,"comment_status":"open","ping_status":"open","sticky":false,"template":"","format":"standard","meta":{"advanced_seo_description":"","jetpack_seo_html_title":"","jetpack_seo_noindex":false,"jetpack_post_was_ever_published":false,"_jetpack_newsletter_access":"","_jetpack_dont_email_post_to_subs":true,"_jetpack_newsletter_tier_id":0,"_jetpack_memberships_contains_paywalled_content":false,"_jetpack_memberships_contains_paid_content":false,"footnotes":"","jetpack_publicize_message":"","jetpack_publicize_feature_enabled":true,"jetpack_social_post_already_shared":false,"jetpack_social_options":{"image_generator_settings":{"template":"highway","default_image_id":0,"font":"","enabled":false},"version":2}},"categories":[15],"tags":[1729,1728,1730],"class_list":["post-4915","post","type-post","status-publish","format-standard","hentry","category-taller-literario","tag-argumentos","tag-creacion-de-tramas","tag-ironia"],"jetpack_publicize_connections":[],"jetpack_featured_media_url":"","jetpack_shortlink":"https:\/\/wp.me\/pjEhq-1hh","jetpack_sharing_enabled":true,"_links":{"self":[{"href":"https:\/\/www.lashistorias.com.mx\/index.php\/wp-json\/wp\/v2\/posts\/4915","targetHints":{"allow":["GET"]}}],"collection":[{"href":"https:\/\/www.lashistorias.com.mx\/index.php\/wp-json\/wp\/v2\/posts"}],"about":[{"href":"https:\/\/www.lashistorias.com.mx\/index.php\/wp-json\/wp\/v2\/types\/post"}],"author":[{"embeddable":true,"href":"https:\/\/www.lashistorias.com.mx\/index.php\/wp-json\/wp\/v2\/users\/1"}],"replies":[{"embeddable":true,"href":"https:\/\/www.lashistorias.com.mx\/index.php\/wp-json\/wp\/v2\/comments?post=4915"}],"version-history":[{"count":5,"href":"https:\/\/www.lashistorias.com.mx\/index.php\/wp-json\/wp\/v2\/posts\/4915\/revisions"}],"predecessor-version":[{"id":12803,"href":"https:\/\/www.lashistorias.com.mx\/index.php\/wp-json\/wp\/v2\/posts\/4915\/revisions\/12803"}],"wp:attachment":[{"href":"https:\/\/www.lashistorias.com.mx\/index.php\/wp-json\/wp\/v2\/media?parent=4915"}],"wp:term":[{"taxonomy":"category","embeddable":true,"href":"https:\/\/www.lashistorias.com.mx\/index.php\/wp-json\/wp\/v2\/categories?post=4915"},{"taxonomy":"post_tag","embeddable":true,"href":"https:\/\/www.lashistorias.com.mx\/index.php\/wp-json\/wp\/v2\/tags?post=4915"}],"curies":[{"name":"wp","href":"https:\/\/api.w.org\/{rel}","templated":true}]}}