{"id":4889,"date":"2010-01-31T22:09:38","date_gmt":"2010-02-01T04:09:38","guid":{"rendered":"http:\/\/www.lashistorias.com.mx\/?p=4889"},"modified":"2016-10-26T10:22:32","modified_gmt":"2016-10-26T15:22:32","slug":"presentacion-de-edificio-cuentos-de-ana-garcia-bergua","status":"publish","type":"post","link":"https:\/\/www.lashistorias.com.mx\/index.php\/presentacion-de-edificio-cuentos-de-ana-garcia-bergua\/","title":{"rendered":"Presentaci\u00f3n de <em>Edificio<\/em>: cuentos de Ana Garc\u00eda Bergua"},"content":{"rendered":"<p>Editorial P\u00e1ginas de Espuma y Colof\u00f3n invitan a la presentaci\u00f3n del libro <em>Edificio<\/em> de Ana Garc\u00eda Bergua, publicado por la editorial P\u00e1ginas de Espuma. La cita es el jueves 4 de febrero a las 19:00 horas en el Centro Cultural Espa\u00f1a (Guatemala 18, Centro Hist\u00f3rico, atr\u00e1s de la Catedral Metropolitana). Participar\u00e1n Jos\u00e9 de la Colina, Fabio Mor\u00e1bito y la autora. Yo iba a estar en la mesa y no podr\u00e9 (contra lo que deseaba), pero escrib\u00ed un texto para la presentaci\u00f3n. De \u00e9l adelanto solamente que el libro me parece extraordinario.<\/p>\n<div align=center><img loading=\"lazy\" decoding=\"async\" data-attachment-id=\"4890\" data-permalink=\"https:\/\/www.lashistorias.com.mx\/index.php\/presentacion-de-edificio-cuentos-de-ana-garcia-bergua\/edificio-portada\/\" data-orig-file=\"https:\/\/www.lashistorias.com.mx\/wp-content\/uploads\/2010\/01\/Edificio-portada.JPG\" data-orig-size=\"583,917\" data-comments-opened=\"1\" data-image-meta=\"{&quot;aperture&quot;:&quot;0&quot;,&quot;credit&quot;:&quot;&quot;,&quot;camera&quot;:&quot;&quot;,&quot;caption&quot;:&quot;&quot;,&quot;created_timestamp&quot;:&quot;0&quot;,&quot;copyright&quot;:&quot;&quot;,&quot;focal_length&quot;:&quot;0&quot;,&quot;iso&quot;:&quot;0&quot;,&quot;shutter_speed&quot;:&quot;0&quot;,&quot;title&quot;:&quot;&quot;}\" data-image-title=\"Edificio, de Ana Garc\u00eda Bergua\" data-image-description=\"\" data-image-caption=\"\" data-large-file=\"https:\/\/www.lashistorias.com.mx\/wp-content\/uploads\/2010\/01\/Edificio-portada.JPG\" src=\"https:\/\/www.lashistorias.com.mx\/wp-content\/uploads\/2010\/01\/Edificio-portada.JPG\" alt=\"Edificio, de Ana Garc\u00eda Bergua\" title=\"Edificio, de Ana Garc\u00eda Bergua\" width=\"583\" height=\"917\" class=\"alignnone size-full wp-image-4890\" srcset=\"https:\/\/www.lashistorias.com.mx\/wp-content\/uploads\/2010\/01\/Edificio-portada.JPG 583w, https:\/\/www.lashistorias.com.mx\/wp-content\/uploads\/2010\/01\/Edificio-portada-190x300.jpg 190w\" sizes=\"auto, (max-width: 583px) 100vw, 583px\" \/><\/div>\n<p><em>Edificio<\/em> es un conjunto de relatos sobre los habitantes de un edificio de departamentos, donde la historia de cada uno se entrevera con las de todos los otros y (de pronto, sorpresivamente) adquiere m\u00e1s de un sentido. Dice el bolet\u00edn: \u00abEstos cuentos (&#8230;) son un edificio mental, literario, armado con historias que siempre salen un poco de s\u00ed mismas para desembocar en otra parte, como ocurrir\u00eda si uno espiara por las ventanas e intentara descifrar qu\u00e9 mundo esconden los gestos de sus habitantes. Como muchos edificios, este puede estar en muchas partes, y sospechosamente sus espacios pueden variar de tama\u00f1o, o bien expandirse y contraerse en latidos, como sucede con las vidas de quienes pasan sus horas en ellos. Como le podr\u00eda pasar a cualquiera. Como quiz\u00e1s te pase a ti.\u00bb<\/p>\n<p>Ana Garc\u00eda Bergua (1960) estudi\u00f3 Letras Francesas y Escenograf\u00eda Teatral en la UNAM. Ha publicado las novelas <em>El umbral<\/em> (1993), <em>P\u00farpura <\/em>(1999), <em>Rosas Negras<\/em> (2004) e <em>Isla de bobos<\/em> (2007); los libros de relatos <em>El imaginador<\/em> (1996), <em>La confianza en los extra\u00f1os<\/em> (2002) y <em>Otra oportunidad para el se\u00f1or Balmand<\/em> (2004), as\u00ed como los libros de cr\u00f3nica <em>Postales desde el puerto<\/em> (1997) y <em>Pie de p\u00e1gina<\/em> (1997). Muchos de sus cuentos figuran en antolog\u00edas. En 1992 recibi\u00f3 la beca para J\u00f3venes Creadores del FONCA y en 2001 entr\u00f3 al Sistema Nacional de Creadores de la misma instituci\u00f3n. Desde 1987 hasta la fecha ha publicado cuentos y cr\u00f3nicas literarias en diversas publicaciones; su columna \u00abPaso a retirarme\u00bb aparece desde hace varios a\u00f1os en <em>La Jornada Semanal<\/em>.<\/p>\n<p><em>(Gracias a Paola Tinoco.)<\/em><\/p>\n","protected":false},"excerpt":{"rendered":"<p>El jueves 4, a las 19:00, en el Centro Cultural Espa\u00f1a.<\/p>\n","protected":false},"author":1,"featured_media":0,"comment_status":"open","ping_status":"open","sticky":false,"template":"","format":"standard","meta":{"advanced_seo_description":"","jetpack_seo_html_title":"","jetpack_seo_noindex":false,"jetpack_post_was_ever_published":false,"_jetpack_newsletter_access":"","_jetpack_dont_email_post_to_subs":true,"_jetpack_newsletter_tier_id":0,"_jetpack_memberships_contains_paywalled_content":false,"_jetpack_memberships_contains_paid_content":false,"footnotes":"","jetpack_publicize_message":"","jetpack_publicize_feature_enabled":true,"jetpack_social_post_already_shared":false,"jetpack_social_options":{"image_generator_settings":{"template":"highway","default_image_id":0,"font":"","enabled":false},"version":2}},"categories":[3],"tags":[47,570,1715,22,1714,215,322,2855,1086,12],"class_list":["post-4889","post","type-post","status-publish","format-standard","hentry","category-lo-nuevo","tag-ana-garcia-bergua","tag-breves","tag-centro-cultural-espana","tag-cuento","tag-edificio","tag-fabio-morabito","tag-jose-de-la-colina","tag-literatura","tag-paginas-de-espuma","tag-presentaciones"],"jetpack_publicize_connections":[],"jetpack_featured_media_url":"","jetpack_shortlink":"https:\/\/wp.me\/pjEhq-1gR","jetpack_sharing_enabled":true,"_links":{"self":[{"href":"https:\/\/www.lashistorias.com.mx\/index.php\/wp-json\/wp\/v2\/posts\/4889","targetHints":{"allow":["GET"]}}],"collection":[{"href":"https:\/\/www.lashistorias.com.mx\/index.php\/wp-json\/wp\/v2\/posts"}],"about":[{"href":"https:\/\/www.lashistorias.com.mx\/index.php\/wp-json\/wp\/v2\/types\/post"}],"author":[{"embeddable":true,"href":"https:\/\/www.lashistorias.com.mx\/index.php\/wp-json\/wp\/v2\/users\/1"}],"replies":[{"embeddable":true,"href":"https:\/\/www.lashistorias.com.mx\/index.php\/wp-json\/wp\/v2\/comments?post=4889"}],"version-history":[{"count":5,"href":"https:\/\/www.lashistorias.com.mx\/index.php\/wp-json\/wp\/v2\/posts\/4889\/revisions"}],"predecessor-version":[{"id":5528,"href":"https:\/\/www.lashistorias.com.mx\/index.php\/wp-json\/wp\/v2\/posts\/4889\/revisions\/5528"}],"wp:attachment":[{"href":"https:\/\/www.lashistorias.com.mx\/index.php\/wp-json\/wp\/v2\/media?parent=4889"}],"wp:term":[{"taxonomy":"category","embeddable":true,"href":"https:\/\/www.lashistorias.com.mx\/index.php\/wp-json\/wp\/v2\/categories?post=4889"},{"taxonomy":"post_tag","embeddable":true,"href":"https:\/\/www.lashistorias.com.mx\/index.php\/wp-json\/wp\/v2\/tags?post=4889"}],"curies":[{"name":"wp","href":"https:\/\/api.w.org\/{rel}","templated":true}]}}